{"id":304637,"date":"2025-12-24T08:30:47","date_gmt":"2025-12-24T08:30:47","guid":{"rendered":"https:\/\/www.europesays.com\/es\/304637\/"},"modified":"2025-12-24T08:30:47","modified_gmt":"2025-12-24T08:30:47","slug":"un-pilar-para-el-envejecimiento-saludable","status":"publish","type":"post","link":"https:\/\/www.europesays.com\/es\/304637\/","title":{"rendered":"un pilar para el envejecimiento saludable"},"content":{"rendered":"<p class=\"ft-text\">La campa\u00f1a arranc\u00f3 el 9 de octubre en las residencias de mayores, el 14 de octubre para el resto de la poblaci\u00f3n diana y, como en temporadas previas, <strong>la vacunaci\u00f3n se est\u00e1 llevando a cabo de forma descentralizada en los centros de atenci\u00f3n primaria y consultorios del Servicio de Salud del Principado<\/strong>, facilitando el acceso en zonas rurales o con menor densidad de poblaci\u00f3n.<\/p>\n<p class=\"ft-text\">En el caso de los residentes en centros sociosanitarios, la protecci\u00f3n reforzada cobra a\u00fan m\u00e1s relevancia. \u201cAdem\u00e1s de ser generalmente personas m\u00e1s fr\u00e1giles, est\u00e1n en un ambiente donde la circulaci\u00f3n del virus es mayor y existe mayor posibilidad de contagio. Es conocido que la institucionalizaci\u00f3n en centros sociosanitarios es un factor de riesgo de hospitalizaci\u00f3n por gripe\u201d, subraya <strong>Javier D\u00edez-Domingo<\/strong>, <strong>director del \u00c1rea de Investigaci\u00f3n en Vacunas del FISABIO, Valencia<\/strong>, sobre los cambios que se producen en el organismo con el paso del tiempo.<\/p>\n<p class=\"ft-text\">La fuerte incidencia de la gripe este invierno pone sobre la mesa la importancia de la vacunaci\u00f3n como estrategia de salud p\u00fablica para reducir hospitalizaciones, complicaciones graves y fallecimientos asociados al virus. Este a\u00f1o, <strong>el Ministerio de Sanidad ha rebajado, por segundo a\u00f1o consecutivo, la edad de recomendaci\u00f3n para la vacunaci\u00f3n en poblaci\u00f3n adulta a los 60 a\u00f1os<\/strong>, ampliando as\u00ed el grupo diana en base a la evidencia acumulada en las \u00faltimas temporadas. Una decisi\u00f3n que responde, seg\u00fan D\u00edez-Domingo, a los cambios que se producen en el organismo con el paso del tiempo.<\/p>\n<p><img decoding=\"async\" src=\"https:\/\/www.europesays.com\/es\/wp-content\/uploads\/2025\/12\/0f369367-134c-4e39-879f-5df4814d7aeb_alta-libre-aspect-ratio_default_0.jpg\" width=\"1200\" height=\"675\" alt=\"Campa\u00f1a de Vacunaci\u00f3n\" class=\"ft-helper-img-rd\" loading=\"lazy\"\/><\/p>\n<p class=\"ft-helper-fontColor-quaternary ft-helper-fontSize-body-S ft-helper-spacer-t-xxs\">Campa\u00f1a de Vacunaci\u00f3n  \/ SANOFI<\/p>\n<p class=\"ft-text\">\u201cA partir de los 50 a\u00f1os, la capacidad de defenderse de infecciones (inmunidad) va disminuyendo progresivamente. A esto se le a\u00f1ade que con la edad el n\u00famero de condiciones cr\u00f3nicas como diabetes, obesidad o enfermedad pulmonar cr\u00f3nica tambi\u00e9n va aumentando, y todos estos son factores de riesgo al tener gripe, ya que pueden agravarse y llevar a la hospitalizaci\u00f3n o incluso a la muerte\u201d, se\u00f1ala.<\/p>\n<p class=\"ft-text\">Asturias ha ido un paso m\u00e1s all\u00e1 en esta campa\u00f1a al <strong>incorporar la vacuna de alta dosis al calendario auton\u00f3mico para todas las personas de 80 a\u00f1os o m\u00e1s<\/strong>, as\u00ed como para mayores de 60 que viven en centros sociosanitarios. Una medida estrat\u00e9gica para proteger a los perfiles m\u00e1s vulnerables. \u201cLas personas mayores de 80 a\u00f1os, donde la inmunidad ya es muy baja, se benefician de una vacuna potenciada; al llevar m\u00e1s cantidad de ant\u00edgeno tiene un efecto reforzado sobre la inmunidad y se consigue una mejor respuesta a la vacuna\u201d, explica D\u00edez-Domingo.<\/p>\n<p class=\"ft-text\">La decisi\u00f3n de adoptar la vacuna de alta dosis en la comunidad se basa en la evidencia cient\u00edfica disponible. Seg\u00fan el estudio Flunity-HD, publicado en The Lancet, esta protecci\u00f3n ha demostrado una reducci\u00f3n adicional en hospitalizaciones por gripe superior al 30% frente a la dosis est\u00e1ndar en mayores de 65 a\u00f1os. Tambi\u00e9n se\u00f1ala descensos significativos en los ingresos por neumon\u00eda asociada a la gripe y en eventos cardiovasculares. El trabajo analiz\u00f3 casi medio mill\u00f3n de personas en varios pa\u00edses, incluyendo m\u00e1s de 130.000 participantes espa\u00f1oles a trav\u00e9s del ensayo GALFLU llevado a cabo en Galicia.<\/p>\n<p>Vacunaci\u00f3n y envejecimiento saludable<\/p>\n<p class=\"ft-text\">Los especialistas recuerdan que <strong>la vacunaci\u00f3n antigripal es uno de los h\u00e1bitos m\u00e1s recomendados para promover un envejecimiento saludable<\/strong>. A partir de los 60 a\u00f1os, una gripe moderada o grave puede tener consecuencias que se prolongan m\u00e1s all\u00e1 de la fase aguda. \u201cUna gripe grave en esta edad hace que se pierda el estado de salud a medio plazo; las personas mayores de 60 a\u00f1os pueden tardar meses en recuperar su funci\u00f3n vital tras la enfermedad, lo que lleva a una p\u00e9rdida sustancial de calidad de vida\u201d, advierte D\u00edez-Domingo. Por ello, insiste, \u201cun objetivo de salud importante actualmente es cumplir a\u00f1os con buena calidad de vida, y mediante la vacunaci\u00f3n conseguimos disminuir el n\u00famero de gripes graves y evitar ese deterioro\u201d.<\/p>\n<p><img decoding=\"async\" src=\"https:\/\/www.europesays.com\/es\/wp-content\/uploads\/2025\/12\/227f3cbb-0da0-446f-aac9-62719ddbfbbe_alta-libre-aspect-ratio_default_0.jpg\" width=\"1200\" height=\"800\" alt=\"Envecimiento saludable\" class=\"ft-helper-img-rd\" loading=\"lazy\"\/><\/p>\n<p class=\"ft-helper-fontColor-quaternary ft-helper-fontSize-body-S ft-helper-spacer-t-xxs\">Envecimiento saludable  \/ SANOFI<\/p>\n<p class=\"ft-text\">Desde el \u00e1mbito europeo, el Consejo Europeo se\u00f1ala la vacunaci\u00f3n como una de las herramientas m\u00e1s efectivas y coste-efectivas de salud p\u00fablica. En Espa\u00f1a, la recomendaci\u00f3n para la temporada 2025-2026 se dirige, adem\u00e1s de a <strong>la poblaci\u00f3n a partir de 60 a\u00f1os, a ni\u00f1os de 6 a 59 meses, embarazadas, personas con enfermedades cr\u00f3nicas o inmunosupresi\u00f3n y profesionales sanitarios y sociosanitarios.<\/strong><\/p>\n<p class=\"ft-text\">Para cumplir con el objetivo del 75% de cobertura fijado por el Ministerio de Sanidad a partir de los 60 a\u00f1os, los datos de cierre del Grip\u00f3metro 2024-2025, el estudio demogr\u00e1fico que elabora cada temporada Sanofi, muestran que <strong>a\u00fan existe margen de mejora<\/strong>. La campa\u00f1a de vacunaci\u00f3n de la temporada anterior cerr\u00f3 con una cobertura del 64,9% en mayores de 65 a\u00f1os y el 35,3% en el grupo de 60 a 64 a escala estatal. En Asturias, las cifras fueron similares: 63,4% y 33,3%, respectivamente.<\/p>\n","protected":false},"excerpt":{"rendered":"La campa\u00f1a arranc\u00f3 el 9 de octubre en las residencias de mayores, el 14 de octubre para el&hellip;\n","protected":false},"author":2,"featured_media":304638,"comment_status":"","ping_status":"","sticky":false,"template":"","format":"standard","meta":{"footnotes":""},"categories":[92],"tags":[56459,1770,1053,7993,25,24,7749,165,12365,8669,696,166,23,7589],"class_list":{"0":"post-304637","1":"post","2":"type-post","3":"status-publish","4":"format-standard","5":"has-post-thumbnail","7":"category-salud","8":"tag-antigripal","9":"tag-asturias","10":"tag-domingo","11":"tag-envejecimiento","12":"tag-es","13":"tag-espana","14":"tag-gripe","15":"tag-health","16":"tag-personas-mayores","17":"tag-pilar","18":"tag-poblacion","19":"tag-salud","20":"tag-spain","21":"tag-vacunacion"},"share_on_mastodon":{"url":"https:\/\/pubeurope.com\/@es\/115773617226444048","error":""},"_links":{"self":[{"href":"https:\/\/www.europesays.com\/es\/wp-json\/wp\/v2\/posts\/304637","targetHints":{"allow":["GET"]}}],"collection":[{"href":"https:\/\/www.europesays.com\/es\/wp-json\/wp\/v2\/posts"}],"about":[{"href":"https:\/\/www.europesays.com\/es\/wp-json\/wp\/v2\/types\/post"}],"author":[{"embeddable":true,"href":"https:\/\/www.europesays.com\/es\/wp-json\/wp\/v2\/users\/2"}],"replies":[{"embeddable":true,"href":"https:\/\/www.europesays.com\/es\/wp-json\/wp\/v2\/comments?post=304637"}],"version-history":[{"count":0,"href":"https:\/\/www.europesays.com\/es\/wp-json\/wp\/v2\/posts\/304637\/revisions"}],"wp:featuredmedia":[{"embeddable":true,"href":"https:\/\/www.europesays.com\/es\/wp-json\/wp\/v2\/media\/304638"}],"wp:attachment":[{"href":"https:\/\/www.europesays.com\/es\/wp-json\/wp\/v2\/media?parent=304637"}],"wp:term":[{"taxonomy":"category","embeddable":true,"href":"https:\/\/www.europesays.com\/es\/wp-json\/wp\/v2\/categories?post=304637"},{"taxonomy":"post_tag","embeddable":true,"href":"https:\/\/www.europesays.com\/es\/wp-json\/wp\/v2\/tags?post=304637"}],"curies":[{"name":"wp","href":"https:\/\/api.w.org\/{rel}","templated":true}]}}