{"id":304649,"date":"2025-12-24T08:49:09","date_gmt":"2025-12-24T08:49:09","guid":{"rendered":"https:\/\/www.europesays.com\/es\/304649\/"},"modified":"2025-12-24T08:49:09","modified_gmt":"2025-12-24T08:49:09","slug":"terremoto-en-el-golf-koepka-se-marcha-de-liv","status":"publish","type":"post","link":"https:\/\/www.europesays.com\/es\/304649\/","title":{"rendered":"Terremoto en el golf: Koepka se marcha de LIV"},"content":{"rendered":"<p class=\"\"><b>Al LIV Golf,<\/b> el circuito saud\u00ed de golf que re\u00fane a varias de las grandes figuras de este deporte como el espa\u00f1ol Jon Rahm, <b>se le acumulan los problemas<\/b> en este tramo final de temporada 2026 y este martes la competici\u00f3n ha recibido una dura noticia que, quien sabe, si puede marcar el futuro de la competici\u00f3n:<b> la salida de uno de sus grandes competidores, el estadounidense Brooks Koepka.<\/b><\/p>\n<p class=\"\"><b>Koepka, de 35 a\u00f1os y doble ganador del US Open de Golf y tricampe\u00f3n del PGA Championship, ha anunciado por medio de sus representantes que deja el LIV Golf con efecto inmediato<\/b>. En el comunicado donde ha explicado las razones para esta salida, los representantes de Koepka se\u00f1alan que \u201cla familia siempre ha guiado las decisiones de Brooks y \u00e9l siente que ahora es el momento para pasar m\u00e1s tiempo en casa\u201d.<\/p>\n<p class=\"\">Una salida sobre la que tambi\u00e9n se pronunciaron desde el LIV Golf, donde el director ejecutivo de la competici\u00f3n,<b> Scott O\u2019Neil, se\u00f1al\u00f3 que se hab\u00eda producido de forma \u201camistosa y mutuamente acordada\u201d<\/b> y recalc\u00f3 \u201cel importante impacto que Brooks ha tenido en el golf y le deseamos que siga teniendo \u00e9xito tanto dentro como fuera del campo\u201d<\/p>\n<p class=\"\">La salida de Koepka supone una gran victoria para el PGA Tour, que poco despu\u00e9s de conocerse la salida de Koepka del LIV Golf emiti\u00f3 un comunicado celebrando la decisi\u00f3n del golfista y esperando su regreso al circuito. <b>\u201cBrooks Koepka es un profesional muy exitoso<\/b> y le deseamos a \u00e9l y a su familia un \u00e9xito continuo.<b> El PGA TOUR contin\u00faa ofreciendo a los mejores golfistas profesionales el entorno m\u00e1s competitivo<\/b>, desafiante y lucrativo para alcanzar la grandeza\u201d.<\/p>\n<p>Noticias relacionadas<\/p>\n<p class=\"\">De momento se desconoce cu\u00e1l ser\u00e1 la decisi\u00f3n final de un Koepka que, con su salida del LIV Golf, ha provocado un terremoto en el circuito saud\u00ed.<\/p>\n<p class=\"\"><b>\u00a1Tus opiniones importan!<\/b> Comenta en los art\u00edculos y suscr\u00edbete gratis a nuestra <a href=\"https:\/\/asfan.as.com\/newsletters\/\" target=\"_blank\" rel=\"nofollow noopener\" title=\"https:\/\/asfan.as.com\/newsletters\/\">newsletter<\/a> y a las alertas informativas en la <a href=\"https:\/\/as.com\/aplicacion-de-as-n\/\" target=\"_blank\" rel=\"nofollow noopener\" title=\"https:\/\/as.com\/aplicacion-de-as-n\/\">App<\/a> o el canal de <a href=\"https:\/\/www.whatsapp.com\/channel\/0029VaAasdA7j6g745nz9M10\" target=\"_blank\" rel=\"nofollow noopener\" title=\"https:\/\/www.whatsapp.com\/channel\/0029VaAasdA7j6g745nz9M10\">WhatsApp<\/a>. \u00bfBuscas licenciar contenido? Haz clic <a href=\"https:\/\/profesional.elpais.com\/soluciones-sindicacion?utm_medium=interno&amp;utm_source=crosslinking&amp;utm_campaign=sindicacion_as_pie_articulos\" target=\"_blank\" rel=\"nofollow noopener\" title=\"https:\/\/profesional.elpais.com\/soluciones-sindicacion?utm_medium=interno&amp;utm_source=crosslinking&amp;utm_campaign=sindicacion_as_pie_articulos\">aqu\u00ed<\/a><\/p>\n","protected":false},"excerpt":{"rendered":"Al LIV Golf, el circuito saud\u00ed de golf que re\u00fane a varias de las grandes figuras de este&hellip;\n","protected":false},"author":2,"featured_media":304650,"comment_status":"","ping_status":"","sticky":false,"template":"","format":"standard","meta":{"footnotes":""},"categories":[275],"tags":[168,25,24,329,23,167],"class_list":{"0":"post-304649","1":"post","2":"type-post","3":"status-publish","4":"format-standard","5":"has-post-thumbnail","7":"category-golf","8":"tag-deportes","9":"tag-es","10":"tag-espana","11":"tag-golf","12":"tag-spain","13":"tag-sports"},"share_on_mastodon":{"url":"https:\/\/pubeurope.com\/@es\/115773686643510941","error":""},"_links":{"self":[{"href":"https:\/\/www.europesays.com\/es\/wp-json\/wp\/v2\/posts\/304649","targetHints":{"allow":["GET"]}}],"collection":[{"href":"https:\/\/www.europesays.com\/es\/wp-json\/wp\/v2\/posts"}],"about":[{"href":"https:\/\/www.europesays.com\/es\/wp-json\/wp\/v2\/types\/post"}],"author":[{"embeddable":true,"href":"https:\/\/www.europesays.com\/es\/wp-json\/wp\/v2\/users\/2"}],"replies":[{"embeddable":true,"href":"https:\/\/www.europesays.com\/es\/wp-json\/wp\/v2\/comments?post=304649"}],"version-history":[{"count":0,"href":"https:\/\/www.europesays.com\/es\/wp-json\/wp\/v2\/posts\/304649\/revisions"}],"wp:featuredmedia":[{"embeddable":true,"href":"https:\/\/www.europesays.com\/es\/wp-json\/wp\/v2\/media\/304650"}],"wp:attachment":[{"href":"https:\/\/www.europesays.com\/es\/wp-json\/wp\/v2\/media?parent=304649"}],"wp:term":[{"taxonomy":"category","embeddable":true,"href":"https:\/\/www.europesays.com\/es\/wp-json\/wp\/v2\/categories?post=304649"},{"taxonomy":"post_tag","embeddable":true,"href":"https:\/\/www.europesays.com\/es\/wp-json\/wp\/v2\/tags?post=304649"}],"curies":[{"name":"wp","href":"https:\/\/api.w.org\/{rel}","templated":true}]}}