{"id":304659,"date":"2025-12-24T08:56:30","date_gmt":"2025-12-24T08:56:30","guid":{"rendered":"https:\/\/www.europesays.com\/es\/304659\/"},"modified":"2025-12-24T08:56:30","modified_gmt":"2025-12-24T08:56:30","slug":"not-vital-el-artista-que-crea-esculturas-habitables-en-los-alpes-suizos-cuando-una-obra-se-convierte-en-un-espacio-en-el-que-puedes-entrar-no-es-ni-escultura-ni-arquitectura-sino-ambas","status":"publish","type":"post","link":"https:\/\/www.europesays.com\/es\/304659\/","title":{"rendered":"Not Vital, el artista que crea esculturas habitables en los Alpes suizos: \u201cCuando una obra se convierte en un espacio en el que puedes entrar, no es ni escultura ni arquitectura, sino ambas\u201d"},"content":{"rendered":"<p><strong>Not Vital, el artista n\u00f3mada que siempre vuelve a la Engadina, en los Alpes suizos<\/strong><\/p>\n<p>Siempre n\u00f3madas del tiempo y el espacio, los randulins, familias de la regi\u00f3n en los <a href=\"https:\/\/www.revistaad.es\/articulos\/ni-chale-ni-refugio-de-montana-una-casa-de-madera-atipica-en-los-alpes\" rel=\"nofollow noopener\" target=\"_blank\">Alpes suizos<\/a> de la Engadina que migraban hacia Italia en busca de fortuna, regresaban cada verano, como las golondrinas, a los pueblos de monta\u00f1a, llevando consigo historias, ra\u00edces y deseos. As\u00ed ha sido tambi\u00e9n para <a data-offer-url=\"https:\/\/notvital.com\/en\" class=\"external-link\" data-event-click=\"{&quot;element&quot;:&quot;ExternalLink&quot;,&quot;outgoingURL&quot;:&quot;https:\/\/notvital.com\/en&quot;}\" href=\"https:\/\/notvital.com\/en\" rel=\"nofollow noopener\" target=\"_blank\">Not Vita<\/a>l, <strong>un visionario del arte y de la arquitectura nacido en 1948 en Sent, en el seno de una familia de comerciantes de madera.<\/strong> De ni\u00f1o aprendi\u00f3 que \u201ctienes que moverte\u201d, pero tambi\u00e9n que se puede custodiar un v\u00ednculo profundo con la propia tierra sin necesidad de traicionarla.<\/p>\n<p><img decoding=\"async\" alt=\"El artista suizo Not Vital en su estudio\" loading=\"lazy\" class=\"ResponsiveImageContainer-eNxvmU cfBbTk responsive-image__image\"   src=\"https:\/\/www.europesays.com\/es\/wp-content\/uploads\/2025\/12\/%C2%A9%20Simon%20Watson_Not%20Vital_Sent%202025_Portrait_0180.jpeg\"\/><\/p>\n<p>Not Vital, dentro de su Painting Studio (2025), en la localidad suiza de Sent.<\/p>\n<p>\u00a9 Simon Watson<strong>Lenguaje, arquitectura y materia<\/strong><\/p>\n<p>Con solo 14 a\u00f1os dej\u00f3 su hogar para estudiar en Coira, en el cant\u00f3n de los Grisones. M\u00e1s tarde se instal\u00f3 en Par\u00eds y posteriormente en Roma, donde se dedicaba a las performances con su circo callejero. En 1974 lleg\u00f3 el momento de ir a <a href=\"https:\/\/www.revistaad.es\/galerias\/17-rascacielos-iconicos-de-nueva-york-que-debes-conocer\" rel=\"nofollow noopener\" target=\"_blank\">Nueva York<\/a>, donde el artista americano Salvatore Scarpitta le acogi\u00f3 bajo sus alas y le contrat\u00f3 como su asistente. All\u00ed, <strong>gravitando a su alrededor, estaban muchos de los nombres que han cambiado el rostro del arte contempor\u00e1neo: Warhol, <a href=\"https:\/\/www.revistaad.es\/arte\/articulos\/exposicion-basquiat-museo-guggenheim-de-bilbao\/17332\" rel=\"nofollow noopener\" target=\"_blank\">Basquiat<\/a>, Schnabel, Haring\u2026 Es en este fermento creativo donde Vital encontr\u00f3 su voz, mezclando escultura, lenguaje, arquitectura y materia.<\/strong><\/p>\n<p><img decoding=\"async\" alt=\"Monolito de cemento con los alpes suizos al fondo\" loading=\"lazy\" class=\"ResponsiveImageContainer-eNxvmU cfBbTk responsive-image__image\"   src=\"https:\/\/www.europesays.com\/es\/wp-content\/uploads\/2025\/12\/%C2%A9%20Simon%20Watson_Not%20Vital_Painting%20Studio%20Sent_0010.jpeg\"\/><\/p>\n<p>El exterior del estudio, realizado en hormig\u00f3n proyectado.<\/p>\n<p>\u00a9 Simon Watson<img decoding=\"async\" alt=\"Estudio de pintura\" loading=\"lazy\" class=\"ResponsiveImageContainer-eNxvmU cfBbTk responsive-image__image\"   src=\"https:\/\/www.europesays.com\/es\/wp-content\/uploads\/2025\/12\/%C2%A9%20Simon%20Watson_Not%20Vital_Painting%20Studio%20Sent_0109.jpeg\"\/><\/p>\n<p>Y el interior del espacio creativo.<\/p>\n<p>\u00a9 Simon Watson<strong>SCARCH: la escultura-arquitectura<\/strong><\/p>\n<p>Se trata de un creador conceptual con una fuerte conexi\u00f3n con el gesto manual: realiza obras de cera, yeso, bronce, <a href=\"https:\/\/www.revistaad.es\/articulos\/maria-pergay-disenadora-acero\" rel=\"nofollow noopener\" target=\"_blank\">acero<\/a>, m\u00e1rmol y arcilla con formas tot\u00e9micas, ancestrales, a menudo incluso ir\u00f3nicas. Con el tiempo su investigaci\u00f3n comenz\u00f3 a internacionalizarse radicalmente. <strong>En 1999 se traslad\u00f3 a N\u00edger, donde, tres a\u00f1os m\u00e1s tarde, junto con trabajadores locales, levant\u00f3 la primera House to Watch the Sunset, una casa-escultura para observar el atardecer que replic\u00f3 primero en la selva amaz\u00f3nica de Brasil y luego en la Engadina. As\u00ed naci\u00f3 el concepto de SCARCH, acr\u00f3nimo entre sculpture y architecture:<\/strong> \u201cCuando una obra se convierte en un espacio en el que puedes entrar, es otra cosa. No es ni lo uno ni lo otro, sino ambas\u201d, reflexiona.<\/p>\n","protected":false},"excerpt":{"rendered":"Not Vital, el artista n\u00f3mada que siempre vuelve a la Engadina, en los Alpes suizos Siempre n\u00f3madas del&hellip;\n","protected":false},"author":2,"featured_media":304660,"comment_status":"","ping_status":"","sticky":false,"template":"","format":"standard","meta":{"footnotes":""},"categories":[173],"tags":[229,233,231,230,232,234,146,147,25,24,12444,23,12443],"class_list":{"0":"post-304659","1":"post","2":"type-post","3":"status-publish","4":"format-standard","5":"has-post-thumbnail","7":"category-arte-y-diseno","8":"tag-arte","9":"tag-arte-y-diseno","10":"tag-arts","11":"tag-arts-and-design","12":"tag-design","13":"tag-diseno","14":"tag-entertainment","15":"tag-entretenimiento","16":"tag-es","17":"tag-espana","18":"tag-magazine","19":"tag-spain","20":"tag-splitscreenimageleftfullbleed"},"share_on_mastodon":{"url":"https:\/\/pubeurope.com\/@es\/115773714247636455","error":""},"_links":{"self":[{"href":"https:\/\/www.europesays.com\/es\/wp-json\/wp\/v2\/posts\/304659","targetHints":{"allow":["GET"]}}],"collection":[{"href":"https:\/\/www.europesays.com\/es\/wp-json\/wp\/v2\/posts"}],"about":[{"href":"https:\/\/www.europesays.com\/es\/wp-json\/wp\/v2\/types\/post"}],"author":[{"embeddable":true,"href":"https:\/\/www.europesays.com\/es\/wp-json\/wp\/v2\/users\/2"}],"replies":[{"embeddable":true,"href":"https:\/\/www.europesays.com\/es\/wp-json\/wp\/v2\/comments?post=304659"}],"version-history":[{"count":0,"href":"https:\/\/www.europesays.com\/es\/wp-json\/wp\/v2\/posts\/304659\/revisions"}],"wp:featuredmedia":[{"embeddable":true,"href":"https:\/\/www.europesays.com\/es\/wp-json\/wp\/v2\/media\/304660"}],"wp:attachment":[{"href":"https:\/\/www.europesays.com\/es\/wp-json\/wp\/v2\/media?parent=304659"}],"wp:term":[{"taxonomy":"category","embeddable":true,"href":"https:\/\/www.europesays.com\/es\/wp-json\/wp\/v2\/categories?post=304659"},{"taxonomy":"post_tag","embeddable":true,"href":"https:\/\/www.europesays.com\/es\/wp-json\/wp\/v2\/tags?post=304659"}],"curies":[{"name":"wp","href":"https:\/\/api.w.org\/{rel}","templated":true}]}}