{"id":304681,"date":"2025-12-24T09:09:16","date_gmt":"2025-12-24T09:09:16","guid":{"rendered":"https:\/\/www.europesays.com\/es\/304681\/"},"modified":"2025-12-24T09:09:16","modified_gmt":"2025-12-24T09:09:16","slug":"la-dgt-lo-ha-confirmado","status":"publish","type":"post","link":"https:\/\/www.europesays.com\/es\/304681\/","title":{"rendered":"la DGT lo ha confirmado"},"content":{"rendered":"<p>El 2 de enero de 2026 aspiraba a poner algo de orden con los patinetes el\u00e9ctricos. Al menos, el orden entendido como lo entiende la DGT. Y es que en esa fecha, todos los patinetes el\u00e9ctricos <a class=\"text-outboundlink\" href=\"https:\/\/www.xataka.com\/movilidad\/estamos-a-21-dias-2026-a-21-dias-que-puedan-multarnos-no-tenemos-seguro-para-nuestro-patinete-electrico\" data-vars-post-title=\"Si tienes patinete el\u00e9ctrico, paga: la DGT obligar\u00e1 a contratar un seguro a partir del 2 de enero de 2026\" data-vars-post-url=\"https:\/\/www.xataka.com\/movilidad\/estamos-a-21-dias-2026-a-21-dias-que-puedan-multarnos-no-tenemos-seguro-para-nuestro-patinete-electrico\" rel=\"nofollow noopener\" target=\"_blank\">deb\u00edan empezar a cumplir con unas serie de condicionantes<\/a>. Se hubieran vendidos como nuevos o fueran patinetes el\u00e9ctricos que ya est\u00e1n en las manos de los usuarios.\u00a0<\/p>\n<p>Ahora, <a rel=\"noopener, noreferrer nofollow\" href=\"https:\/\/www.dgt.es\/comunicacion\/notas-de-prensa\/20251223-inscripcion-registro-vmp\/\" target=\"_blank\">la DGT ha confirmado<\/a> que esto no ser\u00e1 posible. Para poder aplicar la nueva normativa se necesita de <strong>un Real Decreto que no ha sido aprobado<\/strong> y que, a 23 de diciembre de 2025, ser\u00e1 imposible que llegue a tiempo para el nuevo a\u00f1o. Pese a ello, desde Tr\u00e1fico recuerdan que s\u00ed es obligatorio contar con un seguro para el mismo que tendr\u00e1 que estar activo antes de que termine enero del pr\u00f3ximo a\u00f1o.\u00a0<\/p>\n<p>Entonces&#8230; \u00bfqu\u00e9 se ha aprobado y qu\u00e9 es obligatorio?<\/p>\n<p>    <a href=\"https:\/\/www.xataka.com\/movilidad\/detenido-conducir-patinete-electrico-capaz-ir-a-111-km-h-cuatro-veces-velocidad-maxima-permitida\" class=\"pivot-outboundlink\" data-vars-post-title=\"Detenido por conducir un patinete el\u00e9ctrico capaz de ir a 111 km\/h: m\u00e1s de cuatro veces la velocidad permitida\" rel=\"nofollow noopener\" target=\"_blank\"><br \/>\n     <img loading=\"lazy\" decoding=\"async\" alt=\"Detenido por conducir un patinete el\u00e9ctrico capaz de ir a 111 km\/h: m\u00e1s de cuatro veces la velocidad permitida\" width=\"375\" height=\"142\" src=\"https:\/\/www.europesays.com\/es\/wp-content\/uploads\/2025\/12\/1766567355_332_375_142.jpeg\"\/><br \/>\n    <\/a><\/p>\n<p>Sin seguro, de momento<\/p>\n<p><a class=\"text-outboundlink\" href=\"https:\/\/www.xataka.com\/movilidad\/enero-2024-marca-antes-despues-para-patinetes-electricos-espana-asi-regulara-dgt\" data-vars-post-title=\"Enero de 2024 marca un antes y un despu\u00e9s para los patinetes el\u00e9ctricos en Espa\u00f1a: as\u00ed los regular\u00e1 la DGT \" data-vars-post-url=\"https:\/\/www.xataka.com\/movilidad\/enero-2024-marca-antes-despues-para-patinetes-electricos-espana-asi-regulara-dgt\" rel=\"nofollow noopener\" target=\"_blank\">Desde el a\u00f1o 2024<\/a>, todos los patinetes el\u00e9ctricos vendidos en Espa\u00f1a cuentan con un certificado en el que se recogen las caracter\u00edsticas t\u00e9cnicas del patinete el\u00e9ctrico. Esta certificaci\u00f3n sirve a los agentes para comprobar si dicho veh\u00edculo de movilidad personal cumple o no con las caracter\u00edsticas t\u00e9cnicas para las que se ha creado.\u00a0<\/p>\n<p>Y es que hay que tener en cuenta que un agente puede <a rel=\"noopener, noreferrer nofollow\" href=\"https:\/\/www.tiktok.com\/@xataka\/video\/7077558404625075462\" target=\"_blank\">dar el alto a un patinete el\u00e9ctrico<\/a> pero tambi\u00e9n se est\u00e1n realizando <a class=\"text-outboundlink\" href=\"https:\/\/www.xataka.com\/movilidad\/policia-valencia-ha-encontrado-manera-acabar-patinetes-electricos-ilegales-pasarles-itv\" data-vars-post-title=\"La Polic\u00eda de Valencia ha encontrado la manera de acabar con los patinetes el\u00e9ctricos ilegales: pasarles una ITV\" data-vars-post-url=\"https:\/\/www.xataka.com\/movilidad\/policia-valencia-ha-encontrado-manera-acabar-patinetes-electricos-ilegales-pasarles-itv\" rel=\"nofollow noopener\" target=\"_blank\">controles en algunas ciudades<\/a>. En dicha <strong>placa<\/strong> debe quedar, por tanto, reflejado datos como la velocidad m\u00e1xima a la que puede circular.\u00a0<\/p>\n<p>Adem\u00e1s, la DGT deb\u00eda tener listo un registro de los VMP para que todo aquel que tuviera un veh\u00edculo de este tipo registrara su patinete el\u00e9ctrico. Esto obliga a que quienes tengan un veh\u00edculo de este tipo anterior a 2024 tengan que enviar el patinete el\u00e9ctrico a uno de los <a rel=\"noopener, noreferrer nofollow\" href=\"https:\/\/www.dgt.es\/nuestros-servicios\/para-colaboradores-y-empresas\/vehiculos-de-movilidad-personal-vmp\/laboratorios-y-fabricantes\/#64519cfe-8541-11ea-bb32-005056a48f82-02009__1_\" target=\"_blank\">laboratorios acreditados por la DGT<\/a>. En \u00e9l se certificar\u00e1 que el veh\u00edculo no est\u00e1 modificado y se confirmar\u00e1 que cumple con las condiciones t\u00e9cnicas permitidas.\u00a0<\/p>\n<p>    <a href=\"https:\/\/www.xataka.com\/empresas-y-economia\/seguros-para-patinetes-electricos-tipos-precios-que-coberturas-ofrecen-caso-accidente\" class=\"pivot-outboundlink\" data-vars-post-title=\"Seguros para patinetes el\u00e9ctricos: tipos, precios y qu\u00e9 coberturas ofrecen en caso de accidente\" rel=\"nofollow noopener\" target=\"_blank\"><br \/>\n     <img loading=\"lazy\" decoding=\"async\" alt=\"Seguros para patinetes el\u00e9ctricos: tipos, precios y qu\u00e9 coberturas ofrecen en caso de accidente\" width=\"375\" height=\"142\" src=\"https:\/\/www.europesays.com\/es\/wp-content\/uploads\/2025\/12\/1766567355_317_375_142.jpg\"\/><br \/>\n    <\/a><\/p>\n<p>Ese registro ser\u00e1 una suerte de matr\u00edcula para los patinetes el\u00e9ctricos y todo patinete nuevo vendido en nuestro pa\u00eds deb\u00eda estar dado de alta. La intenci\u00f3n era dejar al cliente particular esta posibilidad hasta 2027 pero s\u00ed se le iba a obligar a tener un seguro de responsabilidad civil a partir del 2 de enero de 2026. Esto les dejaba a las puertas de tener que \u00abhomologar\u00bb s\u00ed o s\u00ed el patinete el\u00e9ctrico.\u00a0<\/p>\n<p>Sin embargo, la DGT ha publicado hoy una nota aclaratoria en la que se\u00f1ala lo siguiente:\u00a0<\/p>\n<blockquote><p>\u00abEl Consejo de Ministros, teniendo en cuenta la urgencia de la tramitaci\u00f3n del referido Real Decreto, acord\u00f3 con fecha 18 de noviembre de 2025, su tramitaci\u00f3n por v\u00eda de urgencia. Si bien ya han finalizado los tr\u00e1mites de audiencia e informaci\u00f3n p\u00fablica, no ser\u00e1 posible su aprobaci\u00f3n antes del 2 de enero pr\u00f3ximo\u00bb<\/p><\/blockquote>\n<p>Sin este Real Decreto aprobado, la DGT confirma que no hay una base jur\u00eddica para poder exigir a los usuarios <a rel=\"noopener, noreferrer nofollow\" href=\"https:\/\/www.boe.es\/buscar\/act.php?id=BOE-A-2025-15424\" target=\"_blank\">el registro y el aseguramiento del patinete el\u00e9ctrico<\/a>. Aseguran que \u00abel desarrollo t\u00e9cnico para el registro de los VMP est\u00e1 ya concluido\u00bb pero que sin la normativa que regula esto aprobada, no podr\u00e1n exigir a partir del 2 de enero de 2026 estos dos requisitos.\u00a0<\/p>\n<p>    <a href=\"https:\/\/www.xataka.com\/movilidad\/todas-multas-que-te-pueden-poner-ir-patinete-electrico-espana\" class=\"pivot-outboundlink\" data-vars-post-title=\"Todas las multas que te pueden poner por ir en patinete el\u00e9ctrico en Espa\u00f1a\" rel=\"nofollow noopener\" target=\"_blank\"><br \/>\n     <img loading=\"lazy\" decoding=\"async\" alt=\"Todas las multas que te pueden poner por ir en patinete el\u00e9ctrico en Espa\u00f1a\" width=\"375\" height=\"142\" src=\"https:\/\/www.europesays.com\/es\/wp-content\/uploads\/2025\/12\/1766567356_504_375_142.jpeg\"\/><br \/>\n    <\/a><\/p>\n<p>Por lo tanto, los usuarios de patinetes el\u00e9ctricos no tendr\u00e1n por qu\u00e9 contar con seguro para sus patinetes el\u00e9ctricos a partir del 2 de enero de 2026. Pero, adem\u00e1s, Tr\u00e1fico tampoco se\u00f1ala a partir de qu\u00e9 fecha esperan que este cambio est\u00e9 activo. Solo especifican que es obligatorio contar con un seguro a partir del 26 de enero de 2026 para aquellos veh\u00edculos de movilidad personal con un peso superior a 25 kg y velocidad superior a 14 km\/h.\u00a0<\/p>\n<p>Los patinetes el\u00e9ctricos est\u00e1n considerados veh\u00edculos de movilidad personal ligeros y, por tanto, no ser\u00e1 exigible un seguro. Al menos por el momento.\u00a0<\/p>\n<p>Foto |\u00a0<a rel=\"noopener, noreferrer nofollow\" href=\"https:\/\/unsplash.com\/es\/fotos\/una-persona-que-anda-en-scooter-por-una-calle-de-la-ciudad-2TDP2NF5ElM\" target=\"_blank\">Volodymyr Dobrovolskyy<\/a>\u00a0<\/p>\n<p>En Xataka |\u00a0<a class=\"text-outboundlink\" href=\"https:\/\/www.xataka.com\/movilidad\/barcelona-sospechaba-que-muchos-patinetes-electricos-estan-trucados-acaban-detener-uno-que-podia-alcanzar-113-km-h\" data-vars-post-title=\"Barcelona sospechaba que muchos patinetes el\u00e9ctricos est\u00e1n trucados. Acaban de detener uno que pod\u00eda alcanzar 113 km\/h \" data-vars-post-url=\"https:\/\/www.xataka.com\/movilidad\/barcelona-sospechaba-que-muchos-patinetes-electricos-estan-trucados-acaban-detener-uno-que-podia-alcanzar-113-km-h\" rel=\"nofollow noopener\" target=\"_blank\">Barcelona sospechaba que muchos patinetes el\u00e9ctricos est\u00e1n trucados. Acaban de detener uno que pod\u00eda alcanzar 113 km\/h<\/a><\/p>\n<p> <script async src=\"\/\/www.tiktok.com\/embed.js\"><\/script><\/p>\n","protected":false},"excerpt":{"rendered":"El 2 de enero de 2026 aspiraba a poner algo de orden con los patinetes el\u00e9ctricos. Al menos,&hellip;\n","protected":false},"author":2,"featured_media":304682,"comment_status":"","ping_status":"","sticky":false,"template":"","format":"standard","meta":{"footnotes":""},"categories":[5],"tags":[17,18,25,24,13,14,11,19,20,9,10,15,16,23,12,21,22],"class_list":{"0":"post-304681","1":"post","2":"type-post","3":"status-publish","4":"format-standard","5":"has-post-thumbnail","7":"category-titulares","8":"tag-breaking-news","9":"tag-breakingnews","10":"tag-es","11":"tag-espana","12":"tag-featured-news","13":"tag-featurednews","14":"tag-headlines","15":"tag-latest-news","16":"tag-latestnews","17":"tag-news","18":"tag-noticias","19":"tag-noticias-destacadas","20":"tag-noticiasdestacadas","21":"tag-spain","22":"tag-titulares","23":"tag-ultimas-noticias","24":"tag-ultimasnoticias"},"share_on_mastodon":{"url":"https:\/\/pubeurope.com\/@es\/115773766154948117","error":""},"_links":{"self":[{"href":"https:\/\/www.europesays.com\/es\/wp-json\/wp\/v2\/posts\/304681","targetHints":{"allow":["GET"]}}],"collection":[{"href":"https:\/\/www.europesays.com\/es\/wp-json\/wp\/v2\/posts"}],"about":[{"href":"https:\/\/www.europesays.com\/es\/wp-json\/wp\/v2\/types\/post"}],"author":[{"embeddable":true,"href":"https:\/\/www.europesays.com\/es\/wp-json\/wp\/v2\/users\/2"}],"replies":[{"embeddable":true,"href":"https:\/\/www.europesays.com\/es\/wp-json\/wp\/v2\/comments?post=304681"}],"version-history":[{"count":0,"href":"https:\/\/www.europesays.com\/es\/wp-json\/wp\/v2\/posts\/304681\/revisions"}],"wp:featuredmedia":[{"embeddable":true,"href":"https:\/\/www.europesays.com\/es\/wp-json\/wp\/v2\/media\/304682"}],"wp:attachment":[{"href":"https:\/\/www.europesays.com\/es\/wp-json\/wp\/v2\/media?parent=304681"}],"wp:term":[{"taxonomy":"category","embeddable":true,"href":"https:\/\/www.europesays.com\/es\/wp-json\/wp\/v2\/categories?post=304681"},{"taxonomy":"post_tag","embeddable":true,"href":"https:\/\/www.europesays.com\/es\/wp-json\/wp\/v2\/tags?post=304681"}],"curies":[{"name":"wp","href":"https:\/\/api.w.org\/{rel}","templated":true}]}}