{"id":304707,"date":"2025-12-24T09:34:31","date_gmt":"2025-12-24T09:34:31","guid":{"rendered":"https:\/\/www.europesays.com\/es\/304707\/"},"modified":"2025-12-24T09:34:31","modified_gmt":"2025-12-24T09:34:31","slug":"las-pensiones-minimas-aumentaran-entre-un-7-y-un-114-y-las-no-contributivas-y-el-ingreso-minimo-vital-un-114","status":"publish","type":"post","link":"https:\/\/www.europesays.com\/es\/304707\/","title":{"rendered":"Las pensiones m\u00ednimas aumentar\u00e1n entre un 7% y un 11,4% y las no contributivas y el ingreso m\u00ednimo vital, un 11,4%"},"content":{"rendered":"<p class=\"article-text\">\n        En 2026, las pensiones m\u00ednimas subir\u00e1n entre un 7% y un 11,4%, y las pensiones no contributivas y el ingreso m\u00ednimo vital (IMV) se incrementar\u00e1n en un 11,4%%, ha explicado la ministra de la Seguridad Social, Elma Saiz, en su primera rueda de prensa como <a href=\"https:\/\/www.eldiario.es\/politica\/elma-saiz-sera-portavoz-gobierno-exalcaldesa-toledo-ministra-educacion_1_12863158.html\" data-mrf-recirculation=\"links-noticia\" class=\"link\" rel=\"nofollow noopener\" target=\"_blank\">nueva portavoz del Gobierno<\/a>. Se trata de una de las m\u00faltiples medidas que ha aprobado este martes el Ejecutivo de coalici\u00f3n en el \u00faltimo Consejo de Ministros de 2025, como <a href=\"https:\/\/www.eldiario.es\/economia\/pensiones-minimas-aumentaran-7-11-4-no-contributivas-ingreso-minimo-vital-11-4_1_12866492.html#autonomos\" data-mrf-recirculation=\"links-noticia\" class=\"link\" rel=\"nofollow noopener\" target=\"_blank\">la pr\u00f3rroga de las actuales cuotas de los aut\u00f3nomos<\/a>, que de momento se mantienen congeladas.\n    <\/p>\n<p>    <a href=\"https:\/\/www.eldiario.es\/economia\/claves-subida-pensiones-aumentan-queda-pension-maxima_1_12839570.html\" data-mrf-recirculation=\"saber-mas\" data-dl-event=\"saber-mas\" rel=\"nofollow noopener\" target=\"_blank\"><\/p>\n<p class=\"know-more__title\">Claves de la subida de pensiones: \u00bfCu\u00e1nto aumentan? \u00bfA qui\u00e9nes? \u00bfC\u00f3mo queda la pensi\u00f3n m\u00e1xima?<\/p>\n<p>            <img decoding=\"async\" class=\"lazy\" loading=\"lazy\" data-src=\"https:\/\/static.eldiario.es\/clip\/9a870b85-0258-497e-af66-3f365925fce8_16-9-aspect-ratio_default_0.jpg\" src=\"data:image\/svg+xml,%3Csvg xmlns=\" http:=\"\" viewbox=\"0 0 880 495\" alt=\"Claves de la subida de pensiones: \u00bfCu\u00e1nto aumentan? \u00bfA qui\u00e9nes? \u00bfC\u00f3mo queda la pensi\u00f3n m\u00e1xima?\"\/><\/p>\n<p>                        <\/a><\/p>\n<p class=\"article-text\">\n        As\u00ed, como en los \u00faltimos a\u00f1os, las pensiones m\u00e1s bajas seguir\u00e1n aumentando m\u00e1s que el resto, que de manera general <a href=\"https:\/\/www.eldiario.es\/economia\/oficial-pensiones-subiran-2-7-2026-compensar-inflacion_1_12839520.html\" data-mrf-recirculation=\"links-noticia\" class=\"link\" rel=\"nofollow noopener\" target=\"_blank\">subir\u00e1n un 2,7% para compensar la inflaci\u00f3n<\/a>. El objetivo es reducir su distancia con el umbral de la pobreza, uno de los pactos de la reforma de pensiones de 2023, que se plasm\u00f3 en <a href=\"https:\/\/www.eldiario.es\/economia\/preve-suban-pensiones-minimas-no-contributivas-2027_1_10588900.html\" data-mrf-recirculation=\"links-noticia\" class=\"link\" rel=\"nofollow noopener\" target=\"_blank\">un compromiso gradual hasta el a\u00f1o 2027<\/a>.\n    <\/p>\n<p class=\"article-text\">\n        Elma Saiz ha explicado que el Gobierno ha aprobado en un macrodecreto la subida de las pensiones (desde <a href=\"https:\/\/www.eldiario.es\/economia\/oficial-pensiones-subiran-2-7-2026-compensar-inflacion_1_12839520.html\" data-mrf-recirculation=\"links-noticia\" class=\"link\" rel=\"nofollow noopener\" target=\"_blank\">la general del 2,7%<\/a> a la mayor para las prestaciones m\u00e1s bajas) y tambi\u00e9n la pr\u00f3rroga a <a href=\"https:\/\/www.eldiario.es\/politica\/gobierno-aprueba-escudo-social-prohibira-desahucios-familias-vulnerables-2026-ampliara-bono-energetico_1_12867069.html\" data-mrf-recirculation=\"links-noticia\" class=\"link\" rel=\"nofollow noopener\" target=\"_blank\">varias medidas del llamado \u201cescudo social\u201d<\/a>, como la prohibici\u00f3n de los desahucios a familias vulnerables en 2026 y la ampliaci\u00f3n del bono energ\u00e9tico.\n    <\/p>\n<p>    C\u00f3mo quedan las pensiones m\u00ednimas y no contributivas<\/p>\n<p class=\"article-text\">\n        En concreto, las pensiones m\u00ednimas se incrementar\u00e1n en 2026 \u201cm\u00e1s de un 7%\u201d y, en el caso de algunas pensiones, como las m\u00ednimas con c\u00f3nyuge a cargo y las de viudedad con cargas familiares, el incremento alcanzar\u00e1 el \u201c11,4%\u201d.\n    <\/p>\n<p class=\"article-text\">\n        Ese mismo aumento, del 11,4%, es el que se aplicar\u00e1 a las pensiones no contributivas y a la revalorizaci\u00f3n anual del ingreso m\u00ednimo vital, la renta estatal contra la pobreza, ha detallado la titular de la Seguridad Social y nueva portavoz.\n    <\/p>\n<p>    Las cuotas de aut\u00f3nomos, congeladas de momento<\/p>\n<p class=\"article-text\">\n        Elma Saiz tambi\u00e9n ha confirmado que, al menos en el inicio de 2026, las cuotas a la Seguridad Social de los trabajadores aut\u00f3nomos se mantienen congeladas con las mismas cuant\u00edas de este 2025. La tabla de cuotas seg\u00fan los ingresos de los trabajadores por cuenta propia \u201cno sufre cambios respecto a 2025\u201d, ha sostenido Saiz en su intervenci\u00f3n inicial.\n    <\/p>\n<p class=\"article-text\">\n        Se mantiene por tanto sin avances la brecha entre lo que cotizan y lo que ganan estos trabajadores, <a href=\"https:\/\/www.eldiario.es\/economia\/autonomos-ganan-6-000-euros-cotizar-asalariado-sueldo-1-500-euros_1_12704062.html\" data-mrf-recirculation=\"links-noticia\" class=\"link\" rel=\"nofollow noopener\" target=\"_blank\">especialmente entre quienes tienen mayores ganancias<\/a>, lo que se traduce en menor protecci\u00f3n social para estas personas (bajas por enfermedad o pensi\u00f3n) y <a href=\"https:\/\/www.eldiario.es\/economia\/datos-deficit-autonomos-seguridad-social-cuotas-cubren-mitad-gasto-pensiones_1_12730705.html\" data-mrf-recirculation=\"links-noticia\" class=\"link\" rel=\"nofollow noopener\" target=\"_blank\">un d\u00e9ficit de ingresos para las cuentas p\u00fablicas<\/a>.\n    <\/p>\n<p class=\"article-text\">\n        Tras <a href=\"https:\/\/www.eldiario.es\/economia\/volantazo-seguridad-social-cuotas-autonomos-contenta-nadie-paso_1_12698875.html\" data-mrf-recirculation=\"links-noticia\" class=\"link\" rel=\"nofollow noopener\" target=\"_blank\">la pol\u00e9mica en la negociaci\u00f3n de estas cuotas a partir de 2026<\/a>, por las primeras propuestas del Ministerio de la Seguridad Social, <a href=\"https:\/\/www.eldiario.es\/economia\/seguridad-social-mantiene-cajon-cuotas-autonomos-plena-cuenta-2026_1_12838229.html\" data-mrf-recirculation=\"links-noticia\" class=\"link\" rel=\"nofollow noopener\" target=\"_blank\">el Gobierno ha pospuesto el debate de esta reforma<\/a> para enfado de las organizaciones progresistas de aut\u00f3nomos (UPTA y UATAE) y, al menos de momento, se prorrogan las actuales cotizaciones.\n    <\/p>\n<p class=\"article-text\">\n        \u201cLa protecci\u00f3n de los aut\u00f3nomos est\u00e1 indisolublemente unida a las cuotas, a sus cotizaciones, que van directamente a esta protecci\u00f3n social. En este sentido, seguimos trabajando con el colectivo\u201d, ha afirmado la ministra de la Seguridad Social. Saiz ha afirmado que, \u201cdadas las fechas\u201d y ante la falta de un pacto, se han prorrogado las actuales cuotas, pero ha confiado en poder encontrar \u201cun acuerdo a lo largo del a\u00f1o\u201d, por lo que parece que estas podr\u00edan cambiar durante 2026.\n    <\/p>\n<p>    La jubilaci\u00f3n anticipada de bomberos forestales<\/p>\n<p class=\"article-text\">\n        El Consejo de Ministros tambi\u00e9n ha aprobado la cotizaci\u00f3n adicional de los agentes medioambientales y los bomberos forestales para que puedan acceder a la jubilaci\u00f3n anticipada por actividades penosas y peligrosas.\n    <\/p>\n<p class=\"article-text\">\n        \u201cUn colectivo que cada a\u00f1o, pero especialmente este verano, se jug\u00f3 la vida para proteger nuestros pueblos, nuestros bosques, nuestras casas ante los devastadores incendios que sufrimos\u201d, ha dicho Saiz. \u201cUna medida que es justa y de la que me siento especialmente orgullosa\u201d, ha afirmado la responsable de la Seguridad Social.\n    <\/p>\n<p>    <a href=\"https:\/\/www.eldiario.es\/economia\/oficial-pensiones-subiran-2-7-2026-compensar-inflacion_1_12839520.html\" data-mrf-recirculation=\"saber-mas-abajo\" data-dl-event=\"saber-mas-abajo\" rel=\"nofollow noopener\" target=\"_blank\"><\/p>\n<p class=\"know-more__title\"> Ya es oficial: las pensiones subir\u00e1n un 2,7% en 2026 para compensar la inflaci\u00f3n <\/p>\n<p>            <img decoding=\"async\" class=\"lazy\" loading=\"lazy\" data-src=\"https:\/\/static.eldiario.es\/clip\/687a93f7-a35e-4e55-b190-b059880f7ae7_16-9-aspect-ratio_default_0.jpg\" src=\"data:image\/svg+xml,%3Csvg xmlns=\" http:=\"\" viewbox=\"0 0 880 495\" alt=\"Ya es oficial: las pensiones subir\u00e1n un 2,7% en 2026 para compensar la inflaci\u00f3n\"\/><\/p>\n<p>                        <\/a><\/p>\n<p class=\"article-text\">\n        Adem\u00e1s, para el personal sanitario, se ampl\u00eda un a\u00f1o m\u00e1s la posibilidad de que los facultativos de atenci\u00f3n primaria, m\u00e9dicos de familia y pediatras, puedan compatibilizar la pensi\u00f3n de jubilaci\u00f3n con su trabajo. \u201cLo hacemos porque creemos que es beneficioso y ha dado unos resultados muy favorables. Entre 2023 y 2025, hay m\u00e1s de 1.200 profesionales que se han acogido a esta medida\u201d, ha afirmado Saiz.\n    <\/p>\n","protected":false},"excerpt":{"rendered":"En 2026, las pensiones m\u00ednimas subir\u00e1n entre un 7% y un 11,4%, y las pensiones no contributivas y&hellip;\n","protected":false},"author":2,"featured_media":304708,"comment_status":"","ping_status":"","sticky":false,"template":"","format":"standard","meta":{"footnotes":""},"categories":[5],"tags":[11919,2627,6834,43471,17,18,72086,25,24,13,14,11,9036,19,20,65225,10873,9,689,10,15,16,12865,23,12,21,22,27447],"class_list":{"0":"post-304707","1":"post","2":"type-post","3":"status-publish","4":"format-standard","5":"has-post-thumbnail","7":"category-titulares","8":"tag-11919","9":"tag-2627","10":"tag-6834","11":"tag-aumentaran","12":"tag-breaking-news","13":"tag-breakingnews","14":"tag-contributivas","15":"tag-es","16":"tag-espana","17":"tag-featured-news","18":"tag-featurednews","19":"tag-headlines","20":"tag-ingreso","21":"tag-latest-news","22":"tag-latestnews","23":"tag-minimas","24":"tag-minimo","25":"tag-news","26":"tag-no","27":"tag-noticias","28":"tag-noticias-destacadas","29":"tag-noticiasdestacadas","30":"tag-pensiones","31":"tag-spain","32":"tag-titulares","33":"tag-ultimas-noticias","34":"tag-ultimasnoticias","35":"tag-vital"},"share_on_mastodon":{"url":"https:\/\/pubeurope.com\/@es\/115773863576136034","error":""},"_links":{"self":[{"href":"https:\/\/www.europesays.com\/es\/wp-json\/wp\/v2\/posts\/304707","targetHints":{"allow":["GET"]}}],"collection":[{"href":"https:\/\/www.europesays.com\/es\/wp-json\/wp\/v2\/posts"}],"about":[{"href":"https:\/\/www.europesays.com\/es\/wp-json\/wp\/v2\/types\/post"}],"author":[{"embeddable":true,"href":"https:\/\/www.europesays.com\/es\/wp-json\/wp\/v2\/users\/2"}],"replies":[{"embeddable":true,"href":"https:\/\/www.europesays.com\/es\/wp-json\/wp\/v2\/comments?post=304707"}],"version-history":[{"count":0,"href":"https:\/\/www.europesays.com\/es\/wp-json\/wp\/v2\/posts\/304707\/revisions"}],"wp:featuredmedia":[{"embeddable":true,"href":"https:\/\/www.europesays.com\/es\/wp-json\/wp\/v2\/media\/304708"}],"wp:attachment":[{"href":"https:\/\/www.europesays.com\/es\/wp-json\/wp\/v2\/media?parent=304707"}],"wp:term":[{"taxonomy":"category","embeddable":true,"href":"https:\/\/www.europesays.com\/es\/wp-json\/wp\/v2\/categories?post=304707"},{"taxonomy":"post_tag","embeddable":true,"href":"https:\/\/www.europesays.com\/es\/wp-json\/wp\/v2\/tags?post=304707"}],"curies":[{"name":"wp","href":"https:\/\/api.w.org\/{rel}","templated":true}]}}