{"id":304719,"date":"2025-12-24T09:47:09","date_gmt":"2025-12-24T09:47:09","guid":{"rendered":"https:\/\/www.europesays.com\/es\/304719\/"},"modified":"2025-12-24T09:47:09","modified_gmt":"2025-12-24T09:47:09","slug":"va-a-volver-alguien-del-pasado","status":"publish","type":"post","link":"https:\/\/www.europesays.com\/es\/304719\/","title":{"rendered":"Va a volver alguien del pasado"},"content":{"rendered":"<p id=\"egS02uptVT\" data-wc=\"118\"><strong>Mar\u00eda Castro<\/strong>, una de las grandes estrellas de La Promesa, nos adelanta<a class=\"hm-link ho-link\" href=\"https:\/\/www.hola.com\/actualidad\/20251222873952\/la-promesa-impactante-muerte-de-un-protagonista-cierra-cuarta-temporada\/\" data-mrf-recirculation=\"article-body-link\" rel=\"nofollow noopener\" target=\"_blank\">\u00a0los secretos m\u00e1s impactantes de la quinta temporada<\/a>, que arranca con la emisi\u00f3n de <strong>u<\/strong><strong>n doble cap\u00edtulo hoy 24 de diciembre.\u00a0<\/strong> Charlamos con la actriz, que nos revela c\u00f3mo su personaje, P\u00eda, enfrentar\u00e1 nuevos desaf\u00edos mientras deja entrever los giros inesperados y las relaciones que sacudir\u00e1n al palacio. Adem\u00e1s, la int\u00e9rprete gallega, de 44 a\u00f1os, confiesa c\u00f3mo <strong>c<\/strong><strong>ompagina su exitosa carrera<\/strong> con su vida personal, criando a<a class=\"hm-link ho-link\" href=\"https:\/\/www.hola.com\/actualidad\/20250412825464\/la-sorpresa-de-maria-castro-a-su-hija-en-su-primer-cumpleanos-y-la-divertida-reaccion-de-su-bebe\/\" data-mrf-recirculation=\"article-body-link\" rel=\"nofollow noopener\" target=\"_blank\">\u00a0tres ni\u00f1as<\/a>, y afirma que con tres, su familia ya est\u00e1 m\u00e1s que completa. Con su habitual simpat\u00eda y naturalidad, nos cuenta <strong>c\u00f3mo celebrar\u00e1 estas fiestas navide\u00f1as<\/strong> y comparte lo que siente al ser parte de este gran \u00e9xito.<\/p>\n<p> <img src=\"https:\/\/www.europesays.com\/es\/wp-content\/uploads\/2025\/12\/3a9093c7cb65--lapromesa-pia-maria-castro-2.jpg\"   width=\"682\" height=\"1024\" loading=\"lazy\" decoding=\"async\" alt=\"Mar\u00eda Castro en 'La promesa'\" fetchpriority=\"auto\" class=\"image ho-image\"\/><\/p>\n<blockquote class=\"ho-bl-1081603 -no-figcaption\" cite=\"\">\n<p id=\"ehNxvoHu6i\">\u00abArranca con una muerte que afecta muy directamente a los personajes principales y Curro se va de Palacio, a saber si volver\u00e1\u00bb<\/p>\n<\/blockquote>\n<p class=\"question-s1\" id=\"epUxBAQQpe\" data-wc=\"22\">\u00bfC\u00f3mo te sientas al formar parte de La Promesa, una telenovela de tanto \u00e9xito que ha sido reconocida con un premio Emmy?<\/p>\n<p class=\"answer-s1\" id=\"eUPyA4tBwOj\" data-wc=\"88\">\u00a0Para m\u00ed es un placer. P\u00eda es un personaje caramelo, y lo que no sab\u00eda es que me iba a encontrar en un equipo humano tan incre\u00edble. La verdad es que me he sentido acogida desde el principio. Somos una gran familia, llevamos casi cuatro a\u00f1os compartiendo momentos muy especiales como <a class=\"hm-link ho-link\" href=\"https:\/\/www.hola.com\/actualidad\/20240518254145\/maria-castro-vuelve-al-trabajo-hija-emma\/\" data-mrf-recirculation=\"article-body-link\" rel=\"nofollow noopener\" target=\"_blank\">mi \u00faltimo embarazo<\/a> o la crianza de mi hija Marta, que estuvo siete ocho meses en el plat\u00f3 conmigo, mimada por todos. La relaci\u00f3n humana en esta serie es espectacular, y eso tambi\u00e9n se transmite en pantalla.<\/p>\n<p class=\"question-s1\" id=\"eMbEvegIctP\" data-wc=\"7\">Entonces ser\u00e1 una alegr\u00eda ir al trabajo<\/p>\n<p class=\"answer-s1\" id=\"eoHgUZggNSw\" data-wc=\"24\">\u00a0Claro, s\u00ed, Hay que madrugar, y eso cuesta, pero cuando llegas aqu\u00ed lo que siente es que est\u00e1s en casa. Nos pasa a todos.<\/p>\n<p> <img src=\"https:\/\/www.europesays.com\/es\/wp-content\/uploads\/2025\/12\/eb6589f54b9b-lapromesabambuproduccionescap749ff15.jpg\"   width=\"1024\" height=\"682\" loading=\"lazy\" decoding=\"async\" alt=\"Mar\u00eda Castro en el rodaje de la nueva temporada de 'La promesa'\" fetchpriority=\"auto\" class=\"image ho-image\"\/>\u00a9 MARTA GARCIA COMPANY<\/p>\n<blockquote class=\"ho-bl-1081603\" cite=\"\">\n<p id=\"eJAPibfdKV\">\u00abCuando los cimientos de una casa se remueven, puede que la casa se venga abajo\u00bb<\/p>\n<\/blockquote>\n<p>Mar\u00eda Castro sobre lo nuevo de &#8216;La promesa&#8217;<\/p>\n<p class=\"question-s1\" id=\"e4JuO7PAXZa\" data-wc=\"14\">La nueva temporada promete muchos cambios\u2026 \u00bfQu\u00e9 puedes adelantar de las nuevas tramas ?<\/p>\n<p class=\"answer-s1\" id=\"eq1TVx1WJY\" data-wc=\"164\">Va a volver alguien del pasado con quien tengo algo por cerrar (risas). Hay una puerta abierta y veremos a ver claro si se cierra, o si se hace giratoria. Tambi\u00e9n voy a tener una relaci\u00f3n muy estrecha con Curro (Xavi Lock), que intentar\u00e1 recuperar su estatus social. Dios nos ha unido en una tragedia tan grande como es <a class=\"hm-link ho-link\" href=\"https:\/\/www.hola.com\/actualidad\/20250320821292\/el-adios-de-ana-garces-su-emocionante-despedida-tras-casi-tres-anos-en-la-promesa\/\" data-mrf-recirculation=\"article-body-link\" rel=\"nofollow noopener\" target=\"_blank\">la muerte de su hermana Jana<\/a> (Ana Garc\u00e9s), y desde entonces hemos compartido momentos muy duros y tambi\u00e9n muy bonitos y siempre que lo necesite voy a estar a su lado. Luego tambi\u00e9n est\u00e1 el embarazo de Mar\u00eda Fern\u00e1ndez (Sara Molina), entonces yo desde mi experiencia, la de mi personaje que sabe lo que es quedarse embarazada una mujer soltera en aquella \u00e9poca, voy a aconsejarla y a mantener conversaciones muy \u00edntimas. Y luego hay un caos en el servicio con Teresa, que como esto no se solucione, va a saltar por los aires. Si en una casa falla el servicio, la casa no funciona.<\/p>\n<p> <img src=\"https:\/\/www.europesays.com\/es\/wp-content\/uploads\/2025\/12\/6ebdc44df093-lapromesabambuproduccionescap742ff14.jpg\"   width=\"1024\" height=\"682\" loading=\"lazy\" decoding=\"async\" alt=\"Mar\u00eda Castro en el rodaje de la nueva temporada de 'La promesa'\" fetchpriority=\"auto\" class=\"image ho-image\"\/>\u00a9 MARTA GARCIA COMPANY<\/p>\n<p class=\"question-s1\" id=\"ekt1d7_r1Eg\" data-wc=\"7\">\u00bfPodemos esperar un inicio de temporada apote\u00f3sico?\u00a0<\/p>\n<p class=\"answer-s1\" id=\"e3Rc9c7xuF\" data-wc=\"49\">Claro, yo creo que esa es la clave, enganchar a la gente desde el principio y eso Josep Cister [el creador] lo sabe hacer muy bien. Adem\u00e1s, es una serie en la que constantemente pasan cosas y eso hace que la gente quiera ver &#8216;La promesa&#8217; todo el rato<\/p>\n<p class=\"question-s1\" id=\"eyyWwMxLIfn\" data-wc=\"11\">\u00bfQu\u00e9 titular le pondr\u00edas t\u00fa misma al regreso de La Promesa?<\/p>\n<p class=\"answer-s1\" id=\"emIE2Slf1XE9\" data-wc=\"16\">Cuando los cimientos de una casa se remueven, puede que la casa se venga abajo (risas)<\/p>\n<p class=\"question-s1\" id=\"e9PYl6SPeobh\" data-wc=\"22\">P\u00eda ha sobrevivido a much\u00edsimas adversidades en el palacio. \u00bfC\u00f3mo ha sido interpretar a este personaje \u00bftres a\u00f1os son los que llevas?<\/p>\n<p class=\"answer-s1\" id=\"eWNZlH69MEVx\" data-wc=\"99\">S\u00ed, llevo desde el principio en La promesa, desde agosto de 2022 que empez\u00f3 el rodaje, y se estren\u00f3 en enero de 2023. P\u00eda es un personaje muy transparente, y cuando uno transmite sus emociones sin mucho filtro con todo el dolor y la alegr\u00eda hace que traspase la pantalla. Es un personaje lleno de vida y tambi\u00e9n con mucha capacidad de compromiso, empat\u00eda y tiene un gran sentido de la justicia. Creo que ese torrente emocional por el que pasa, que lo cuenta todo, incluso con la mirada, es lo que hace que llegue tanto a la gente.<\/p>\n<p> <img src=\"https:\/\/www.europesays.com\/es\/wp-content\/uploads\/2025\/12\/5b41d73fafc6-lapromesabambuproduccionescap742ff13.jpg\"   width=\"1024\" height=\"682\" loading=\"lazy\" decoding=\"async\" alt=\"Mar\u00eda Castro en el rodaje de la nueva temporada de 'La promesa'\" fetchpriority=\"auto\" class=\"image ho-image\"\/>\u00a9 MARTA GARCIA COMPANY<\/p>\n<p class=\"question-s1\" id=\"eR8l52zPFuF7\" data-wc=\"9\">\u00a0\u00bfHa llorado m\u00e1s Mar\u00eda o P\u00eda durante el rodaje?<\/p>\n<p class=\"answer-s1\" id=\"egmaORTv6pC6\" data-wc=\"83\">Siempre P\u00eda. Yo no lloro mucho, aunque en casa todas las emociones son v\u00e1lidas, y eso lo saben mis hijas. Yo tengo tres hijas y cada una es distinta en este sentido. Si lloro me quedo super a gusto, pero lloradita r\u00e1pida. Siempre mi frase es que \u2018no pasa nada por casi nada\u2019 y todo lo que en alg\u00fan momento te parece horroroso, al poco tiempo casi te acabas riendo. Intento relativizar mucho porque solo hay una cosa importante, lo dem\u00e1s son tonter\u00edas.<\/p>\n<p class=\"question-s1\" id=\"eMb5oiwd8Bf_\" data-wc=\"26\">En el \u00faltimo cap\u00edtulo, \u00c1ngela vive un destino tr\u00e1gico y hay un duelo entre Curro y Manuel. \u00bfQu\u00e9 puede contarnos sobre lo que ocurrir\u00e1? \u00bfSe salvar\u00e1?<\/p>\n<p class=\"answer-s1\" id=\"epIbzfJlqPJ8\" data-wc=\"155\">Efectivamente, arranca con una muerte que afecta muy directamente a los personajes principales. Curro se va de Palacio y a saber si volver\u00e1 o no, o cuando. Es verdad que yo intento hablar con \u00e9l para que no pierda la cabeza e intento aconsejarle como una madre. Algo que tambi\u00e9n siento que se lo debo a Jana: cuidar de su hermano. Nosotros aqu\u00ed nos llamamos \u00ablos Purros\u00bb de P\u00eda y Curro, y nos gusta mucho trabajar juntos, as\u00ed que indagaremos un poco en esa relaci\u00f3n de lealtad total. Luego aparece por ah\u00ed un personaje que es el de Margarita, que cada vez que aparece los cimientos de &#8216;La promesa&#8217; se tambalean. En este caso, adem\u00e1s, entra para darle bastante ca\u00f1a junto con Manuel a do\u00f1a Leocadia, que es un personaje que levanta ampollas en la gente. Don Manuel es una persona bastante pac\u00edfica y de repente, eso a la gente tambi\u00e9n le va a chocar.<\/p>\n<blockquote class=\"ho-bl-1081603 -no-figcaption\" cite=\"\">\n<p id=\"eLInwtWfN6s\">\u00abHoy est\u00e1s en La promesa y ma\u00f1ana puedes estar en Valle salvaje\u00bb<\/p>\n<\/blockquote>\n<p class=\"question-s1\" id=\"ea5cZguLrK\" data-wc=\"22\">\u00bfQu\u00e9 te motiva m\u00e1s, el \u00e9xito de la promesa o la promesa o la presi\u00f3n de tener a Valle Salvaje como rival?\u00a0<\/p>\n<p class=\"answer-s1\" id=\"e7R_ejzkDGIP\" data-wc=\"56\">Yo ni veo audiencias, la verdad, no tengo tiempo de nada, m\u00e1s que ver Cantajuegos en mi casa y as\u00ed vivo m\u00e1s feliz. Pero deseo de coraz\u00f3n que la ficci\u00f3n espa\u00f1ola funcione en todos los formatos y plataformas porque es trabajo para todos. \u00a0Hoy est\u00e1s aqu\u00ed en La promesa y ma\u00f1ana puedes estar en Valle salvaje.<\/p>\n<p class=\"question-s1\" id=\"e7Wcd5mUmqwb\" data-wc=\"13\">\u00bfQu\u00e9 crees que tienen en com\u00fan ambos dramas y d\u00f3nde reside el \u00e9xito?<\/p>\n<p class=\"answer-s1\" id=\"eka1Ho-bHS\" data-wc=\"101\">La clave est\u00e1 en la cabeza pensante que hay detr\u00e1s, Josep Cister es una persona muy inteligente, que sabe perfectamente lo que quiere. Yo siempre cuento esto, pero es que para m\u00ed fue bastante revelador, cuando sub\u00ed a contarle al camerino que estaba embarazada, me dijo: \u201cYo estoy aqu\u00ed para ayudar a la gente a que tenga vida. Dime hasta cu\u00e1ndo quieres estar y cu\u00e1ndo quieres volver. \u00a0Lo que para otro podr\u00eda haber sido un problema, \u00e9l vio una oportunidad para sacar una trama m\u00e1gica, que fue cuando me encerraron en la cueva y toda Espa\u00f1a pens\u00f3 que yo hab\u00eda muerto.<\/p>\n<p> <img src=\"https:\/\/www.europesays.com\/es\/wp-content\/uploads\/2025\/12\/4610b3c3e7a0-lapromesabambuproduccionescap737mo02.jpg\"   width=\"1024\" height=\"682\" loading=\"lazy\" decoding=\"async\" alt=\"Mar\u00eda Castro en el rodaje de la nueva temporada de 'La promesa'\" fetchpriority=\"auto\" class=\"image ho-image\"\/>\u00a9 MARTA GARCIA COMPANY<\/p>\n<p class=\"question-s1\" id=\"eMTLh7bV7HBN\" data-wc=\"11\">Ser\u00e1 complicado compaginar tu vida con una serie diaria tan exigente<\/p>\n<p class=\"answer-s1\" id=\"eu_vEcR30Fl7\" data-wc=\"118\">\u00a0Durmiendo poco, no hay m\u00e1s truco. A todo no llego, aunque parezca a veces que s\u00ed, porque soy un terremoto de energ\u00eda. Es una serie en la que madrugo much\u00edsimo, me levanto a las 05:30, y tengo un beb\u00e9 lactante, entonces hay m\u00ednimo tres despertares o a veces cuatro, pero es verdad que luego me he echo siestas durante el d\u00eda. Con esto no quiero hacer una difusi\u00f3n de \u2018duerme poco y vivir\u00e1s feliz\u2019, porque hay que dormir para reparar el cuerpo. Pero luego es una serie que me permite estar bastante en casa por las tardes y ah\u00ed empieza otra vez el trabajo, entre comillas, que aunque me encanta, es casi m\u00e1s agotador el de la ma\u00f1ana.<\/p>\n<p class=\"question-s1\" id=\"eJT3mOBS0ZK3\" data-wc=\"2\">Pero reconfortante&#8230;<\/p>\n<p class=\"answer-s1\" id=\"eJQi-TXmhmwO\" data-wc=\"68\">Descanso mentalmente por la tarde y bueno, en lugar de verme una serie o merendar, pues empieza la faena \u201cmami me ca\u00ed, me pelee con mi hermana\u201d o \u201ctengo fiebre\u201d. Pero es lo que yo he elegido, y aunque hay d\u00edas que estoy muy cansada, soy muy consciente de la suerte que tengo y del <a class=\"hm-link ho-link\" href=\"https:\/\/www.hola.com\/actualidad\/20241017724720\/maria-castro-habla-de-sus-ocho-embarazos-y-cinco-abortos\/\" data-mrf-recirculation=\"article-body-link\" rel=\"nofollow noopener\" target=\"_blank\">regalo que me ha dado la vida, que lo suyo me ha costado<\/a>.<\/p>\n<blockquote class=\"ho-bl-1081603\" cite=\"\">\n<p id=\"eF3RTXPBlI-\">\u00abMi familia termina aqu\u00ed, con tres hijas que nos volver\u00e1n locas cuando sean adolescentes\u00bb<\/p>\n<\/blockquote>\n<p>Mar\u00eda Castro<br \/>\n <img src=\"https:\/\/www.europesays.com\/es\/wp-content\/uploads\/2025\/12\/35572e8fdaa6-sin-ttulo.jpg\"   width=\"1080\" height=\"1080\" loading=\"lazy\" decoding=\"async\" alt=\"Mar\u00eda Castro acompa\u00f1ada de su familia \" fetchpriority=\"auto\" class=\"image ho-image\"\/>\u00a9 maria_castro_jato<\/p>\n<p class=\"question-s1\" id=\"ezPn6qlLCUB4\" data-wc=\"5\">\u00bfCon tres ni\u00f1as te plantas?<\/p>\n<p class=\"answer-s1\" id=\"efJ0mFvZhVmb\" data-wc=\"67\">S\u00ed, ya no puedo tener m\u00e1s, se termin\u00f3 porque fueron tres ces\u00e1reas como tres soles y la \u00faltima, de hecho, fue un poco arriesgada. Pero quer\u00eda tener tres, quer\u00eda intentarlo. Tengo 44 a\u00f1os, y aunque me salen tan bonitas y tan buenas, creo que ya est\u00e1, ya hemos terminado. Los Villalba Castro terminan aqu\u00ed con tres chicas que nos volver\u00e1n locas cuando sean adolescentes a la vez.<\/p>\n<p class=\"question-s1\" id=\"eh0PNX6hfOHZ\" data-wc=\"16\">\u00bfTe podr\u00e1s marchar a Galicia a celebrar las fiestas navide\u00f1as con tu marido y tus hijas?<\/p>\n<p class=\"answer-s1\" id=\"eCtRcu1-PsSe\" data-wc=\"60\">Primero me voy a Valencia, paso all\u00ed la Nochebuena, y la Navidad con la familia de Jose. Y luego me voy a Galicia, que all\u00ed tomamos las uvas este a\u00f1o con mis dos hermanos y mis padres, que gracias a Dios est\u00e1n muy bien de salud. Y luego ya Reyes lo pasamos en Madrid e iremos a ver la cabalgata.<\/p>\n<blockquote class=\"ho-bl-1081603 -no-figcaption\" cite=\"\">\n<p id=\"efKS5_aQcgp\">\u00abMi hija mediana le explica a sus amigas &#8216;La promesa&#8217;: &#8216;Ha tenido un beb\u00e9, pero es en la televisi\u00f3n, no va a venir a vivir con nosotros'\u00bb<\/p>\n<\/blockquote>\n<p class=\"question-s1\" id=\"eWMtiygsAuJr\" data-wc=\"9\">\u00bfQu\u00e9 dicen tus hijas cuando te ven en televisi\u00f3n?<\/p>\n<p class=\"answer-s1\" id=\"eHDvVhS5HJy2\" data-wc=\"63\">Ya est\u00e1n acostumbradas. Al final, mam\u00e1 trabaja en eso y no le dan mayor importancia. Cuando hay alguna escena m\u00e1s dura, la mayor lo entiende perfectamente y la mediana incluso se lo explica a sus amigas: &#8216;Ha tenido un beb\u00e9, pero es en la televisi\u00f3n, no va a venir a vivir con nosotros&#8217;. \u00a0Y la peque\u00f1a, de momento, no se entera de nada.<\/p>\n","protected":false},"excerpt":{"rendered":"Mar\u00eda Castro, una de las grandes estrellas de La Promesa, nos adelanta\u00a0los secretos m\u00e1s impactantes de la quinta&hellip;\n","protected":false},"author":2,"featured_media":304720,"comment_status":"","ping_status":"","sticky":false,"template":"","format":"standard","meta":{"footnotes":""},"categories":[171],"tags":[517,146,147,25,24,72089,805,23,214],"class_list":{"0":"post-304719","1":"post","2":"type-post","3":"status-publish","4":"format-standard","5":"has-post-thumbnail","7":"category-tv","8":"tag-actualidad","9":"tag-entertainment","10":"tag-entretenimiento","11":"tag-es","12":"tag-espana","13":"tag-maria-castro","14":"tag-series","15":"tag-spain","16":"tag-tv"},"share_on_mastodon":{"url":"https:\/\/pubeurope.com\/@es\/115773915349721213","error":""},"_links":{"self":[{"href":"https:\/\/www.europesays.com\/es\/wp-json\/wp\/v2\/posts\/304719","targetHints":{"allow":["GET"]}}],"collection":[{"href":"https:\/\/www.europesays.com\/es\/wp-json\/wp\/v2\/posts"}],"about":[{"href":"https:\/\/www.europesays.com\/es\/wp-json\/wp\/v2\/types\/post"}],"author":[{"embeddable":true,"href":"https:\/\/www.europesays.com\/es\/wp-json\/wp\/v2\/users\/2"}],"replies":[{"embeddable":true,"href":"https:\/\/www.europesays.com\/es\/wp-json\/wp\/v2\/comments?post=304719"}],"version-history":[{"count":0,"href":"https:\/\/www.europesays.com\/es\/wp-json\/wp\/v2\/posts\/304719\/revisions"}],"wp:featuredmedia":[{"embeddable":true,"href":"https:\/\/www.europesays.com\/es\/wp-json\/wp\/v2\/media\/304720"}],"wp:attachment":[{"href":"https:\/\/www.europesays.com\/es\/wp-json\/wp\/v2\/media?parent=304719"}],"wp:term":[{"taxonomy":"category","embeddable":true,"href":"https:\/\/www.europesays.com\/es\/wp-json\/wp\/v2\/categories?post=304719"},{"taxonomy":"post_tag","embeddable":true,"href":"https:\/\/www.europesays.com\/es\/wp-json\/wp\/v2\/tags?post=304719"}],"curies":[{"name":"wp","href":"https:\/\/api.w.org\/{rel}","templated":true}]}}