{"id":304759,"date":"2025-12-24T10:26:14","date_gmt":"2025-12-24T10:26:14","guid":{"rendered":"https:\/\/www.europesays.com\/es\/304759\/"},"modified":"2025-12-24T10:26:14","modified_gmt":"2025-12-24T10:26:14","slug":"eeuu-sanciona-a-excomisario-de-la-ue-y-otros-europeos-por-las-regulaciones-tecnologicas","status":"publish","type":"post","link":"https:\/\/www.europesays.com\/es\/304759\/","title":{"rendered":"EEUU sanciona a excomisario de la UE y otros europeos por las regulaciones tecnol\u00f3gicas"},"content":{"rendered":"<p>    <img src=\"https:\/\/www.europesays.com\/es\/wp-content\/uploads\/2025\/12\/2025-12-24T083A223A11Z-90685699.jpg\" width=\"1024\" height=\"682\" alt=\"\" loading=\"eager\" decoding=\"sync\" fetchpriority=\"high\"\/><\/p>\n<p>            afp_tickers        <\/p>\n<p>        Este contenido fue publicado en    <\/p>\n<p>        24 diciembre 2025 &#8211; 11:09\n<\/p>\n<p>El gobierno del presidente estadounidense, Donald Trump, anunci\u00f3 el martes sanciones contra cinco personalidades europeas que abogan por una regulaci\u00f3n estricta de la tecnolog\u00eda y contra la desinformaci\u00f3n en l\u00ednea, entre ellas el excomisario franc\u00e9s Thierry Breton.<\/p>\n<p>Las acciones de estas personas, a quienes se les prohibi\u00f3 la entrada en Estados Unidos, se asemejan a una \u00abcensura\u00bb en detrimento de los intereses estadounidenses, justific\u00f3 el Departamento de Estado.<\/p>\n<p>\u00abDurante demasiado tiempo, los ide\u00f3logos en Europa han liderado esfuerzos organizados para coercionar a las plataformas estadounidenses y que castiguen los puntos de vista estadounidenses con los que no est\u00e1n de acuerdo\u00bb, critic\u00f3 el secretario de Estado, Marco Rubio, en la red social X.<\/p>\n<p>\u00abLa Administraci\u00f3n Trump ya no tolerar\u00e1 estos actos atroces de censura extraterritorial\u00bb, a\u00f1adi\u00f3.<\/p>\n<p>La medida apunta contra Breton, excomisario europeo de Mercado Interior y quien lider\u00f3 la regulaci\u00f3n digital en Europa. El franc\u00e9s choc\u00f3 con magnates tecnol\u00f3gicos, como Elon Musk, por hacer cumplir las normas de la Uni\u00f3n Europea.<\/p>\n<p>El Departamento de Estado describi\u00f3 a Breton como \u00abla mente maestra\u00bb detr\u00e1s de la Ley de Servicios Digitales (DSA, en ingl\u00e9s), que impuso medidas de moderaci\u00f3n de contenido y normas de protecci\u00f3n de datos a las principales redes sociales.<\/p>\n<p>\u00ab\u00bfSopla de nuevo un viento de macartismo?\u00bb, reaccion\u00f3 el excomisario en X, en referencia a la caza de brujas anticomunista promovida por el entonces senador estadounidense Joseph McCarthy en la d\u00e9cada de 1950.<\/p>\n<p>\u00abUn recordatorio: 90% del Parlamento Europeo, elegido democr\u00e1ticamente, y 27 Estados miembros aprobaron por unanimidad la DSA\u00bb, agreg\u00f3 Breton. A \u00abnuestros amigos estadounidenses: la censura no est\u00e1 donde piensan\u00bb.<\/p>\n<p>Las otras cuatro personas sancionadas con la prohibici\u00f3n de ingreso a Estados Unidos son representantes de oeneg\u00e9s que luchan contra la desinformaci\u00f3n y el odio en l\u00ednea en Reino Unido y Alemania.<\/p>\n<p>La lista incluye a Imran Ahmed, fundador del Centro para la Lucha contra el Odio Digital (CCDH, en ingl\u00e9s), que cay\u00f3 en la mira de Musk luego de su adquisici\u00f3n de Twitter, renombrado como X.<\/p>\n<p>Tambi\u00e9n a Anna-Lena von Hodenberg y Josephine Ballon, de la alemana HateAid, organizaci\u00f3n se\u00f1alada por el Departamento de Estado de tener como funci\u00f3n \u00abreforzar\u00bb la DSA.<\/p>\n<p>Completa el grupo Clare Melford, quien dirige el grupo Global Disinformation Index (GDI).<\/p>\n<p>En un mensaje en la red X, el vicepresidente de la Comisi\u00f3n y comisario de Estrategia Industrial, el franc\u00e9s St\u00e9phane S\u00e9journ\u00e9, afirm\u00f3 que \u00abninguna sanci\u00f3n acallar\u00e1 la soberan\u00eda de los pueblos europeos\u00bb.<\/p>\n<p>\u00abMi predecesor Thierry Breton actu\u00f3 en nombre del inter\u00e9s general europeo, fiel al mandato recibido por los electores en 2019 (\u2026) Solidaridad total con \u00e9l y con todos los europeos afectados\u00bb, indic\u00f3 S\u00e9journ\u00e9.<\/p>\n<p>Jean-No\u00ebl Barrot, ministro franc\u00e9s de Exteriores, asegur\u00f3 a su vez tras conocerse las sanciones que \u00ablos pueblos de Europa son libres y soberanos y no pueden permitir que otros les impongan las normas que se aplican a su espacio digital\u00bb. \u00a0<\/p>\n<p>\u2013 \u00abAtaque\u00bb \u2013<\/p>\n<p>Desde que volvi\u00f3 a la Casa Blanca en enero, Trump lleva a cabo una amplia ofensiva contra las normas de la UE sobre tecnolog\u00eda que imponen regulaciones a las plataformas, como la notificaci\u00f3n de contenidos problem\u00e1ticos, que Washington considera una violaci\u00f3n de la libertad de expresi\u00f3n.<\/p>\n<p>El bloque europeo cuenta con el arsenal jur\u00eddico m\u00e1s potente del mundo para regular el \u00e1mbito digital.<\/p>\n<p>Estados Unidos se tom\u00f3 muy mal la multa de 140 millones de d\u00f3lares impuesta por la UE a principios de diciembre a X, la red social de Musk, descrita por Rubio como un \u00abataque contra todas las plataformas tecnol\u00f3gicas estadounidenses y el pueblo estadounidense\u00bb.<\/p>\n<p>Pero, en general, Trump tiene a Europa en el punto de mira.<\/p>\n<p>En su nueva Estrategia de Seguridad Nacional, su gobierno habla de un \u00abborrado civilizatorio\u00bb del Viejo Continente.\u00a0<\/p>\n<p>Washington apunta adem\u00e1s sin distinci\u00f3n a las instancias europeas \u00abque socavan la libertad pol\u00edtica y la soberan\u00eda\u00bb, las pol\u00edticas migratorias o incluso \u00abel colapso de las tasas de natalidad\u00bb.<\/p>\n<p>lb-arp\/sla\/lb\/dga\/arm-avl\/mab<\/p>\n","protected":false},"excerpt":{"rendered":"afp_tickers Este contenido fue publicado en 24 diciembre 2025 &#8211; 11:09 El gobierno del presidente estadounidense, Donald Trump,&hellip;\n","protected":false},"author":2,"featured_media":304760,"comment_status":"","ping_status":"","sticky":false,"template":"","format":"standard","meta":{"footnotes":""},"categories":[42],"tags":[17,18,83,13,14,11,61,62,63,86,64,19,20,9,10,15,16,88,20122,90,12,21,22,65,66,67],"class_list":{"0":"post-304759","1":"post","2":"type-post","3":"status-publish","4":"format-standard","5":"has-post-thumbnail","7":"category-internacional","8":"tag-breaking-news","9":"tag-breakingnews","10":"tag-diplomacy","11":"tag-featured-news","12":"tag-featurednews","13":"tag-headlines","14":"tag-internacional","15":"tag-international","16":"tag-international-news","17":"tag-international-relations","18":"tag-internationalnews","19":"tag-latest-news","20":"tag-latestnews","21":"tag-news","22":"tag-noticias","23":"tag-noticias-destacadas","24":"tag-noticiasdestacadas","25":"tag-politics","26":"tag-sci-tech","27":"tag-ticker","28":"tag-titulares","29":"tag-ultimas-noticias","30":"tag-ultimasnoticias","31":"tag-world","32":"tag-world-news","33":"tag-worldnews"},"share_on_mastodon":{"url":"https:\/\/pubeurope.com\/@es\/115774068502624052","error":""},"_links":{"self":[{"href":"https:\/\/www.europesays.com\/es\/wp-json\/wp\/v2\/posts\/304759","targetHints":{"allow":["GET"]}}],"collection":[{"href":"https:\/\/www.europesays.com\/es\/wp-json\/wp\/v2\/posts"}],"about":[{"href":"https:\/\/www.europesays.com\/es\/wp-json\/wp\/v2\/types\/post"}],"author":[{"embeddable":true,"href":"https:\/\/www.europesays.com\/es\/wp-json\/wp\/v2\/users\/2"}],"replies":[{"embeddable":true,"href":"https:\/\/www.europesays.com\/es\/wp-json\/wp\/v2\/comments?post=304759"}],"version-history":[{"count":0,"href":"https:\/\/www.europesays.com\/es\/wp-json\/wp\/v2\/posts\/304759\/revisions"}],"wp:featuredmedia":[{"embeddable":true,"href":"https:\/\/www.europesays.com\/es\/wp-json\/wp\/v2\/media\/304760"}],"wp:attachment":[{"href":"https:\/\/www.europesays.com\/es\/wp-json\/wp\/v2\/media?parent=304759"}],"wp:term":[{"taxonomy":"category","embeddable":true,"href":"https:\/\/www.europesays.com\/es\/wp-json\/wp\/v2\/categories?post=304759"},{"taxonomy":"post_tag","embeddable":true,"href":"https:\/\/www.europesays.com\/es\/wp-json\/wp\/v2\/tags?post=304759"}],"curies":[{"name":"wp","href":"https:\/\/api.w.org\/{rel}","templated":true}]}}