{"id":304806,"date":"2025-12-24T11:03:08","date_gmt":"2025-12-24T11:03:08","guid":{"rendered":"https:\/\/www.europesays.com\/es\/304806\/"},"modified":"2025-12-24T11:03:08","modified_gmt":"2025-12-24T11:03:08","slug":"denuncian-que-la-escultura-zinka-de-zumaia-ha-sido-derribada-y-tirada-a-la-ria","status":"publish","type":"post","link":"https:\/\/www.europesays.com\/es\/304806\/","title":{"rendered":"Denuncian que la escultura &#8216;Zinka&#8217; de Zumaia ha sido derribada y tirada a la r\u00eda"},"content":{"rendered":"<p>Los artistas Ana Herranz y Jos\u00e9 Luis Gonz\u00e1lez Pazos, junto con la Asociaci\u00f3n de Escultores y Escultoras Eskuahaldunak, han denunciado actos de vandalismo en torno  &#8230; a la escultura &#8216;Zinka&#8217; instalada en Saregile plaza, frente de la casa de la cultura Alondegia de Zumaia. Seg\u00fan los autores de la escultura, en la madrugada del s\u00e1bado 22 de noviembre, sobre las 4.00 horas, cinco individuos rompieron los anclajes de la escultura, la volcaron y la arrojaron finalmente a la r\u00eda.<\/p>\n<p class=\"v-p\">La Asociaci\u00f3n de escultores y escultoras de Euskal Herria, Eskuahaldunak, realizaron un homenaje al artista I\u00f1aki Olazabal (fallecido en mayo) mediante la exposici\u00f3n &#8216;I\u00f1aki Olazabal bidean&#8217; en Zumaia. La exposici\u00f3n, en la que colaboraron 40 artistas, estuvo en la sala Oxford de la casa de cultura Alondegia desde el 7 al 23 de noviembre. &#8216;Zinka&#8217;, la obra creada por los artistas Jos\u00e9 Luis Gonzalez Pazos y Ana Herranz, formaba parte de esta exposici\u00f3n y estuvo instalada en Saregile plaza, frente de la casa de la cultura Alondegia. Sin embargo, el pasado 29 de noviembre la asociaci\u00f3n recibi\u00f3 la noticia de que la obra hab\u00eda desaparecido.<\/p>\n<p class=\"v-p\">Ahora, los artistas Ana Herranz y Jos\u00e9 Luis Gonz\u00e1lez Pazos, junto con la Asociaci\u00f3n de Escultores y Escultoras Eskuahaldunak, han decidido hacer p\u00fablicos los hechos relacionados con el acto de vandalismo sufrido por la obra, \u00abante la falta de resultados de las gestiones policiales y municipales\u00bb para que la ciudadan\u00eda conozca los pormenores de este suceso.<\/p>\n<p class=\"v-p\">Tras conocerse los hechos, los autores de la obra y la asociaci\u00f3n Eskuahaldunak se pusieron a disposici\u00f3n del Ayuntamiento para colaborar en las gestiones necesarias para la recuperaci\u00f3n de la escultura, dejando en manos del Consistorio las iniciativas a adoptar para su recuperaci\u00f3n. \u00abSe les indic\u00f3 que deber\u00edan ser ellos los denunciantes de los hechos ante la Ertzaintza, lo cual hicieron de inmediato\u00bb, han se\u00f1alado.<\/p>\n<p class=\"v-p\">Debido a que las pesquisas policiales y la inmersi\u00f3n de buzos en la r\u00eda no han dado ning\u00fan fruto, la Asociaci\u00f3n Eskuahaldunak ha anunciado que realizar\u00e1 un acto para denunciar p\u00fablicamente lo ocurrido, dar a conocer los pormenores del suceso y promover una ola de solidaridad con los artistas, \u00aben defensa de nuestra cultura y hacer valer que los valores del respeto y la tolerancia sean los due\u00f1os de la vida p\u00fablica y nuestras calles\u00bb.<\/p>\n<p class=\"v-p\">La pieza, realizada en zinc y creada tambi\u00e9n como tributo al propio Olazabal, med\u00eda 2,30 metros de altura, 2,10 metros de anchura y 70 cent\u00edmetros de fondo, y contaba con un peso aproximado de 150 kilos. La obra se encontraba anclada al suelo. <\/p>\n<p>Movilizaci\u00f3n<\/p>\n<p class=\"v-p\">Desde la asociaci\u00f3n recuerdan que no se trata de un caso aislado. A lo largo del \u00faltimo a\u00f1o se han producido varios actos vand\u00e1licos contra obras de sus artistas: en La Arboleda, donde una escultura de I\u00f1aki Olazabal fue arrojada a un lago; en Otsagabia, con varias obras lanzadas al r\u00edo; en Leitza, donde se derribaron esculturas instaladas en el bosque; y ahora en Zumaia. \u00abEs el cuarto caso de vandalismo hacia escultura p\u00fablica, creemos que es el momento de decir basta a la barbarie, y pedir respeto a nuestra cultura y a nuestras artistas y creadores\u00bb, han subrayado.<\/p>\n<p class=\"v-p\">Por \u00faltimo, Eskuahaldunak ha invitado a la ciudadan\u00eda y a las personas vinculadas al \u00e1mbito cultural a sumarse a este acto p\u00fablico que tendr\u00e1 lugar el d\u00eda 26, viernes, a las 11:30 horas en Saregile plaza. \u00abInvitamos a vecinos y personas que trabajan por la cultura a que unan su voz a la nuestra en este acto que explicaremos los pormenores del hecho\u00bb.<\/p>\n","protected":false},"excerpt":{"rendered":"Los artistas Ana Herranz y Jos\u00e9 Luis Gonz\u00e1lez Pazos, junto con la Asociaci\u00f3n de Escultores y Escultoras Eskuahaldunak,&hellip;\n","protected":false},"author":2,"featured_media":304807,"comment_status":"","ping_status":"","sticky":false,"template":"","format":"standard","meta":{"footnotes":""},"categories":[173],"tags":[229,233,231,230,72107,232,234,146,147,25,1246,24,31250,23,72108,72088],"class_list":{"0":"post-304806","1":"post","2":"type-post","3":"status-publish","4":"format-standard","5":"has-post-thumbnail","7":"category-arte-y-diseno","8":"tag-arte","9":"tag-arte-y-diseno","10":"tag-arts","11":"tag-arts-and-design","12":"tag-derribada","13":"tag-design","14":"tag-diseno","15":"tag-entertainment","16":"tag-entretenimiento","17":"tag-es","18":"tag-escultura","19":"tag-espana","20":"tag-ria","21":"tag-spain","22":"tag-tirada","23":"tag-zinka"},"share_on_mastodon":{"url":"https:\/\/pubeurope.com\/@es\/115774213565918499","error":""},"_links":{"self":[{"href":"https:\/\/www.europesays.com\/es\/wp-json\/wp\/v2\/posts\/304806","targetHints":{"allow":["GET"]}}],"collection":[{"href":"https:\/\/www.europesays.com\/es\/wp-json\/wp\/v2\/posts"}],"about":[{"href":"https:\/\/www.europesays.com\/es\/wp-json\/wp\/v2\/types\/post"}],"author":[{"embeddable":true,"href":"https:\/\/www.europesays.com\/es\/wp-json\/wp\/v2\/users\/2"}],"replies":[{"embeddable":true,"href":"https:\/\/www.europesays.com\/es\/wp-json\/wp\/v2\/comments?post=304806"}],"version-history":[{"count":0,"href":"https:\/\/www.europesays.com\/es\/wp-json\/wp\/v2\/posts\/304806\/revisions"}],"wp:featuredmedia":[{"embeddable":true,"href":"https:\/\/www.europesays.com\/es\/wp-json\/wp\/v2\/media\/304807"}],"wp:attachment":[{"href":"https:\/\/www.europesays.com\/es\/wp-json\/wp\/v2\/media?parent=304806"}],"wp:term":[{"taxonomy":"category","embeddable":true,"href":"https:\/\/www.europesays.com\/es\/wp-json\/wp\/v2\/categories?post=304806"},{"taxonomy":"post_tag","embeddable":true,"href":"https:\/\/www.europesays.com\/es\/wp-json\/wp\/v2\/tags?post=304806"}],"curies":[{"name":"wp","href":"https:\/\/api.w.org\/{rel}","templated":true}]}}