{"id":304834,"date":"2025-12-24T11:25:14","date_gmt":"2025-12-24T11:25:14","guid":{"rendered":"https:\/\/www.europesays.com\/es\/304834\/"},"modified":"2025-12-24T11:25:14","modified_gmt":"2025-12-24T11:25:14","slug":"el-turno-de-herrando-en-osasuna","status":"publish","type":"post","link":"https:\/\/www.europesays.com\/es\/304834\/","title":{"rendered":"El turno de Herrando en Osasuna"},"content":{"rendered":"<p>\n        Se fue <strong>Enzo Boyomo<\/strong> concentrado con la selecci\u00f3n absoluta de Camer\u00fan para preparar y participar en la Copa de \u00c1frica de Naciones y <strong>Osasuna pierde a uno de sus mejores activos en el eje de la defensa<\/strong>. Sin embargo, <a href=\"https:\/\/www.noticiasdenavarra.com\/tags\/jorge-herrando\/\" title=\"Jorge Herrando Oroz\" target=\"_blank\" class=\"link copy\" rel=\"nofollow noopener\">Jorge Herrando Oroz<\/a> (Campanas, 28\/2\/2001) ha aprovechado la ausencia de su compa\u00f1ero en los dos \u00faltimos compromisos oficiales del conjunto navarro para <strong>hacerse fuerte en el once de Alessio Lisci<\/strong>, reivindicarse en el terreno de juego y demostrar que, acuda o no el club al mercado de invierno para reforzar la defensa,<strong> est\u00e1 m\u00e1s que capacitado para convertirse en el relevo natural de Boyomo<\/strong> e incluso discutirle un puesto como titular a su regreso a Pamplona.\n<\/p>\n<p class=\"article-body__text \">\n        <strong>Herrando jug\u00f3 de inicio el mi\u00e9rcoles de la pasada semana en Huesca<\/strong>, donde Osasuna avanz\u00f3 hasta los octavos de final de la Copa a costa de un rival de inferior categor\u00eda ante el que necesit\u00f3 la pr\u00f3rroga (2-4). El central de Campanas actu\u00f3 de salida en una defensa de cuatro, compartiendo el eje de la zaga con Asier Osambela, y fue sustituido por Alejandro Catena en el minuto 69, con 1-1 en el marcador, resultado con el que se lleg\u00f3 al final de los 90 minutos.\n<\/p>\n<p class=\"article-body__text \">\n        <strong>A Herrando le cambi\u00f3 Lisci en el torneo del KO por una cuesti\u00f3n de reparto de cargas f\u00edsicas<\/strong>, pero el s\u00e1bado tambi\u00e9n sali\u00f3 de titular en el partido de Liga contra el Alav\u00e9s en El Sadar, donde Catena se convirti\u00f3 en su compa\u00f1ero. Y ambos completaron una soberbia actuaci\u00f3n, cuyo hito lleg\u00f3 en el minuto 65, todav\u00eda con empate sin goles en el electr\u00f3nico, cuando entre ambos molestaron lo suficiente a Toni Mart\u00ednez para facilitar que Sergio Herrera saliera triunfador de un mano a mano con el delantero del cuadro vitoriano. Lo que ocurri\u00f3 despu\u00e9s es que Ante Budimir marc\u00f3 dos goles y Ra\u00fal Garc\u00eda de Haro hizo otro m\u00e1s para rubricar una importante victoria en forma de goleada (3-0) y con porter\u00eda a cero incluida por segunda vez consecutiva en El Sadar.\n<\/p>\n<p>  <strong>Boyomo, indiscutible <\/strong><\/p>\n<p class=\"article-body__text \">\n        S\u00f3lo hay que acudir a la estad\u00edstica para <strong>comprobar la relevancia de Boyomo en los planes de Lisci,<\/strong> que, hasta su marcha para disputar la Copa de \u00c1frica de Naciones con Camer\u00fan, hab\u00eda sido titular en los 16 primeros partidos de Liga de Osasuna, completando 13 de ellos y perdi\u00e9ndose algunos minutos \u00fanicamente en las derrotas contra el Villarreal en La Cer\u00e1mica (2-1), contra el Sevilla en el Ram\u00f3n S\u00e1nchez Pizju\u00e1n (1-0) y contra la Real Sociedad en El Sadar (1-3).<strong> Y adem\u00e1s de ser un fijo en la defensa del entrenador italiano, tanto en los partidos en los que los rojillos han jugado con tres centrales<\/strong> como en los que lo han hecho con dos, tambi\u00e9n aparece un gol en su hoja de servicios como rojillo, concretamente el que sirvi\u00f3 para firmar un ag\u00f3nico y postrero empate contra el Mallorca (2-2) en Palma, donde el conjunto navarro nivel\u00f3 un 2-0 adverso en los 10 minutos finales del encuentro.\n<\/p>\n<p class=\"article-body__text \">\n        En cualquier caso, las dos \u00faltimas actuaciones que ha completado Herrando han servido para que muy pocos, por no decir nadie, se hayan acordado de Boyomo, y hasta el propio entrenador de Osasuna destac\u00f3 la actuaci\u00f3n del canterano tras la victoria del pasado s\u00e1bado contra el Alav\u00e9s en El Sadar (3-0). \u201cCreo que Jorge (Herrando) ha subido mucho el nivel\u201d, afirm\u00f3 delante de los periodistas un Lisci que revel\u00f3 que su intenci\u00f3n es la de jugar, a partir de ahora, con una defensa par, confiando tambi\u00e9n para esta misi\u00f3n de actuar como central en Asier Osambela y<strong> justificando los motivos por los que, hasta la fecha, su equipo ha jugado m\u00e1s veces con tres centrales que con dos<\/strong>: \u201cHay muchas razones. Ha habido un tramo que hemos perdido a Aimar y Aimar es importante porque con cuatro est\u00e1 mucho m\u00e1s c\u00f3modo y est\u00e1 cerca del extremo; de hecho, desde que ha vuelto Aimar el nivel de V\u00edctor ha subido, y no es casualidad. Perdimos a Rosier, por lo que a Moncayola le ten\u00edamos que ayudar con un defensor m\u00e1s. Y Jorge (Herrando) ten\u00eda que subir su nivel y lo ha hecho. Muchas veces a los jugadores les puedes recuperar regal\u00e1ndoles minutos o apretando para que mejoren. Creo que hemos encontrado el mejor camino porque Jorge (Herrando) ha subido mucho su nivel y ahora estoy muy contento con \u00e9l. Ha sido un mix de cosas y, adem\u00e1s, fuera de casa los rivales eran muy dif\u00edciles. \u00bfPod\u00edamos haber jugado con cuatro defensas en Barcelona? Puede ser, pero no estamos a\u00fan bien coordinados para ir all\u00ed a jugar con cuatro, pero creo que nuestro futuro es jugar con cuatro, con dos centrales todo es mucho m\u00e1s f\u00e1cil\u201d.\n<\/p>\n<p>            <a href=\"https:\/\/www.noticiasdenavarra.com\/osasuna\/2025\/12\/23\/mercado-osasuna-sola-direccion-lisci-liga-moi-10509486.html\" title=\"El mercado de Osasuna es de una sola direcci\u00f3n\" class=\"new__media\" rel=\"nofollow noopener\" target=\"_blank\"><\/p>\n<p>                <img alt=\"El mercado de Osasuna es de una sola direcci\u00f3n\" data-src=\"https:\/\/www.europesays.com\/es\/wp-content\/uploads\/2025\/12\/617aaf56-c9d1-4200-bc4a-5f93a2fc0538_16-9-aspect-ratio_default_0.jpg\" class=\"lozad\"\/><\/p>\n<p>        <\/a><\/p>\n<p>        <a href=\"https:\/\/www.noticiasdenavarra.com\/osasuna\/2025\/12\/23\/mercado-osasuna-sola-direccion-lisci-liga-moi-10509486.html\" title=\"El mercado de Osasuna es de una sola direcci\u00f3n\" class=\"new__headline\" rel=\"nofollow noopener\" target=\"_blank\"><br \/>\n            El mercado de Osasuna es de una sola direcci\u00f3n<br \/>\n        <\/a><\/p>\n<p class=\"article-body__text \">\n        Con esta declaraci\u00f3n de intenciones, a Herrando, al igual que a Osasuna,<strong> se le aparece en el horizonte un mes de enero tremendamente ilusionante<\/strong>, porque cuenta m\u00e1s que nunca para Lisci y, con Boyomo en la Copa de \u00c1frica de Naciones \u2013no se sabe hasta cu\u00e1ndo\u2013, tiene pinta de que va a volver a tener una oportunidad contra el <strong>Athletic <\/strong>(el s\u00e1bado 3 de enero a partir de las 16.15 horas en El Sadar) y qui\u00e9n sabe si tambi\u00e9n en Girona (el s\u00e1bado 10 de enero a partir de las 18.30 horas), luego en la Copa contra quien toque e incluso en la visita a Pamplona del Oviedo fijada para el s\u00e1bado 17 de enero a las 18.30 horas. Todo depender\u00e1 del rendimiento del canterano y de las decisiones que adopte su entrenador, que, ya sea por valent\u00eda u obligaci\u00f3n, va recuperando a futbolistas para la causa.<strong> Y Herrando es uno de ellos.<\/strong>\n<\/p>\n<p>  <strong>Sin amarillas <\/strong><\/p>\n<p class=\"article-body__text \">\n        Adem\u00e1s, <strong>al central de Campanas no le han amonestado todav\u00eda en lo que va de Liga<\/strong> y Catena acaba de cumplir sanci\u00f3n por cinco amarillas, por lo que ambos se encuentran lejos de estar apercibidos. Una ventaja.\n<\/p>\n<p>  El contrato<\/p>\n<p class=\"article-body__text \">\n        Fue en julio de 2023 cuando <strong>Osasuna anunci\u00f3 la renovaci\u00f3n del contrato de Jorge Herrando<\/strong> con el club navarro hasta el 30 de junio de 2027 y con una cl\u00e1usula de rescisi\u00f3n de 12 millones de euros. Aunque la entidad explic\u00f3 en ese momento que se reservaba la posibilidad de aplicar, durante la vigencia del contrato, una subida autom\u00e1tica de salario y cl\u00e1usula ya pactada entre ambas partes, lo cierto es que son varios los meses que llevan hablando Osasuna y el jugador para ampliar la relaci\u00f3n contractual entre las dos partes, con m\u00e1s a\u00f1os de duraci\u00f3n, mejora salarial y subida de cl\u00e1usula, una renovaci\u00f3n en ciernes que, seg\u00fan ha podido saber este peri\u00f3dico, est\u00e1 bien encaminada.<\/p>\n","protected":false},"excerpt":{"rendered":"Se fue Enzo Boyomo concentrado con la selecci\u00f3n absoluta de Camer\u00fan para preparar y participar en la Copa&hellip;\n","protected":false},"author":2,"featured_media":304835,"comment_status":"","ping_status":"","sticky":false,"template":"","format":"standard","meta":{"footnotes":""},"categories":[268],"tags":[168,25,24,280,282,72113,621,281,23,167,69876],"class_list":{"0":"post-304834","1":"post","2":"type-post","3":"status-publish","4":"format-standard","5":"has-post-thumbnail","7":"category-futbol","8":"tag-deportes","9":"tag-es","10":"tag-espana","11":"tag-football","12":"tag-futbol","13":"tag-herrando","14":"tag-osasuna","15":"tag-soccer","16":"tag-spain","17":"tag-sports","18":"tag-turno"},"share_on_mastodon":{"url":"https:\/\/pubeurope.com\/@es\/115774300225704830","error":""},"_links":{"self":[{"href":"https:\/\/www.europesays.com\/es\/wp-json\/wp\/v2\/posts\/304834","targetHints":{"allow":["GET"]}}],"collection":[{"href":"https:\/\/www.europesays.com\/es\/wp-json\/wp\/v2\/posts"}],"about":[{"href":"https:\/\/www.europesays.com\/es\/wp-json\/wp\/v2\/types\/post"}],"author":[{"embeddable":true,"href":"https:\/\/www.europesays.com\/es\/wp-json\/wp\/v2\/users\/2"}],"replies":[{"embeddable":true,"href":"https:\/\/www.europesays.com\/es\/wp-json\/wp\/v2\/comments?post=304834"}],"version-history":[{"count":0,"href":"https:\/\/www.europesays.com\/es\/wp-json\/wp\/v2\/posts\/304834\/revisions"}],"wp:featuredmedia":[{"embeddable":true,"href":"https:\/\/www.europesays.com\/es\/wp-json\/wp\/v2\/media\/304835"}],"wp:attachment":[{"href":"https:\/\/www.europesays.com\/es\/wp-json\/wp\/v2\/media?parent=304834"}],"wp:term":[{"taxonomy":"category","embeddable":true,"href":"https:\/\/www.europesays.com\/es\/wp-json\/wp\/v2\/categories?post=304834"},{"taxonomy":"post_tag","embeddable":true,"href":"https:\/\/www.europesays.com\/es\/wp-json\/wp\/v2\/tags?post=304834"}],"curies":[{"name":"wp","href":"https:\/\/api.w.org\/{rel}","templated":true}]}}