{"id":304861,"date":"2025-12-24T11:44:35","date_gmt":"2025-12-24T11:44:35","guid":{"rendered":"https:\/\/www.europesays.com\/es\/304861\/"},"modified":"2025-12-24T11:44:35","modified_gmt":"2025-12-24T11:44:35","slug":"nicolas-lapentti-estrella-invitada-en-las-primeras-jornadas-de-tenis-concept-hotel-group-de-ibiza","status":"publish","type":"post","link":"https:\/\/www.europesays.com\/es\/304861\/","title":{"rendered":"Nicol\u00e1s Lapentti, estrella invitada en las primeras Jornadas de Tenis Concept Hotel Group de Ibiza"},"content":{"rendered":"<p class=\"ft-text\">Ibiza se convirti\u00f3 en el epicentro del tenis balear el pasado fin de semana con la participaci\u00f3n en las primeras <strong>Jornadas de Tenis Concept Hotel Group<\/strong> de<strong> Nicol\u00e1s Alexander Lapentti G\u00f3mez<\/strong>\u00a0(Guayaquil, 13 de agosto de 1976), uno de los grandes referentes del tenis internacional de su generaci\u00f3n. El ecuatoriano cuenta en su palmar\u00e9s con cinco t\u00edtulos ATP, una semifinal en el <strong>Open de Australia<\/strong> y el r\u00e9cord hist\u00f3rico de victorias en partidos a cinco sets en la <strong>Copa Davis,<\/strong> aportando prestigio y nivel internacional a un torneo que reuni\u00f3 a algunas de las mejores raquetas de la isla.<\/p>\n<p class=\"ft-text\">La competici\u00f3n estuvo organizada por Xavi Flaquer y Joan Llad\u00f3 y cont\u00f3 con una amplia participaci\u00f3n de jugadores locales. Entre ellos destac\u00f3 el veterano tenista ibicenco Joan Marge, que form\u00f3 pareja con Lapentti en la modalidad de dobles, alcanzando las semifinales del torneo. El evento cont\u00f3 con el apoyo de diversas empresas ibicencas, entre ellas Grupo Policl\u00ednica, Restaurante Bon Lloc, Vintage de Sebasti\u00e1n Gamboa, \u00d3pticas Dr. Mar\u00ed, La Morocha Bakery, Agroturismo Can Arab\u00ed, Vila Vins, Be Drinks, Spar, CBbc Ebusus Restaurant y Gyrotonic Eivissa.<\/p>\n<p><img decoding=\"async\" src=\"https:\/\/www.europesays.com\/es\/wp-content\/uploads\/2025\/12\/f03f0f41-68a9-45fe-966b-c5d4257220a8_alta-libre-aspect-ratio_default_0.jpg\" width=\"1200\" height=\"1600\" alt=\"Imagen de Lapentti\" class=\"ft-helper-img-rd\" loading=\"lazy\"\/><\/p>\n<p class=\"ft-helper-fontColor-quaternary ft-helper-fontSize-body-S ft-helper-spacer-t-xxs\">Imagen de Lapentti  \/ Jornadas de Tenis Concept Hotel Group<\/p>\n<p class=\"ft-text\">En el apartado deportivo, Pere Tarr\u00e9s se proclam\u00f3 campe\u00f3n en la modalidad individual tras vencer a Jes\u00fas Ram\u00edrez por 7\/5. En dobles, el t\u00edtulo fue para la pareja formada por Quico Flaquer y Pedro Cardona, que se impuso a Pere Tarr\u00e9s y Henrik por 8\/6. Las primeras Jornadas de Tenis Concept Hotel Group se cerraron con un balance positivo tanto en lo deportivo como en lo organizativo, consolid\u00e1ndose como una nueva cita destacada dentro del <a class=\"ft-link ft-link--decoration\" href=\"https:\/\/www.diariodeibiza.es\/ibiza\/2025\/09\/20\/deporte-cultura-famosos-torneo-tenis-121756837.html\" target=\"_blank\" rel=\"nofollow noopener\">calendario ten\u00edstico ibicenco.<\/a><\/p>\n","protected":false},"excerpt":{"rendered":"Ibiza se convirti\u00f3 en el epicentro del tenis balear el pasado fin de semana con la participaci\u00f3n en&hellip;\n","protected":false},"author":2,"featured_media":304862,"comment_status":"","ping_status":"","sticky":false,"template":"","format":"standard","meta":{"footnotes":""},"categories":[274],"tags":[168,25,24,14267,6060,72116,7703,1640,23,167,327,11759,326],"class_list":{"0":"post-304861","1":"post","2":"type-post","3":"status-publish","4":"format-standard","5":"has-post-thumbnail","7":"category-tenis","8":"tag-deportes","9":"tag-es","10":"tag-espana","11":"tag-estrella","12":"tag-invitada","13":"tag-lapentti","14":"tag-nicolas","15":"tag-primeras","16":"tag-spain","17":"tag-sports","18":"tag-tenis","19":"tag-tenistas","20":"tag-tennis"},"share_on_mastodon":{"url":"https:\/\/pubeurope.com\/@es\/115774375765482338","error":""},"_links":{"self":[{"href":"https:\/\/www.europesays.com\/es\/wp-json\/wp\/v2\/posts\/304861","targetHints":{"allow":["GET"]}}],"collection":[{"href":"https:\/\/www.europesays.com\/es\/wp-json\/wp\/v2\/posts"}],"about":[{"href":"https:\/\/www.europesays.com\/es\/wp-json\/wp\/v2\/types\/post"}],"author":[{"embeddable":true,"href":"https:\/\/www.europesays.com\/es\/wp-json\/wp\/v2\/users\/2"}],"replies":[{"embeddable":true,"href":"https:\/\/www.europesays.com\/es\/wp-json\/wp\/v2\/comments?post=304861"}],"version-history":[{"count":0,"href":"https:\/\/www.europesays.com\/es\/wp-json\/wp\/v2\/posts\/304861\/revisions"}],"wp:featuredmedia":[{"embeddable":true,"href":"https:\/\/www.europesays.com\/es\/wp-json\/wp\/v2\/media\/304862"}],"wp:attachment":[{"href":"https:\/\/www.europesays.com\/es\/wp-json\/wp\/v2\/media?parent=304861"}],"wp:term":[{"taxonomy":"category","embeddable":true,"href":"https:\/\/www.europesays.com\/es\/wp-json\/wp\/v2\/categories?post=304861"},{"taxonomy":"post_tag","embeddable":true,"href":"https:\/\/www.europesays.com\/es\/wp-json\/wp\/v2\/tags?post=304861"}],"curies":[{"name":"wp","href":"https:\/\/api.w.org\/{rel}","templated":true}]}}