{"id":304868,"date":"2025-12-24T11:50:32","date_gmt":"2025-12-24T11:50:32","guid":{"rendered":"https:\/\/www.europesays.com\/es\/304868\/"},"modified":"2025-12-24T11:50:32","modified_gmt":"2025-12-24T11:50:32","slug":"marina-gomez-la-ceuti-elegida-mejor-actriz-por-su-actuacion-en-ave-maria-putisima","status":"publish","type":"post","link":"https:\/\/www.europesays.com\/es\/304868\/","title":{"rendered":"Marina G\u00f3mez, la ceut\u00ed elegida mejor actriz por su actuaci\u00f3n en &#8216;Ave Mar\u00eda Put\u00edsima&#8217;"},"content":{"rendered":"<p>Con apenas 19 a\u00f1os, <strong>Marina G\u00f3mez<\/strong> ha comenzado un camino firme en el competitivo mundo de las artes esc\u00e9nicas. <strong>Nacida en Ceuta y asentada entre M\u00e1laga y Madrid<\/strong>, esta joven actriz, bailarina y modelo alternativa ha convertido la constancia, la disciplina y la pasi\u00f3n por el arte en su d\u00eda a d\u00eda.<\/p>\n<p>Su formaci\u00f3n en <a href=\"https:\/\/elfarodeceuta.es\/actriz-beatriz-rico-mama-adoptiva-gata-ceuta\/\" rel=\"nofollow noopener\" target=\"_blank\"><strong>interpretaci\u00f3n ante la c\u00e1mara<\/strong><\/a>, su <strong>v\u00ednculo profundo con la danza<\/strong> y sus primeros reconocimientos en festivales internacionales la sit\u00faan como toda una <strong>promesa ceut\u00ed en el marco actoral<\/strong>. Recientemente ha sido elegida como <a href=\"https:\/\/elfarodeceuta.es\/ceuti-alvaro-garcia-inmerso-cortometraje-proyeccion-nacional\/\" rel=\"nofollow noopener\" target=\"_blank\"><strong>mejor actriz por el corto \u2018Ave Mar\u00eda Put\u00edsima\u2019<\/strong><\/a> en el Festival Internacional de Marbella.<\/p>\n<p>En esta entrevista, Marina narra sus or\u00edgenes, <strong>los retos que enfrenta<\/strong>, sus miedos y aprendizajes, y un futuro que, lejos de asustarla, la impulsa a seguir explorando personajes complejos y desafiantes, especialmente dentro del g\u00e9nero que ya siente como suyo: el terror.<strong>\u00a0<\/strong><\/p>\n<p><strong>-Para empezar, cu\u00e9ntenos qui\u00e9n es Marina G\u00f3mez. \u00bfC\u00f3mo se definir\u00eda?<\/strong><\/p>\n<p>-Es muy dif\u00edcil contestar a esa pregunta. Me defino como una persona muy risue\u00f1a, con ganas de comerme el mundo y apasionada por el arte y el trabajo. Me considero muy trabajadora y me esfuerzo al m\u00e1ximo para alcanzar mis metas, muchas veces sin descansar ni un solo d\u00eda. Por ello, pienso que hoy en d\u00eda soy quien soy.<\/p>\n<p><strong>&#8211; Nace en Ceuta y pasa aqu\u00ed toda su infancia hasta bachillerato, \u00bfqu\u00e9 recuerdos guarda de esa etapa y qu\u00e9 papel tuvo Ceuta en su vocaci\u00f3n art\u00edstica?<\/strong><\/p>\n<p>-S\u00ed, nac\u00ed en Ceuta y viv\u00ed all\u00ed gran parte de mi vida. Guardo recuerdos muy bonitos, ya que toda mi familia es de all\u00ed y, cada vez que vuelvo, significa reencontrarme con ellos.<\/p>\n<p>Tambi\u00e9n conservo un grupo de amigas muy especial para m\u00ed, porque gracias a ellas, que me dejaron ser quien soy sin importar mi estilo o gustos, pude descubrirme a m\u00ed misma como artista y como persona. Sin ellas no habr\u00eda sido posible.<\/p>\n<p>Ceuta fue el lugar donde di mis primeros pasos como creadora de contenido en redes sociales, aunque siempre supe que mi verdadera vocaci\u00f3n era salir alg\u00fan d\u00eda en la gran pantalla. Por ello me apunt\u00e9 a teatro en Art Factory, a quienes debo una parte muy importante de mi descubrimiento personal.<\/p>\n<p><strong>-M\u00e1s adelante decide mudarse a M\u00e1laga para cursar el bachillerato de Artes Esc\u00e9nicas. \u00bfC\u00f3mo fue ese cambio tan importante a nivel personal y profesional?, \u00bfDesde que estaba en los Agustinos sab\u00eda que quer\u00eda dedicarse a las Artes Esc\u00e9nicas?<\/strong><\/p>\n<p>-Cuando llegu\u00e9 a M\u00e1laga, el cambio fue muy dr\u00e1stico en mi vida, pero sin duda fue la mejor decisi\u00f3n que he tomado. En tan solo cuatro meses aqu\u00ed tuve mi primer desfile de moda. Mi carrera como modelo y actriz se impuls\u00f3 a una escala enorme, y siempre estar\u00e9 agradecida a quienes confiaron en m\u00ed desde el primer momento.<\/p>\n<p>Llegu\u00e9 con poca seguridad en m\u00ed misma, con pocas esperanzas y con muchas cosas guardadas dentro, pero siento que, si no me hubiera mudado, jam\u00e1s habr\u00eda conseguido ser tan segura de m\u00ed misma.<\/p>\n<p>Y, contestando a lo de los Agustinos: s\u00ed, siempre he sabido a qu\u00e9 quer\u00eda dedicarme. Era una persona muy creativa, amante del cine, que iba siempre que pod\u00eda. Me encantaba disfrazarme y so\u00f1ar con que alg\u00fan d\u00eda podr\u00eda vivir con un \u201cdisfraz\u201d toda mi vida.<\/p>\n<p><strong>&#8211; Actualmente est\u00e1 realizando un m\u00e1ster de interpretaci\u00f3n ante la c\u00e1mara en la Escuela de Cine de M\u00e1laga. \u00bfQu\u00e9 est\u00e1 descubriendo sobre s\u00ed misma como actriz en esta etapa de formaci\u00f3n?<\/strong><\/p>\n<p>-Actualmente, como bien dices, estoy estudiando un m\u00e1ster. Est\u00e1n siendo dos a\u00f1os cargados de emociones, proyectos, castings y agencias, pero no puedo estar m\u00e1s contenta. Mis compa\u00f1eros son un referente constante para m\u00ed, y mis profesores y directores (Chema y Rafa) conf\u00edan en m\u00ed m\u00e1s de lo que yo misma a veces lo hago. Les debo mucho de la actriz que soy hoy.<\/p>\n<p>Estoy descubriendo mi faceta m\u00e1s cineasta: viendo muchas pel\u00edculas, asistiendo a charlas e intentando interpretar nuevos personajes con distintas facetas e historias.<strong>\u00a0<\/strong><\/p>\n<p><strong>&#8211; Adem\u00e1s de la interpretaci\u00f3n, estudia un Grado de Danza (jazz, ballet, contempor\u00e1neo\u2026). \u00bfC\u00f3mo influye la danza en su manera de actuar y expresarse frente a la c\u00e1mara? \u00bfEnriquece su aprendizaje?<\/strong><\/p>\n<p>-Siempre digo que la danza me ha devuelto la vida. Es mi herramienta de desconexi\u00f3n, de nutrici\u00f3n y mi arma m\u00e1s poderosa. Siempre supe que la danza me ayudar\u00eda en este camino.<\/p>\n<p>Mi profesora Lorena me ha dado grandes papeles, como Hiena en El Rey Le\u00f3n o Jafar en Aladd\u00edn. En el momento en que me dio el protag\u00f3nico de Aladd\u00edn supe que ten\u00eda que jugar con mi otra arma: la interpretaci\u00f3n. Sin duda, eso fue lo que m\u00e1s me caracteriz\u00f3 como personaje y como bailarina.<\/p>\n<p>La danza me ayuda a combatir los nervios, a conocer mi cuerpo y mis sentimientos, algo fundamental para poder interpretar tanto sobre un escenario como en un set de rodaje.<\/p>\n<p>                        <a data-id=\"0\" data-title=\"\" data-image=\"https:\/\/elfarodeceuta.es\/wp-content\/uploads\/2025\/12\/marina-gomez-ceuti-mejor-actriz-ave-maria-putisima-2.jpg\" href=\"https:\/\/elfarodeceuta.es\/wp-content\/uploads\/2025\/12\/marina-gomez-ceuti-mejor-actriz-ave-maria-putisima-2.jpg\" class=\"jeg_preview_item active\" rel=\"nofollow noopener\" target=\"_blank\"><\/p>\n<p>                                <img loading=\"lazy\" decoding=\"async\" width=\"120\" height=\"86\" src=\"https:\/\/www.europesays.com\/es\/wp-content\/uploads\/2025\/12\/marina-gomez-ceuti-mejor-actriz-ave-maria-putisima-2-120x86.jpg\" class=\"attachment-jnews-120x86 size-jnews-120x86\" alt=\"\"   data-full-width=\"803\" data-full-height=\"535\"\/><\/p>\n<p>                        <\/a><a data-id=\"1\" data-title=\"\" data-image=\"https:\/\/elfarodeceuta.es\/wp-content\/uploads\/2025\/12\/marina-gomez-ceuti-mejor-actriz-ave-maria-putisima-6.jpg\" href=\"https:\/\/elfarodeceuta.es\/wp-content\/uploads\/2025\/12\/marina-gomez-ceuti-mejor-actriz-ave-maria-putisima-6.jpg\" class=\"jeg_preview_item \" rel=\"nofollow noopener\" target=\"_blank\"><\/p>\n<p>                                <img loading=\"lazy\" decoding=\"async\" width=\"120\" height=\"86\" src=\"https:\/\/www.europesays.com\/es\/wp-content\/uploads\/2025\/12\/marina-gomez-ceuti-mejor-actriz-ave-maria-putisima-6-120x86.jpg\" class=\"attachment-jnews-120x86 size-jnews-120x86\" alt=\"\"   data-full-width=\"803\" data-full-height=\"535\"\/><\/p>\n<p>                        <\/a><\/p>\n<p><strong>-A pesar de su juventud, ya ha participado en numerosos proyectos audiovisuales. \u00bfQu\u00e9 aprendizajes le han dejado sus primeros trabajos como actriz?<\/strong><\/p>\n<p>-Mis primeros trabajos como actriz est\u00e1n siendo muy divertidos y emocionantes. Jam\u00e1s olvidar\u00e9 cuando hice mi primer protag\u00f3nico en el videoarte Brujas (dirigido por Miriam M\u00e1rquez y Carmen Moreno). Hab\u00eda tanta gente en el set que, mientras me maquillaban, empec\u00e9 a llorar de emoci\u00f3n. En ese instante supe que hab\u00eda elegido muy bien mi vocaci\u00f3n.<\/p>\n<p>Sent\u00ed una mezcla de satisfacci\u00f3n por el esfuerzo, gratitud por lo vivido y una paz que jam\u00e1s hab\u00eda experimentado. Creo que esta an\u00e9cdota marca uno de los mayores aprendizajes de mi camino art\u00edstico.<\/p>\n<p><strong>-Su proyecto m\u00e1s reciente, \u201cAve Mar\u00eda Put\u00edsima\u201d, ha sido premiado a Mejor Direcci\u00f3n en el Festival Internacional de Cine de la India y usted ha recibido el premio a Mejor Actriz en el Festival Internacional de Marbella. \u00bfC\u00f3mo vivi\u00f3 ese reconocimiento? \u00bfDe qu\u00e9 trataba este corto y qu\u00e9 importancia cree que pueda tener en su carrera?<\/strong><\/p>\n<p>-Recuerdo que ese d\u00eda me escribi\u00f3 Chema, director de la escuela, y me envi\u00f3 un PDF en el que pon\u00eda: \u201cPremio a Mejor Actriz\u201d. Me qued\u00e9 en shock durante varios minutos, porque para m\u00ed fue una aut\u00e9ntica odisea prepararme para ese personaje. Estaba muy lejos de lo que quer\u00eda demostrar en pantalla, pero todo esfuerzo tiene su recompensa, y as\u00ed se vio reflejado.<\/p>\n<p>Intentar\u00e9 explicar el corto sin hacer spoilers, ya que a\u00fan est\u00e1 viajando por festivales de cine. Ave Mar\u00eda Put\u00edsima es un cortometraje de terror\/thriller que narra la historia de Gala, una chica obsesionada con los n\u00fameros y las plataformas de streaming. Tan obsesionada que es capaz de hacer cualquier cosa por conseguir seguidores.<\/p>\n<blockquote><p>\u00abEl cortometraje narra la historia de Gala, una chica obsesionada con los n\u00fameros y el streaming\u00bb<\/p><\/blockquote>\n<p>El guion fue escrito por Lola Garc\u00eda, que no dud\u00f3 en ning\u00fan momento en confiar en m\u00ed para el papel de Gala. El corto fue dirigido por David Porras, quien me ayud\u00f3 enormemente a construir el personaje. Nada de esto habr\u00eda sido posible sin Jos\u00e9 Barbero (direcci\u00f3n de arte) ni Mario Oliva (iluminaci\u00f3n) y por supuesto agradecimiento a mi compa\u00f1ero de rodaje Alejandro Conde. Siempre hay que agradecer el esfuerzo de todo el equipo.<\/p>\n<p>Ave Mar\u00eda Put\u00edsima marca un antes y un despu\u00e9s en mi carrera. Tuve que aprender a grabar con c\u00e1mara en mano y a interpretar uno de los g\u00e9neros m\u00e1s dif\u00edciles del cine: el terror. Gracias a este proyecto descubr\u00ed que mi futuro est\u00e1 en el terror y en todas sus variantes. Me apasiona este g\u00e9nero y los retos que plantea, y quiero vivir mi carrera a base de desaf\u00edos como este.<\/p>\n<p><strong>-\u00bfQu\u00e9 signific\u00f3 para usted recibir un premio a Mejor Actriz tan pronto en tu carrera?<\/strong><\/p>\n<p>-Para m\u00ed, este premio signific\u00f3 much\u00edsimo, ya que es el primero de mi carrera como actriz, aunque sin duda ser\u00e1 el primero de muchos. El nivel interpretativo del corto es muy arriesgado, ya que se me ped\u00eda construir un personaje sobreactuado, propio de las redes sociales.<\/p>\n<p>El mayor reto fue la escena final, cargada de dramatismo y violencia, donde se muestra el arco completo del personaje. Adem\u00e1s, era una escena secuencia, sin cortes, con una sola oportunidad para hacerlo bien. Rodamos entre la una y las tres de la madrugada, en un descampado, con bastante fr\u00edo, y ten\u00eda que entrar muy r\u00e1pido en el personaje, ya que era la escena m\u00e1s importante del corto.<\/p>\n<p><strong>-Paralelamente trabaja como modelo alternativa en M\u00e1laga y Madrid, colaborando con marcas como Chika10, Gederosa, Dona Ralph o Padthaiwok. \u00bfC\u00f3mo compagina el mundo de la moda con la interpretaci\u00f3n?<\/strong><\/p>\n<p>-Trabajo con una agencia llamada 404 Talents \/ 404 The Archive, en Madrid, que me ha proporcionado numerosos castings. Tengo la suerte de que una se centra en publicidad y ficci\u00f3n y la otra en modelaje, lo que me facilita mucho compaginar ambas disciplinas.<\/p>\n<p>En M\u00e1laga trabajo bastante como modelo; pr\u00e1cticamente todas las semanas surge alg\u00fan proyecto. Aunque en m\u00e1s de una ocasi\u00f3n he llegado a trabajar 24 horas seguidas, combinando rodajes con sesiones o desfiles, amo tanto mi trabajo que no me supone ning\u00fan problema.<\/p>\n<blockquote><p>\u00abMe encantar\u00eda poder llevarle mis premios a Ceuta en un futuro. Es mi infancia y mi familia est\u00e1 all\u00ed\u00bb<\/p><\/blockquote>\n<p>Tambi\u00e9n he tenido la suerte de encontrarme con personas maravillosas en el camino, como las maquilladoras @midnight.dann, @martimuah y Sonia \u00c1lvarez, que me ha acompa\u00f1ado en varias sesiones y eventos como el Festival de Cine de M\u00e1laga. Asimismo, dise\u00f1adores y marcas como @donaralph, @gederosa, @ferrucho o @anticalma (entre muchos otros) me han prestado vestuario y han colaborado conmigo sin dudarlo, haciendo todo este camino un poco m\u00e1s f\u00e1cil.<\/p>\n<p><strong>&#8211; Mirando hacia atr\u00e1s, con solo 19 a\u00f1os, ya ha construido una base. \u00bfCu\u00e1l dir\u00eda que ha sido el mayor reto que ha enfrentado hasta ahora?<\/strong><\/p>\n<p>-Mi mayor reto, sin duda, ha sido encontrarme a m\u00ed misma como artista y como persona. He pasado por todos los estilos posibles y muchas veces he empezado desde cero, ya que hacerse un hueco en la industria no es f\u00e1cil, especialmente en una ciudad como M\u00e1laga, donde hay compa\u00f1eros con un talento enorme.<\/p>\n<p>Tambi\u00e9n he luchado con el s\u00edndrome del impostor, esa sensaci\u00f3n de no merecer lo que est\u00e1s viviendo. A veces me cuesta procesar que todo esto lo he conseguido yo, con trabajo y esfuerzo. Pero \u00faltimamente he aprendido a quererme, a encontrarme y a darme las gracias.<\/p>\n<p><strong>-\u00bfQu\u00e9 tipo de personajes le gustar\u00eda interpretar en el futuro? \u00bfHay alg\u00fan g\u00e9nero o historia que le atraiga especialmente?<\/strong><\/p>\n<p>-Me encanta esta pregunta. Me encantar\u00eda interpretar asesinos, monstruos o personajes que supongan un gran reto, como el protagonista de la pel\u00edcula M\u00faltiple. Sin duda, el terror es un gran referente de lo que aspiro a hacer.<\/p>\n<p>Siempre me ha gustado buscar a los personajes, crearles historias, aislarme si es necesario o prepararme f\u00edsicamente cuando el papel lo requiere. Me apasionan los retos.<\/p>\n<p><strong>-Aunque ahora reside entre M\u00e1laga y Madrid, \u00bfQu\u00e9 significa Ceuta para usted?<\/strong><\/p>\n<p>-Ceuta significa para m\u00ed infancia y familia. Es el lugar donde crec\u00ed y donde viv\u00ed una ni\u00f1ez maravillosa junto a los m\u00edos. <strong><a href=\"https:\/\/elfarodeceuta.es\/importante-ceuties-orgullosos-ciudad-masdelaperla-maria-garcia-laura-perena\/\" rel=\"nofollow noopener\" target=\"_blank\">Me encantar\u00eda poder llevarle mis premios a Ceuta en un futuro.<\/a><\/strong><\/p>\n<p><strong>-Para terminar, \u00bfCu\u00e1l ser\u00eda el mayor logro en su carrera?<\/strong><\/p>\n<p>&#8211; Mi mayor logro en mi carrera son las personas que me estoy encontrando en el camino y despertarme cada d\u00eda sabiendo que hay un nuevo proyecto al que aferrarme.<\/p>\n","protected":false},"excerpt":{"rendered":"Con apenas 19 a\u00f1os, Marina G\u00f3mez ha comenzado un camino firme en el competitivo mundo de las artes&hellip;\n","protected":false},"author":2,"featured_media":304869,"comment_status":"","ping_status":"","sticky":false,"template":"","format":"standard","meta":{"footnotes":""},"categories":[174],"tags":[255,146,147,25,24,256,23],"class_list":{"0":"post-304868","1":"post","2":"type-post","3":"status-publish","4":"format-standard","5":"has-post-thumbnail","7":"category-famosos","8":"tag-celebrities","9":"tag-entertainment","10":"tag-entretenimiento","11":"tag-es","12":"tag-espana","13":"tag-famosos","14":"tag-spain"},"share_on_mastodon":{"url":"https:\/\/pubeurope.com\/@es\/115774399326231136","error":""},"_links":{"self":[{"href":"https:\/\/www.europesays.com\/es\/wp-json\/wp\/v2\/posts\/304868","targetHints":{"allow":["GET"]}}],"collection":[{"href":"https:\/\/www.europesays.com\/es\/wp-json\/wp\/v2\/posts"}],"about":[{"href":"https:\/\/www.europesays.com\/es\/wp-json\/wp\/v2\/types\/post"}],"author":[{"embeddable":true,"href":"https:\/\/www.europesays.com\/es\/wp-json\/wp\/v2\/users\/2"}],"replies":[{"embeddable":true,"href":"https:\/\/www.europesays.com\/es\/wp-json\/wp\/v2\/comments?post=304868"}],"version-history":[{"count":0,"href":"https:\/\/www.europesays.com\/es\/wp-json\/wp\/v2\/posts\/304868\/revisions"}],"wp:featuredmedia":[{"embeddable":true,"href":"https:\/\/www.europesays.com\/es\/wp-json\/wp\/v2\/media\/304869"}],"wp:attachment":[{"href":"https:\/\/www.europesays.com\/es\/wp-json\/wp\/v2\/media?parent=304868"}],"wp:term":[{"taxonomy":"category","embeddable":true,"href":"https:\/\/www.europesays.com\/es\/wp-json\/wp\/v2\/categories?post=304868"},{"taxonomy":"post_tag","embeddable":true,"href":"https:\/\/www.europesays.com\/es\/wp-json\/wp\/v2\/tags?post=304868"}],"curies":[{"name":"wp","href":"https:\/\/api.w.org\/{rel}","templated":true}]}}