{"id":304898,"date":"2025-12-24T12:19:22","date_gmt":"2025-12-24T12:19:22","guid":{"rendered":"https:\/\/www.europesays.com\/es\/304898\/"},"modified":"2025-12-24T12:19:22","modified_gmt":"2025-12-24T12:19:22","slug":"albert-pla-deja-una-frase-que-va-a-sonar-mucho-al-hablar-asi-sobre-la-sociedad-actual","status":"publish","type":"post","link":"https:\/\/www.europesays.com\/es\/304898\/","title":{"rendered":"Albert Pla deja una frase que va a sonar mucho al hablar as\u00ed sobre la sociedad actual"},"content":{"rendered":"<p><b>El cantante y actor catal\u00e1n Albert Pla<\/b>, que va a estrenar Emergency Exit, la nueva pel\u00edcula del director Llu\u00eds Mi\u00f1arro, ha concedido <a href=\"https:\/\/www.lavanguardia.com\/vivo\/longevity\/20251224\/11372096\/albert-pla-cantante-59-anos-te-ries-terraplanistas-90-poblacion-mundial-cree-dios-que-mas-disparate.html\" rel=\"nofollow noopener\" target=\"_blank\">una entrevista a La Vanguardi<\/a>a en la que ha hablado de su trabajo, su carrera y tambi\u00e9n ha hecho una descripci\u00f3n de c\u00f3mo ve la sociedad actual.<\/p>\n<p><a href=\"https:\/\/www.huffingtonpost.es\/virales\/albert-pla-emociona-pocas-veces-recordar-robe-iniesta-me-cantado-todos-discos-cappella-f202512.html\" rel=\"nofollow noopener\" target=\"_blank\">Todo ha comenzado cuando\u00a0 el Premio Nacional de M\u00fasica<\/a> ha sido preguntado por si fue punk, ya que \u00abmucha gente ten\u00eda de usted una imagen as\u00ed\u00bb. \u00ab<b>S\u00ed. Por generaci\u00f3n me toc\u00f3, y me dej\u00e9 llevar un poquit<\/b>o. Y es verdad que ten\u00edan un poco de raz\u00f3n los punks\u00bb, ha asegurado \u00e9l.<\/p>\n<p>Pla ha explicado que estos pensamientos en los que ten\u00edan raz\u00f3n eran <b>\u00aben que no hay mucho futuro<\/b>\u00ab. Ah\u00ed es cuando ha sido preguntado por si no queda esperanza. De nuevo, ha sido sincero en su respuesta.<\/p>\n<p>\u00abTodo lo que se criticaba entonces, se critica m\u00e1s ahora. Yo siento que ya perd\u00ed todas las batallas sociales. Y mis ilusiones acerca de las otras personas, tambi\u00e9n las perd\u00ed\u00bb, ha asegurado el cantante catal\u00e1n, detallando que estas eran que \u00ab<b>todo el mundo fuera simp\u00e1tico, agradable, y que no hubiera desigualdad\u00bb.\u00a0<\/b><\/p>\n<p>\u00abPero si no se arregla, <b>ser\u00e1 que a los dem\u00e1s les parece una tonter\u00eda solucionarlo<\/b>\u00ab, ha a\u00f1adido Pla.<\/p>\n<p>\u00bfEstamos en retroceso?<\/p>\n<p>Entonces es cuando <a href=\"https:\/\/www.huffingtonpost.es\/virales\/preguntan-albert-pla-aboliria-herencias-dice-esta-dando-hablar.html\" rel=\"nofollow noopener\" target=\"_blank\">ha tenido que contestar a si estamos en retroceso<\/a>: \u00ab\u00bfRetroceso? No. La ciencia avanza, aunque cada vez la entendemos menos. <b>La tecnolog\u00eda tambi\u00e9n avanza, pero tambi\u00e9n la entendemos menos\u00bb.\u00a0<\/b><\/p>\n<p>\u00abO sea, en realidad todo es una tonter\u00eda. T\u00fa igual te r\u00edes de los terraplanistas, pero <b>el 90% de la poblaci\u00f3n mundial cree que existe Dios<\/b>. \u00bfQu\u00e9 es m\u00e1s disparate? Me sorprenden estas cosas\u00bb, ha sentenciado el popular artista.<\/p>\n<p>Esa frase, la de \u00abigual te r\u00edes de los terraplanistas, pero el 90% de la poblaci\u00f3n mundial cree que existe Dios\u00bb, es una que<b> va a tener una gran repercusi\u00f3n.<\/b><\/p>\n","protected":false},"excerpt":{"rendered":"El cantante y actor catal\u00e1n Albert Pla, que va a estrenar Emergency Exit, la nueva pel\u00edcula del director&hellip;\n","protected":false},"author":2,"featured_media":304899,"comment_status":"","ping_status":"","sticky":false,"template":"","format":"standard","meta":{"footnotes":""},"categories":[174],"tags":[72121,255,146,147,25,24,256,185,23],"class_list":{"0":"post-304898","1":"post","2":"type-post","3":"status-publish","4":"format-standard","5":"has-post-thumbnail","7":"category-famosos","8":"tag-albert-pla","9":"tag-celebrities","10":"tag-entertainment","11":"tag-entretenimiento","12":"tag-es","13":"tag-espana","14":"tag-famosos","15":"tag-musica","16":"tag-spain"},"share_on_mastodon":{"url":"https:\/\/pubeurope.com\/@es\/115774512413483515","error":""},"_links":{"self":[{"href":"https:\/\/www.europesays.com\/es\/wp-json\/wp\/v2\/posts\/304898","targetHints":{"allow":["GET"]}}],"collection":[{"href":"https:\/\/www.europesays.com\/es\/wp-json\/wp\/v2\/posts"}],"about":[{"href":"https:\/\/www.europesays.com\/es\/wp-json\/wp\/v2\/types\/post"}],"author":[{"embeddable":true,"href":"https:\/\/www.europesays.com\/es\/wp-json\/wp\/v2\/users\/2"}],"replies":[{"embeddable":true,"href":"https:\/\/www.europesays.com\/es\/wp-json\/wp\/v2\/comments?post=304898"}],"version-history":[{"count":0,"href":"https:\/\/www.europesays.com\/es\/wp-json\/wp\/v2\/posts\/304898\/revisions"}],"wp:featuredmedia":[{"embeddable":true,"href":"https:\/\/www.europesays.com\/es\/wp-json\/wp\/v2\/media\/304899"}],"wp:attachment":[{"href":"https:\/\/www.europesays.com\/es\/wp-json\/wp\/v2\/media?parent=304898"}],"wp:term":[{"taxonomy":"category","embeddable":true,"href":"https:\/\/www.europesays.com\/es\/wp-json\/wp\/v2\/categories?post=304898"},{"taxonomy":"post_tag","embeddable":true,"href":"https:\/\/www.europesays.com\/es\/wp-json\/wp\/v2\/tags?post=304898"}],"curies":[{"name":"wp","href":"https:\/\/api.w.org\/{rel}","templated":true}]}}