{"id":304900,"date":"2025-12-24T12:22:43","date_gmt":"2025-12-24T12:22:43","guid":{"rendered":"https:\/\/www.europesays.com\/es\/304900\/"},"modified":"2025-12-24T12:22:43","modified_gmt":"2025-12-24T12:22:43","slug":"la-arquitectura-leonesa-a-traves-de-sus-casas-mas-emblematicas","status":"publish","type":"post","link":"https:\/\/www.europesays.com\/es\/304900\/","title":{"rendered":"La arquitectura leonesa a trav\u00e9s de sus casas m\u00e1s emblem\u00e1ticas"},"content":{"rendered":"<p>El <strong>Palacio de Gaviria<\/strong> acogi\u00f3 en la tarde de este martes\u00a0la presentaci\u00f3n del <strong>libro<\/strong> <strong>\u2018Casas leonesas con nombre y apellido\u2019<\/strong>, una publicaci\u00f3n editada por <strong><a data-external=\"1\" href=\"https:\/\/www.lanuevacronica.com\/\" rel=\"nofollow noopener\" target=\"_blank\" title=\"La Nueva Cr\u00f3nica\">La Nueva Cr\u00f3nica<\/a><\/strong> y el <strong><a data-external=\"1\" href=\"https:\/\/www.lanuevacronica.com\/tag\/ayuntamiento-de-leon\" rel=\"nofollow noopener\" target=\"_blank\" title=\"Ayuntamiento de Le\u00f3n\">Ayuntamiento de Le\u00f3n<\/a><\/strong>, con la colaboraci\u00f3n de la <strong><a data-external=\"1\" href=\"https:\/\/www.lanuevacronica.com\/tag\/fundacion-monteleon\" rel=\"nofollow noopener\" target=\"_blank\" title=\"Fundaci\u00f3n MonteLe\u00f3n\">Fundaci\u00f3n MonteLe\u00f3n<\/a><\/strong>, la <strong><a data-external=\"1\" href=\"https:\/\/www.lanuevacronica.com\/tag\/camara-de-la-propiedad-urbana\" rel=\"nofollow noopener\" target=\"_blank\" title=\"C\u00e1mara de la Propiedad Urbana\">C\u00e1mara de la Propiedad Urbana<\/a><\/strong> y el <strong><a data-external=\"1\" href=\"https:\/\/www.lanuevacronica.com\/tag\/coal\" rel=\"nofollow noopener\" target=\"_blank\" title=\"Colegio Oficial de Arquitectos de Le\u00f3n\">Colegio Oficial de Arquitectos de Le\u00f3n<\/a><\/strong>.<\/p>\n<p>En el acto intervinieron la decana del <strong>Colegio Oficial de Arquitectos de Le\u00f3n<\/strong>, <strong>Eva Testa San Juan<\/strong>; la presidenta de la Delegaci\u00f3n de Le\u00f3n del COAL, <strong>Mar\u00eda Jos\u00e9 Gonz\u00e1lez Lobato<\/strong>; el director de <strong>La Nueva Cr\u00f3nica<\/strong>, <strong>David Rubio<\/strong>; y el arquitecto y coordinador del libro, <strong><a data-external=\"1\" href=\"https:\/\/www.lanuevacronica.com\/lnc-culturas\/jose-alvarez-guerra-vale-pena-conocer-casas-por-su-aspecto-pero-tambien-por-su-historia_188132_102.html\" rel=\"nofollow noopener\" target=\"_blank\" title=\"Jos\u00e9 \u00c1lvarez Guerra\">Jos\u00e9 \u00c1lvarez Guerra<\/a><\/strong>. Entre los asistentes se encontraban el presidente de la <strong>C\u00e1mara de la Propiedad Urbana<\/strong>, <strong>\u00c1ngel Luis Vald\u00e9s<\/strong>; el vicepresidente de la <strong>Fundaci\u00f3n MonteLe\u00f3n<\/strong>, <strong>\u00c1ngel Valencia<\/strong>; y el concejal de <strong>Desarrollo Urbano<\/strong> y <strong>Servicio de Patrimonio del Ayuntamiento de Le\u00f3n<\/strong>, <strong>Miguel Garc\u00eda Copete<\/strong>.<\/p>\n<p>Coordinado por <strong>Jos\u00e9 \u00c1lvarez Guerra<\/strong>, el <strong>volumen<\/strong> propone un recorrido por algunos de los <strong>edificios civiles m\u00e1s singulares de la ciudad de Le\u00f3n<\/strong> a trav\u00e9s de la mirada de los <strong>arquitectos<\/strong> que los dise\u00f1aron. El <strong>libro<\/strong> no solo aborda aspectos <strong>arquitect\u00f3nicos<\/strong>, sino que incorpora <strong>historias<\/strong>, <strong>an\u00e9cdotas<\/strong> y <strong>vivencias<\/strong> ligadas a estas <strong>construcciones<\/strong>, con el objetivo de acercar la <strong>arquitectura<\/strong> al <strong>p\u00fablico general<\/strong> y poner en valor el <strong>patrimonio<\/strong> cotidiano de la ciudad.<\/p>\n<p>Durante su intervenci\u00f3n, la decana del COAL, <strong>Eva Testa San Juan<\/strong>, destac\u00f3 el car\u00e1cter colectivo del <strong>proyecto<\/strong> y su vocaci\u00f3n divulgativa. \u201cEste <strong>libro<\/strong> es un <strong>homenaje<\/strong> a nuestra <strong>ciudad<\/strong> y a esta <strong>arquitectura<\/strong> que tenemos y de la que podemos disfrutar cada d\u00eda. No vamos a mostrar solo <strong>datos t\u00e9cnicos<\/strong>, sino tambi\u00e9n <strong>datos de vida<\/strong> sobre estas <strong>edificaciones<\/strong>\u201d, se\u00f1al\u00f3. Testa subray\u00f3 adem\u00e1s que la obra supone \u201cla <strong>materializaci\u00f3n de proyectos previos<\/strong> del <strong>Colegio<\/strong> que buscaban contar la <strong>historia de las casas de Le\u00f3n<\/strong> desde una <strong>perspectiva cercana y accesible<\/strong>\u201d.<\/p>\n<p>Por su parte, el <strong>director de La Nueva Cr\u00f3nica<\/strong>, <strong>David Rubio<\/strong>, enmarc\u00f3 la <strong>publicaci\u00f3n<\/strong> dentro de la <strong>apuesta cultural<\/strong> del <strong>peri\u00f3dico<\/strong>. \u201cEste <strong>libro<\/strong> forma parte de una <strong>colecci\u00f3n<\/strong> que ya ronda los 40 t\u00edtulos y que trata de distintos aspectos de la <strong>vida leonesa<\/strong>\u201d, explic\u00f3. Rubio incidi\u00f3 en que el objetivo era huir de los <strong>edificios m\u00e1s conocidos<\/strong> para centrarse en aquellos \u201cen los que vive la <strong>gente<\/strong>, por los que pasamos cada d\u00eda y en los que nunca nos fijamos, pero que cuentan la <strong>verdadera historia de la ciudad<\/strong>\u201d. En este sentido, afirm\u00f3 que \u201ceste es un <strong>libro<\/strong> que solo podr\u00eda hacer Pepe, porque no se trata de un <strong>listado t\u00e9cnico<\/strong>, sino de <strong>curiosidades<\/strong> e <strong>historias<\/strong> contadas por quienes mejor conocen estos <strong>edificios<\/strong>\u201d.<\/p>\n<p>Jos\u00e9 \u00c1lvarez Guerra, arquitecto y coordinador del libro, y detr\u00e1s David Rubio, director de La Nueva Cr\u00f3nica. | SA\u00daL AR\u00c9N<\/p>\n<p>El <strong>arquitecto<\/strong> y coordinador del <strong>libro<\/strong>, <strong>Jos\u00e9 \u00c1lvarez Guerra<\/strong>, relat\u00f3 el origen de la <strong>idea<\/strong> y el proceso de <strong>trabajo<\/strong>, en el que han participado 17 <strong>arquitectos<\/strong>. \u201cAqu\u00ed no se cuenta solo c\u00f3mo son las <strong>casas<\/strong>, sino qu\u00e9 ha pasado en ellas, porque vivimos en ellas\u201d, indic\u00f3. \u00c1lvarez Guerra defendi\u00f3 la importancia de dar visibilidad a los <strong>autores de los edificios<\/strong>: \u201cLas <strong>casas<\/strong> tienen <strong>nombre<\/strong>, pero casi nunca <strong>apellido<\/strong>. Era de justicia hacer <strong>Casas leonesas con nombre y apellido<\/strong>, porque el <strong>arquitecto<\/strong> casi nunca aparece, salvo cuando hay problemas\u201d.<\/p>\n<p>Finalmente, la presidenta de la Delegaci\u00f3n de Le\u00f3n del COAL, <strong>Mar\u00eda Jos\u00e9 Gonz\u00e1lez Lobato<\/strong>, puso en valor <strong>iniciativas<\/strong> como <strong>Le\u00f3n abre sus puertas<\/strong>, que permiten conocer <strong>edificios<\/strong> no accesibles habitualmente, y agradeci\u00f3 el <strong>esfuerzo colectivo<\/strong> que ha hecho posible la <strong>publicaci\u00f3n<\/strong>. \u201cEste <strong>libro<\/strong> es una <strong>haza\u00f1a<\/strong> y una <strong>suerte<\/strong>. Ha costado mucho llegar hasta aqu\u00ed, y hay que agradec\u00e9rselo especialmente a Pepe\u201d, afirm\u00f3.<\/p>\n<p>El <strong>libro<\/strong> <strong>\u2018Casas leonesas con nombre y apellido\u2019<\/strong>\u00a0puede adquirirse junto al <strong>peri\u00f3dico La Nueva Cr\u00f3nica<\/strong> en los <strong>quioscos<\/strong> por un precio de 11,95 euros hasta el domingo 28. A partir de esa fecha, estar\u00e1 disponible en la <strong>redacci\u00f3n<\/strong> del <strong>peri\u00f3dico<\/strong>.<\/p>\n","protected":false},"excerpt":{"rendered":"El Palacio de Gaviria acogi\u00f3 en la tarde de este martes\u00a0la presentaci\u00f3n del libro \u2018Casas leonesas con nombre&hellip;\n","protected":false},"author":2,"featured_media":304901,"comment_status":"","ping_status":"","sticky":false,"template":"","format":"standard","meta":{"footnotes":""},"categories":[173],"tags":[229,233,231,230,232,234,146,147,25,24,23],"class_list":{"0":"post-304900","1":"post","2":"type-post","3":"status-publish","4":"format-standard","5":"has-post-thumbnail","7":"category-arte-y-diseno","8":"tag-arte","9":"tag-arte-y-diseno","10":"tag-arts","11":"tag-arts-and-design","12":"tag-design","13":"tag-diseno","14":"tag-entertainment","15":"tag-entretenimiento","16":"tag-es","17":"tag-espana","18":"tag-spain"},"share_on_mastodon":{"url":"https:\/\/pubeurope.com\/@es\/115774524202327000","error":""},"_links":{"self":[{"href":"https:\/\/www.europesays.com\/es\/wp-json\/wp\/v2\/posts\/304900","targetHints":{"allow":["GET"]}}],"collection":[{"href":"https:\/\/www.europesays.com\/es\/wp-json\/wp\/v2\/posts"}],"about":[{"href":"https:\/\/www.europesays.com\/es\/wp-json\/wp\/v2\/types\/post"}],"author":[{"embeddable":true,"href":"https:\/\/www.europesays.com\/es\/wp-json\/wp\/v2\/users\/2"}],"replies":[{"embeddable":true,"href":"https:\/\/www.europesays.com\/es\/wp-json\/wp\/v2\/comments?post=304900"}],"version-history":[{"count":0,"href":"https:\/\/www.europesays.com\/es\/wp-json\/wp\/v2\/posts\/304900\/revisions"}],"wp:featuredmedia":[{"embeddable":true,"href":"https:\/\/www.europesays.com\/es\/wp-json\/wp\/v2\/media\/304901"}],"wp:attachment":[{"href":"https:\/\/www.europesays.com\/es\/wp-json\/wp\/v2\/media?parent=304900"}],"wp:term":[{"taxonomy":"category","embeddable":true,"href":"https:\/\/www.europesays.com\/es\/wp-json\/wp\/v2\/categories?post=304900"},{"taxonomy":"post_tag","embeddable":true,"href":"https:\/\/www.europesays.com\/es\/wp-json\/wp\/v2\/tags?post=304900"}],"curies":[{"name":"wp","href":"https:\/\/api.w.org\/{rel}","templated":true}]}}