{"id":304934,"date":"2025-12-24T12:49:16","date_gmt":"2025-12-24T12:49:16","guid":{"rendered":"https:\/\/www.europesays.com\/es\/304934\/"},"modified":"2025-12-24T12:49:16","modified_gmt":"2025-12-24T12:49:16","slug":"sera-el-nuevo-simbolo-de-reus","status":"publish","type":"post","link":"https:\/\/www.europesays.com\/es\/304934\/","title":{"rendered":"\u201cSer\u00e1 el nuevo s\u00edmbolo de Reus\u201d"},"content":{"rendered":"<p class=\"paragraph-atom &#10;        A-500-300-700-N A-550-300-700-N--md  \">\n                    En Reus, la ciudad late con un aire de expectaci\u00f3n. En un taller lleno de luz y silencio, empieza a tomar forma lo que ser\u00e1 el nuevo s\u00edmbolo de la ciudad: <strong>una escultura monumental de Gaud\u00ed de pie<\/strong>. Joan Serrami\u00e0, el escultor reusense responsable del proyecto, trabaja con una concentraci\u00f3n casi tangible. Cada gesto cuenta, cada detalle se mide cuidadosamente. Ligado a la figura del maestro no solo por admiraci\u00f3n, sino tambi\u00e9n por herencia familiar, Serrami\u00e0 tiene antepasados que conocieron al arquitecto en diferentes momentos de su carrera, un v\u00ednculo que aporta al proyecto una dimensi\u00f3n especial, tanto emocional como hist\u00f3rica.\n            <\/p>\n<p class=\"paragraph-atom &#10;        A-500-300-700-N A-550-300-700-N--md  \">\n                    Para lograr la postura m\u00e1s natural y realista del maestro, Serrami\u00e0 se\u00f1ala que usar\u00e1 a su propio hijo como modelo. \u201c<strong>Tambi\u00e9n se dedica al arte, como yo<\/strong>\u201d, afirma. Vestido con ropa de \u00e9poca t\u00edpica de la d\u00e9cada de 1920, el joven permitir\u00e1 al artista estudiar la ca\u00edda de la ropa, el equilibrio del cuerpo y la tensi\u00f3n natural que un hombre como Gaud\u00ed habr\u00eda mostrado mientras manipula un fragmento del Santuario de la Misericordia. \u201cEs un proceso delicado, que combina inspiraci\u00f3n viva con rigor hist\u00f3rico\u201d, se\u00f1ala Serrami\u00e0, y que promete dotar al Gaud\u00ed de bronce de una presencia de extraordinaria autenticidad.\n            <\/p>\n<p>                                                            <img decoding=\"async\" loading=\"lazy\" src=\"https:\/\/www.europesays.com\/es\/wp-content\/uploads\/2025\/12\/9c52eb4d-2f83-49ca-a34c-c17a4aa9c410_16-9-aspect-ratio_1600w_0.jpg\" alt=\"La maqueta, en el taller de Serrami\u00e0\" title=\"La maqueta, en el taller de Serrami\u00e0\" height=\"900\" width=\"1600\"\/><\/p>\n<p>                La maqueta, en el taller de Serrami\u00e0<\/p>\n<p>                    |<\/p>\n<p>                Agencia Flama<\/p>\n<p class=\"paragraph-atom &#10;        A-500-300-700-N A-550-300-700-N--md  \">\n                    La figura se alzar\u00e1 sobre un pedestal de piedra cedido por la Sagrada Familia, pesando casi 3 toneladas. Un picapedrero especializado, tambi\u00e9n de Reus, dar\u00e1 forma a la piedra inspir\u00e1ndose en las nubes que decoran la fachada del Nacimiento, ambientando as\u00ed el modelado y aportando textura y profundidad que recuerdan el universo visual de Gaud\u00ed. \u201c<strong>Como si se alzara sobre su propia creaci\u00f3n, Gaud\u00ed quedar\u00e1 ligado f\u00edsica y emocionalmente al lugar que marc\u00f3 su trayectoria art\u00edstica<\/strong>\u201d, reconoce el autor de la pieza. Junto al maestro reposar\u00e1 su sombrero, un detalle que completa la composici\u00f3n e invita a los visitantes a acercarse, colocarse a su lado e inmortalizar el instante, convirtiendo el monumento en un espacio cercano y evocador.\n            <\/p>\n<p>                                                            <img decoding=\"async\" loading=\"lazy\" src=\"https:\/\/www.europesays.com\/es\/wp-content\/uploads\/2025\/12\/aa4159f8-7f83-4831-8d65-d20f1e5714ac_16-9-aspect-ratio_1600w_0.jpg\" alt=\"El sombrero de Gaud\u00ed\" title=\"El sombrero de Gaud\u00ed\" height=\"900\" width=\"1600\"\/><\/p>\n<p>                El sombrero de Gaud\u00ed<\/p>\n<p>                    |<\/p>\n<p>                Agencia Flama<\/p>\n<p class=\"paragraph-atom &#10;        A-500-300-700-N A-550-300-700-N--md  \">\n                    Serrami\u00e0 trabaja en varios talleres para poder abordar las dimensiones monumentales de la escultura. En el taller del centro de Reus, lleno de luz y calma, la cabeza de Gaud\u00ed ya toma forma a tama\u00f1o real y permanece protegida bajo pl\u00e1stico para evitar interferencias y juicios prematuros. El resto del cuerpo se modela en otros espacios m\u00e1s amplios, donde se pueden trabajar las estructuras de gran envergadura y los procesos t\u00e9cnicos espec\u00edficos necesarios para el bronce.\n            <\/p>\n<blockquote class=\"blockquote-atom \">\n<p>                Como si se alzara sobre su propia creaci\u00f3n, Gaud\u00ed quedar\u00e1 ligado f\u00edsica y emocionalmente al lugar que marc\u00f3 su trayectoria art\u00edstica<\/p>\n<\/blockquote>\n<p class=\"paragraph-atom &#10;        A-500-300-700-N A-550-300-700-N--md  \">\n                    La maqueta de plastilina presentada por Serrami\u00e0 ya emociona a los vecinos: <strong>Gaud\u00ed de pie, elegante y concentrado<\/strong>, con los ojos ligeramente bajos y las manos trabajando sobre la Misericordia, transmite movimiento, vida y una presencia casi palpable. La combinaci\u00f3n de posturas reales con el detalle hist\u00f3rico del vestuario y los accesorios crea una figura que parece capaz de hablar o gesticular en cualquier momento, una obra viva que dialoga con el espectador.\n            <\/p>\n<p>                                                            <img decoding=\"async\" loading=\"lazy\" src=\"https:\/\/www.europesays.com\/es\/wp-content\/uploads\/2025\/12\/7235cbc1-8177-45fb-a7ba-248262f8a303_16-9-aspect-ratio_1600w_0.jpg\" alt=\"Maite Gaud\u00ed, presidenta de la entidad, con el arzobispo Planellas\" title=\"Maite Gaud\u00ed, presidenta de la entidad, con el arzobispo Planellas\" height=\"900\" width=\"1600\"\/><\/p>\n<p>                Maite Gaud\u00ed, presidenta de la entidad, con el arzobispo Planellas<\/p>\n<p>                    |<\/p>\n<p>                Agencia Flama<\/p>\n<p class=\"paragraph-atom &#10;        A-500-300-700-N A-550-300-700-N--md  \">\n                    El proyecto cuenta con el apoyo de diversas instituciones. <strong>El Ayuntamiento de Reus y los Amigos de Gaud\u00ed trabajan de la mano<\/strong>, poniendo el foco en la cooperaci\u00f3n y no en el protagonismo individual. La Iglesia de Tarragona, por su parte, ha mostrado inter\u00e9s por el valor cultural y espiritual del monumento, especialmente por la conexi\u00f3n con el Santuario de la Misericordia. Con un presupuesto de 50.000 euros, financiado a trav\u00e9s de donaciones y aportaciones propias de la asociaci\u00f3n, el proyecto se complementar\u00e1 con actividades culturales, murales y rutas gaudianas para consolidar el centenario como una conmemoraci\u00f3n viva y participativa.\n            <\/p>\n<p>\n        Relacionado\n    <\/p>\n<p class=\"paragraph-atom &#10;        A-500-300-700-N A-550-300-700-N--md  \">\n                    Cuando la figura llegue a su pedestal,<strong> Gaud\u00ed ya no ser\u00e1 solo un recuerdo del pasado: ser\u00e1 un punto de encuentro, una presencia viva que enlaza Reus con Barcelona<\/strong>, al arquitecto con los ciudadanos. De pie, concentrado y con las manos en pleno proceso de creaci\u00f3n, Gaud\u00ed invita a los visitantes a acercarse, tocar la piedra y colocarse a su lado, a sentirse parte del mismo espacio y del mismo momento. \u201cSer\u00e1 un recordatorio de que su obra y su ciudad natal contin\u00faan dialogando m\u00e1s de 100 a\u00f1os despu\u00e9s\u201d, concluye el escultor.\n            <\/p>\n<p>            <a href=\"https:\/\/www.religiondigital.org\/socios\/\" rel=\"nofollow noopener\" target=\"_blank\"><img decoding=\"async\" src=\"https:\/\/www.europesays.com\/es\/wp-content\/uploads\/2025\/12\/7214dcd3-297c-41d7-afdc-74a2887e6a75_source-aspect-ratio_default_0.jpg\"\/><\/a><\/p>\n<p style=\"background-color: #d3c2b2; color: #000000; text-align: center; line-height: 2.4; border: 5px solid #d49400;\">Hazte socio\/a y te regalamos la edici\u00f3n digital del nuevo libro de Quique, Bienaventurados los ricos.<br \/>Religi\u00f3n Digital es un proyecto independiente, en manos de sus socios, colaboradores, anunciantes y amigos. Solo con tu ayuda podemos seguir haciendo realidad la Iglesia de Jes\u00fas. Por una Iglesia mejor informada.<br \/><a href=\"https:\/\/www.religiondigital.org\/socios\/\" target=\"_blank\" rel=\"noopener nofollow\">HAZTE SOCIO\/A AHORA<\/a><\/p>\n","protected":false},"excerpt":{"rendered":"En Reus, la ciudad late con un aire de expectaci\u00f3n. En un taller lleno de luz y silencio,&hellip;\n","protected":false},"author":2,"featured_media":304935,"comment_status":"","ping_status":"","sticky":false,"template":"","format":"standard","meta":{"footnotes":""},"categories":[173],"tags":[229,233,231,230,777,232,234,146,147,25,24,31791,6552,32903,29425,5158,23],"class_list":{"0":"post-304934","1":"post","2":"type-post","3":"status-publish","4":"format-standard","5":"has-post-thumbnail","7":"category-arte-y-diseno","8":"tag-arte","9":"tag-arte-y-diseno","10":"tag-arts","11":"tag-arts-and-design","12":"tag-ciudad","13":"tag-design","14":"tag-diseno","15":"tag-entertainment","16":"tag-entretenimiento","17":"tag-es","18":"tag-espana","19":"tag-gaudi","20":"tag-homenaje","21":"tag-natal","22":"tag-rendira","23":"tag-reus","24":"tag-spain"},"share_on_mastodon":{"url":"https:\/\/pubeurope.com\/@es\/115774631092398555","error":""},"_links":{"self":[{"href":"https:\/\/www.europesays.com\/es\/wp-json\/wp\/v2\/posts\/304934","targetHints":{"allow":["GET"]}}],"collection":[{"href":"https:\/\/www.europesays.com\/es\/wp-json\/wp\/v2\/posts"}],"about":[{"href":"https:\/\/www.europesays.com\/es\/wp-json\/wp\/v2\/types\/post"}],"author":[{"embeddable":true,"href":"https:\/\/www.europesays.com\/es\/wp-json\/wp\/v2\/users\/2"}],"replies":[{"embeddable":true,"href":"https:\/\/www.europesays.com\/es\/wp-json\/wp\/v2\/comments?post=304934"}],"version-history":[{"count":0,"href":"https:\/\/www.europesays.com\/es\/wp-json\/wp\/v2\/posts\/304934\/revisions"}],"wp:featuredmedia":[{"embeddable":true,"href":"https:\/\/www.europesays.com\/es\/wp-json\/wp\/v2\/media\/304935"}],"wp:attachment":[{"href":"https:\/\/www.europesays.com\/es\/wp-json\/wp\/v2\/media?parent=304934"}],"wp:term":[{"taxonomy":"category","embeddable":true,"href":"https:\/\/www.europesays.com\/es\/wp-json\/wp\/v2\/categories?post=304934"},{"taxonomy":"post_tag","embeddable":true,"href":"https:\/\/www.europesays.com\/es\/wp-json\/wp\/v2\/tags?post=304934"}],"curies":[{"name":"wp","href":"https:\/\/api.w.org\/{rel}","templated":true}]}}