{"id":304960,"date":"2025-12-24T13:12:10","date_gmt":"2025-12-24T13:12:10","guid":{"rendered":"https:\/\/www.europesays.com\/es\/304960\/"},"modified":"2025-12-24T13:12:10","modified_gmt":"2025-12-24T13:12:10","slug":"ya-hay-horario-para-el-granada-eibar-de-enero","status":"publish","type":"post","link":"https:\/\/www.europesays.com\/es\/304960\/","title":{"rendered":"Ya hay horario para el Granada &#8211; Eibar de enero"},"content":{"rendered":"<p>En pleno d\u00eda de Nochebuena, la Liga ha dado a conocer una nueva tanda de horarios, concretamente la que hace referencia a la jornada 22  &#8230; del pr\u00f3ximo mes de enero.<\/p>\n<p class=\"v-p\">Y el Granada, de nuevo, no vuelve asalir bien parado. De hecho, jugar\u00e1 el lunes dia 19. Ser\u00e1 a las 20.30 horas ante el Eibar en Los C\u00e1rmenes, en un choque que, como sucedi\u00f3 en el partido ante el Albacete, puede jugarse a muy bajas temperaturas.<\/p>\n","protected":false},"excerpt":{"rendered":"En pleno d\u00eda de Nochebuena, la Liga ha dado a conocer una nueva tanda de horarios, concretamente la&hellip;\n","protected":false},"author":2,"featured_media":304961,"comment_status":"","ping_status":"","sticky":false,"template":"","format":"standard","meta":{"footnotes":""},"categories":[268],"tags":[168,14315,17936,25,24,280,282,494,319,281,23,167],"class_list":{"0":"post-304960","1":"post","2":"type-post","3":"status-publish","4":"format-standard","5":"has-post-thumbnail","7":"category-futbol","8":"tag-deportes","9":"tag-eibar","10":"tag-enero","11":"tag-es","12":"tag-espana","13":"tag-football","14":"tag-futbol","15":"tag-granada","16":"tag-horario","17":"tag-soccer","18":"tag-spain","19":"tag-sports"},"share_on_mastodon":{"url":"https:\/\/pubeurope.com\/@es\/115774720968672495","error":""},"_links":{"self":[{"href":"https:\/\/www.europesays.com\/es\/wp-json\/wp\/v2\/posts\/304960","targetHints":{"allow":["GET"]}}],"collection":[{"href":"https:\/\/www.europesays.com\/es\/wp-json\/wp\/v2\/posts"}],"about":[{"href":"https:\/\/www.europesays.com\/es\/wp-json\/wp\/v2\/types\/post"}],"author":[{"embeddable":true,"href":"https:\/\/www.europesays.com\/es\/wp-json\/wp\/v2\/users\/2"}],"replies":[{"embeddable":true,"href":"https:\/\/www.europesays.com\/es\/wp-json\/wp\/v2\/comments?post=304960"}],"version-history":[{"count":0,"href":"https:\/\/www.europesays.com\/es\/wp-json\/wp\/v2\/posts\/304960\/revisions"}],"wp:featuredmedia":[{"embeddable":true,"href":"https:\/\/www.europesays.com\/es\/wp-json\/wp\/v2\/media\/304961"}],"wp:attachment":[{"href":"https:\/\/www.europesays.com\/es\/wp-json\/wp\/v2\/media?parent=304960"}],"wp:term":[{"taxonomy":"category","embeddable":true,"href":"https:\/\/www.europesays.com\/es\/wp-json\/wp\/v2\/categories?post=304960"},{"taxonomy":"post_tag","embeddable":true,"href":"https:\/\/www.europesays.com\/es\/wp-json\/wp\/v2\/tags?post=304960"}],"curies":[{"name":"wp","href":"https:\/\/api.w.org\/{rel}","templated":true}]}}