{"id":304981,"date":"2025-12-24T13:29:12","date_gmt":"2025-12-24T13:29:12","guid":{"rendered":"https:\/\/www.europesays.com\/es\/304981\/"},"modified":"2025-12-24T13:29:12","modified_gmt":"2025-12-24T13:29:12","slug":"esto-es-lo-que-subiran-las-pensiones-en-espana-en-2026","status":"publish","type":"post","link":"https:\/\/www.europesays.com\/es\/304981\/","title":{"rendered":"esto es lo que subir\u00e1n las pensiones en Espa\u00f1a en 2026"},"content":{"rendered":"<p style=\"\">Las pensiones se <a href=\"https:\/\/www.abc.es\/economia\/subiran-pensiones-2026-calculo-revalorizacion-cuantias-maximas-20251201050000-nt.html\" title=\"www.abc.es\" data-voc-vtm-id=\"in-text-traffic\" data-mrf-link=\"www.abc.es\" rel=\"nofollow noopener\" target=\"_blank\">revalorizar\u00e1n el a\u00f1o que viene<\/a>, como estaba previsto. Este viernes se ha confirmado oficialmente el porcentaje de subida ya que se ha publicado el <strong>IPC definitivo<\/strong>.<\/p>\n<p style=\"\">Estas prestaciones se actualizan cada a\u00f1o desde la entrada en vigor de la Ley  &#8230; 21\/2021 y lo hacen, como recoge por recomendaci\u00f3n el Pacto de Toledo, para <strong>garantizar la capacidad de poder adquisitivo<\/strong> de los pensionistas conforme a la <a href=\"https:\/\/www.abc.es\/economia\/presion-fiscal-aumenta-tres-puntos-decada-triple-20251209170801-nt.html\" title=\"www.abc.es\" data-voc-vtm-id=\"in-text-traffic\" data-mrf-link=\"www.abc.es\" rel=\"nofollow noopener\" target=\"_blank\">subida de precios<\/a>.<\/p>\n<p class=\"voc-p\" style=\"\">Para calcular las subida de las pensiones se tiene en cuenta la variaci\u00f3n media interanual del IPC en los 12 meses previos al mes de diciembre. Esto quiere decir que para calcular cu\u00e1nto subir\u00e1n las pensiones de 2026 <strong>se tiene en cuenta el IPC medio interanual entre diciembre de 2024 y noviembre de 2025<\/strong>.<\/p>\n<p>\nLas pensiones subir\u00e1n un 2,7% en 2026\n<\/p>\n<p class=\"voc-p\" style=\"\">Seg\u00fan el dato publicado por el INE el pasado 12 de diciembre, <strong>las pensiones se revalorizar\u00e1n un 2,7%<\/strong>. En t\u00e9rminos pr\u00e1cticos la revalorizaci\u00f3n supondr\u00e1 aproximadamente 572 euros adicionales respecto a la pensi\u00f3n media de jubilaci\u00f3n. Respecto a las pensiones medias del sistema el incremento ser\u00e1 de, aproximadamente, 498 euros.<\/p>\n<p class=\"voc-p\" style=\"\">La Seguridad Social ya inform\u00f3 en el mes a finales del mes de noviembre que el incremento <strong>beneficiar\u00e1 el pr\u00f3ximo a\u00f1o a 9,4 millones de personas<\/strong>, adem\u00e1s de 715.000 pensionistas correspondientes al R\u00e9gimen de Clases Pasivas del Estado.<\/p>\n<p class=\"voc-p\" style=\"\">La <strong>pensi\u00f3n media del sistema<\/strong> -que incluye jubilaci\u00f3n, incapacidad permanente, viudedad, orfandad y en favor de familiares- fue en noviembre de 2025 de 1.316,7 euros. Con el incremento del 2,7% quedar\u00eda en <strong>1.352,24 euros<\/strong>.<\/p>\n<p class=\"voc-p\" style=\"\">Por otro lado, la <strong>pensi\u00f3n media de jubilaci\u00f3n<\/strong> se situ\u00f3 en el mes de noviembre en 1.511,5 euros mensuales, lo que implica que los pensionistas que la reciben pasar\u00e1n a cobrar con el incremento <strong>1.552,31 euros al mes<\/strong>. Asimismo, la <strong>pensi\u00f3n m\u00e1xima<\/strong> con la subida del 2,7%, m\u00e1s el 0,115% adicional, quedar\u00e1 en <strong>3.359,6 euros<\/strong>.<\/p>\n<ul class=\"oc-d-c-list__list\">\n<li class=\"voc-d-c-list__item\">\n<p class=\"voc-d-c-list__paragraph\">Pensi\u00f3n m\u00e1xima: hasta los 3.359,6 euros euros al mes<\/p>\n<\/li>\n<li class=\"voc-d-c-list__item\">\n<p class=\"voc-d-c-list__paragraph\">Pensi\u00f3n media del sistema: hasta los 1.467,72 euros al mes<\/p>\n<\/li>\n<li class=\"voc-d-c-list__item\">\n<p class=\"voc-d-c-list__paragraph\">Pensi\u00f3n media de jubilaci\u00f3n: hasta los 1.552,31 euros al mes<\/p>\n<\/li>\n<\/ul>\n<p class=\"voc-p\" style=\"\">Esta subida es algo m\u00e1s ligera que en a\u00f1os anteriores: las pensiones subieron un 8,5% en 2023, un 3,8% en 2024 y un 2,8% en 2025.<\/p>\n<p class=\"voc-p\" style=\"\">Asimismo, para 2026 las bases m\u00e1ximas de cotizaci\u00f3n tambi\u00e9n se revalorizar\u00e1n hasta los 60.000 euros anuales.<\/p>\n<p>\nSubida de las pensiones m\u00ednimas y no contributivas\n<\/p>\n<p class=\"voc-p\" style=\"\">Este 23 de diciembre, el Consejo de Ministros <a href=\"https:\/\/www.abc.es\/economia\/pensiones-minimas-subiran-2026-20251223132412-nt.html\" title=\"www.abc.es\" data-voc-vtm-id=\"in-text-traffic\" data-mrf-link=\"www.abc.es\" rel=\"nofollow noopener\" target=\"_blank\">acord\u00f3<\/a> que las <strong>pensiones m\u00ednimas subir\u00e1n un 7%<\/strong>. Por otro lado, las pensiones <strong>no contributivas se incrementar\u00e1n un 11,4<\/strong>%. Esto implica que los beneficiarios de estas prestaciones pasar\u00e1n de cobrar unos 564 a 628 euros al mes. Por su parte, <strong>el ingreso m\u00ednimo vital se revalorizar\u00e1 un 11,4%<\/strong>.<\/p>\n<p class=\"voc-p\" style=\"\">Las m\u00ednimas de jubilaci\u00f3n con c\u00f3nyuge a cargo, incapacidad absoluta o total mayor de 60 a\u00f1os con c\u00f3nyuge a cargo o viudedad con cargas familiares alcanzar\u00e1 los 1.256 euros. Las m\u00ednimas de jubilaci\u00f3n con c\u00f3nyuge quedar\u00e1n en 888 euros y las m\u00ednimas sin c\u00f3nyuge alcanzar\u00e1n los 936 euros.<\/p>\n<ul class=\"oc-d-c-list__list\">\n<li class=\"voc-d-c-list__item\">\n<p class=\"voc-d-c-list__paragraph\">Prestaciones no contributivas: hasta los 628 euros al mes<\/p>\n<\/li>\n<li class=\"voc-d-c-list__item\">\n<p class=\"voc-d-c-list__paragraph\">Pensi\u00f3n m\u00ednima de jubilaci\u00f3n con c\u00f3nyuge a cargo o viudedad con cargas familiares: hasta los 1.256 euros al mes<\/p>\n<\/li>\n<li class=\"voc-d-c-list__item\">\n<p class=\"voc-d-c-list__paragraph\">Pensi\u00f3n m\u00ednima de jubilaci\u00f3n con c\u00f3nyuge sin cargos: hasta los 888 euros al mes<\/p>\n<\/li>\n<li class=\"voc-d-c-list__item\">\n<p class=\"voc-d-c-list__paragraph\">Pensi\u00f3n m\u00ednima de jubilaci\u00f3n sin c\u00f3nyuge: 936 euros al mes<\/p>\n<\/li>\n<\/ul>\n<p class=\"voc-p\" style=\"\">En 2025, las <strong>m\u00ednimas de jubilaci\u00f3n se incrementaron un 6%,<\/strong> mientras que las contributivas y el ingreso m\u00ednimo vital lo hicieron un 9,1% a principios de a\u00f1o.<\/p>\n<p class=\"voc-p\" style=\"\">Las pensiones m\u00ednimas de jubilaci\u00f3n para mayores de 65 con un c\u00f3nyuge a cargo se incrementar\u00e1 adicionalmente al IPC en el porcentaje necesario para reducir el 50% de brecha que exista con el umbral de pobreza calculado para dos adultos, como recoge el Instituto de pensiones de BBVA. En cuanto a las m\u00ednimas de viudedad se incrementar\u00e1n para la equiparaci\u00f3n progresiva con las pensiones de jubilaci\u00f3n. Por \u00faltimo, las pensiones de jubilaci\u00f3n, de invalidez y el IMV tambi\u00e9n se incrementar\u00e1n para converger en 2027 con el 75% del umbral de pobreza.<\/p>\n","protected":false},"excerpt":{"rendered":"Las pensiones se revalorizar\u00e1n el a\u00f1o que viene, como estaba previsto. Este viernes se ha confirmado oficialmente el&hellip;\n","protected":false},"author":2,"featured_media":304982,"comment_status":"","ping_status":"","sticky":false,"template":"","format":"standard","meta":{"footnotes":""},"categories":[5],"tags":[3076,17,18,25,24,13,14,11,19,20,9,10,15,16,289,12865,585,2930,23,72137,12,21,22],"class_list":{"0":"post-304981","1":"post","2":"type-post","3":"status-publish","4":"format-standard","5":"has-post-thumbnail","7":"category-titulares","8":"tag-3076","9":"tag-breaking-news","10":"tag-breakingnews","11":"tag-es","12":"tag-espana","13":"tag-featured-news","14":"tag-featurednews","15":"tag-headlines","16":"tag-latest-news","17":"tag-latestnews","18":"tag-news","19":"tag-noticias","20":"tag-noticias-destacadas","21":"tag-noticiasdestacadas","22":"tag-oficial","23":"tag-pensiones","24":"tag-seguridad","25":"tag-social","26":"tag-spain","27":"tag-subiran","28":"tag-titulares","29":"tag-ultimas-noticias","30":"tag-ultimasnoticias"},"share_on_mastodon":{"url":"https:\/\/pubeurope.com\/@es\/115774787677756050","error":""},"_links":{"self":[{"href":"https:\/\/www.europesays.com\/es\/wp-json\/wp\/v2\/posts\/304981","targetHints":{"allow":["GET"]}}],"collection":[{"href":"https:\/\/www.europesays.com\/es\/wp-json\/wp\/v2\/posts"}],"about":[{"href":"https:\/\/www.europesays.com\/es\/wp-json\/wp\/v2\/types\/post"}],"author":[{"embeddable":true,"href":"https:\/\/www.europesays.com\/es\/wp-json\/wp\/v2\/users\/2"}],"replies":[{"embeddable":true,"href":"https:\/\/www.europesays.com\/es\/wp-json\/wp\/v2\/comments?post=304981"}],"version-history":[{"count":0,"href":"https:\/\/www.europesays.com\/es\/wp-json\/wp\/v2\/posts\/304981\/revisions"}],"wp:featuredmedia":[{"embeddable":true,"href":"https:\/\/www.europesays.com\/es\/wp-json\/wp\/v2\/media\/304982"}],"wp:attachment":[{"href":"https:\/\/www.europesays.com\/es\/wp-json\/wp\/v2\/media?parent=304981"}],"wp:term":[{"taxonomy":"category","embeddable":true,"href":"https:\/\/www.europesays.com\/es\/wp-json\/wp\/v2\/categories?post=304981"},{"taxonomy":"post_tag","embeddable":true,"href":"https:\/\/www.europesays.com\/es\/wp-json\/wp\/v2\/tags?post=304981"}],"curies":[{"name":"wp","href":"https:\/\/api.w.org\/{rel}","templated":true}]}}