{"id":305001,"date":"2025-12-24T13:49:48","date_gmt":"2025-12-24T13:49:48","guid":{"rendered":"https:\/\/www.europesays.com\/es\/305001\/"},"modified":"2025-12-24T13:49:48","modified_gmt":"2025-12-24T13:49:48","slug":"en-invierno-elegir-bien-la-fruta-tambien-es-prevencion-cardiovascular-porque-mejoran-la-funcion-de-nuestros-vasos-sanguineos-y-refuerzan-eficazmente-el-sistema-inmunitario","status":"publish","type":"post","link":"https:\/\/www.europesays.com\/es\/305001\/","title":{"rendered":"\u201cEn invierno, elegir bien la fruta tambi\u00e9n es prevenci\u00f3n cardiovascular porque mejoran la funci\u00f3n de nuestros vasos sangu\u00edneos y refuerzan eficazmente el sistema inmunitario\u201d"},"content":{"rendered":"<p data-journey-content=\"true\" data-node-id=\"3\" class=\"css-6wxqfj emevuu60\">Es posible que con la llegada de las bajas temperaturas no sepas exactamente qu\u00e9 alimentos son los que mejor le pueden sentar a su sistema inmunitario, que se antoja b\u00e1sico para prevenir los temidos resfriados y la gripe o actuar eficientemente en caso de que enfermemos. Pues bien, <strong data-node-id=\"3.1\">es posible que el cuerpo te pida caldos y recetas de cuchara pero lo que realmente necesita son frutas<\/strong>.<\/p>\n<p data-journey-content=\"true\" data-node-id=\"6\" class=\"css-6wxqfj emevuu60\">\u201c<strong data-node-id=\"6.1\">En invierno, elegir bien la fruta tambi\u00e9n es prevenci\u00f3n cardiovascular porque tu coraz\u00f3n trabaja m\u00e1s de lo que imaginas<\/strong>. He revisado la literatura cient\u00edfica y he seleccionado las frutas con un mayor poder antiinflamatorio, las que m\u00e1s mejoran la funci\u00f3n de nuestros vasos sangu\u00edneos y adem\u00e1s refuerzan eficazmente nuestro sistema inmune ayud\u00e1ndonos protegernos de las infecciones y a recuperarnos de ellas\u201d, asegura el doctor <a href=\"https:\/\/www.instagram.com\/doctorrojass\/?hl=es\" target=\"_blank\" rel=\"nofollow noopener\" data-vars-ga-outbound-link=\"https:\/\/www.instagram.com\/doctorrojass\/?hl=es\" data-vars-ga-ux-element=\"Hyperlink\" data-vars-ga-call-to-action=\"Aurelio Rojas\" data-node-id=\"6.3\" class=\"body-link css-1d8p8n5 emevuu60\">Aurelio Rojas<\/a>.<\/p>\n<p data-journey-content=\"true\" data-node-id=\"8\" class=\"css-6wxqfj emevuu60\">\u201cAdem\u00e1s, tambi\u00e9n<strong data-node-id=\"8.1\"> son baratas, f\u00e1ciles de encontrar y con un elevado contenido en fibra<\/strong>, que mejora la digesti\u00f3n y la microbiota. Y por si fuera poco, <strong data-node-id=\"8.3\">tienen un bajo \u00edndice gluc\u00e9mico por lo que las puede comer todo el mundo<\/strong>\u201d, a\u00f1ade el cardi\u00f3logo.<\/p>\n<p>Las mejores frutas de invierno<\/p>\n<p data-journey-content=\"true\" data-node-id=\"13\" class=\"css-6wxqfj emevuu60\">Y, como no, la primera recomendaci\u00f3n del especialista no es sino<strong data-node-id=\"13.1\"> una de las frutas que la ciencia destaca con especial vehemencia<\/strong>, aunque puede que no goce del reconocimiento que merece entre la poblaci\u00f3n. <\/p>\n<p data-journey-content=\"true\" data-node-id=\"15\" class=\"css-6wxqfj emevuu60\">\u201c<strong data-node-id=\"15.1\">El kiwi es probablemente la mejor fruta y la m\u00e1s infravalorada<\/strong>. Tiene m\u00e1s vitamina C que la naranja, y es rica en potasio y polifenoles. Y los estudios muestran un mejor control de la presi\u00f3n arterial y mejor funci\u00f3n vascular como consecuencia de su consumo. Adem\u00e1s ayuda a dormir. Y si buscas una alternativa porque no te gusta, es demasiado caro o te da alergia, prueba con los ar\u00e1ndanos\u201d, asegura el doctor Rojas.<\/p>\n<p data-journey-content=\"true\" data-node-id=\"18\" class=\"css-6wxqfj emevuu60\">\u201cLa siguiente recomendaci\u00f3n es la <strong data-node-id=\"18.1\">naranja<\/strong>, que tiene un alto contenido en vitamina C y flavonoides como la hesperidina, lo que ayuda a reforzar las defensas, reducir la inflamaci\u00f3n y el estr\u00e9s oxidativo y mejorar la funci\u00f3n de las arterias\u201d, a\u00f1ade el especialista.<\/p>\n<p data-journey-content=\"true\" data-node-id=\"20\" class=\"css-6wxqfj emevuu60\">Por \u00faltimo, y no por ello menos importante, el cardi\u00f3logo recomienda un cl\u00e1sico entre los cl\u00e1sicos. \u201c<strong data-node-id=\"20.1\">La manzana<\/strong> es rica en fibra soluble (pectina), ayuda a reducir el colesterol LDL y mejora el control gluc\u00e9mico. Su consumo regular se asocia a menor riesgo cardiovascular, concluye el doctor Rojas, que r<strong data-node-id=\"20.3\">ecomienda comer una pieza de cada tipo al d\u00eda<\/strong>. Ya sabes.<\/p>\n<p><img src=\"https:\/\/www.europesays.com\/es\/wp-content\/uploads\/2025\/12\/1766584188_44_b7b19670-fa48-4d82-a43a-ed52041a7dd0_1699260717.file\" alt=\"Headshot of \u00c1lvaro Piqueras\" title=\"Headshot of \u00c1lvaro Piqueras\" width=\"100%\" height=\"100%\" decoding=\"async\" loading=\"lazy\" class=\"css-o0wq4v ev8dhu53\"\/><\/p>\n<p><a href=\"https:\/\/www.linkedin.com\/in\/alvaropiquerascorchano\/\" rel=\"nofollow noopener\" target=\"_blank\">\u00c1lvaro Piqueras<\/a> es experto en deportes y en el \u00faltimo lustro se ha especializado en fitness, nutrici\u00f3n y otros temas de salud. Trata de mantenerse al d\u00eda en lo que se refiere a nuevas investigaciones y tendencias de los campos que domina para poder compartir con rigor la rutina de entrenamiento que puede inspirar un cambio en tus h\u00e1bitos, las propiedades de los alimentos que deber\u00edan formar parte de tu dieta o los hallazgos cient\u00edficos que pueden mejorar el bienestar f\u00edsico y mental de personas como t\u00fa.\u00a0<\/p>\n<p>\u00a0Comenz\u00f3 su trayectoria en medios locales y regionales de la tierra de Don Quijote, concretamente en Albacete. De ah\u00ed dio el salto a medios de \u00e1mbito nacional tras un enriquecedor paso por una maravillosa agencia de publicidad independiente con nombre de canci\u00f3n de los Beatles (GettingBetter), aunque siempre mantuvo intacta su vocaci\u00f3n period\u00edstica.\u00a0<\/p>\n<p>\u00a0De ah\u00ed que persiguiera su sue\u00f1o de trabajar para alguno de los principales grupos editoriales del pa\u00eds como Prisa, Vocento y ahora tambi\u00e9n Hearst. Quiz\u00e1 le hayas le\u00eddo en la versi\u00f3n digital del Diario As, abordando infinidad de tem\u00e1ticas, o en ABC y otras cabeceras y revistas del grupo elaborando reportajes de branded content para grandes marcas, multinacionales e instituciones. Y si no has tenido la ocasi\u00f3n, este es el momento de hacerlo en Men\u2019s Health y Runner\u2019s World.\u00a0<\/p>\n<p>\u00a0Como no pod\u00eda ser de otra forma, confiesa ser un amante de la pr\u00e1ctica deportiva y desde muy peque\u00f1o ha probado con disciplinas tan dispares como atletismo, f\u00fatbol, baloncesto, tenis, ciclismo o nataci\u00f3n. Unas veces sintiendo la adrenalina de la competici\u00f3n, y otras simplemente disfrutando de los beneficios de la actividad f\u00edsica. Ahora le ha dado por los ejercicios funcionales y el boxeo porque tiene la certeza de que el saco es incapaz de devolverle los golpes.\u00a0<\/p>\n<p>\u00a0Licenciado en Publicidad y Relaciones P\u00fablicas por la Universidad de Alicante, tambi\u00e9n posee formaci\u00f3n espec\u00edfica en gesti\u00f3n y direcci\u00f3n de RRSS, planificaci\u00f3n estrat\u00e9gica y dise\u00f1o gr\u00e1fico. \u00daltimamente se ha adentrado en el universo de la inteligencia artificial generativa aplicada al periodismo, pero jura y perjura que no la emplea profesionalmente porque, entre otras consideraciones, sigue disfrutando de cada palabra que escribe tras 20 a\u00f1os de experiencia en el sector de la comunicaci\u00f3n.\u00a0<\/p>\n<p><script async src=\"\/\/www.instagram.com\/embed.js\"><\/script><\/p>\n","protected":false},"excerpt":{"rendered":"Es posible que con la llegada de las bajas temperaturas no sepas exactamente qu\u00e9 alimentos son los que&hellip;\n","protected":false},"author":2,"featured_media":305002,"comment_status":"","ping_status":"","sticky":false,"template":"","format":"standard","meta":{"footnotes":""},"categories":[92],"tags":[253,25,24,165,166,23],"class_list":{"0":"post-305001","1":"post","2":"type-post","3":"status-publish","4":"format-standard","5":"has-post-thumbnail","7":"category-salud","8":"tag-discover","9":"tag-es","10":"tag-espana","11":"tag-health","12":"tag-salud","13":"tag-spain"},"share_on_mastodon":{"url":"https:\/\/pubeurope.com\/@es\/115774870870703859","error":""},"_links":{"self":[{"href":"https:\/\/www.europesays.com\/es\/wp-json\/wp\/v2\/posts\/305001","targetHints":{"allow":["GET"]}}],"collection":[{"href":"https:\/\/www.europesays.com\/es\/wp-json\/wp\/v2\/posts"}],"about":[{"href":"https:\/\/www.europesays.com\/es\/wp-json\/wp\/v2\/types\/post"}],"author":[{"embeddable":true,"href":"https:\/\/www.europesays.com\/es\/wp-json\/wp\/v2\/users\/2"}],"replies":[{"embeddable":true,"href":"https:\/\/www.europesays.com\/es\/wp-json\/wp\/v2\/comments?post=305001"}],"version-history":[{"count":0,"href":"https:\/\/www.europesays.com\/es\/wp-json\/wp\/v2\/posts\/305001\/revisions"}],"wp:featuredmedia":[{"embeddable":true,"href":"https:\/\/www.europesays.com\/es\/wp-json\/wp\/v2\/media\/305002"}],"wp:attachment":[{"href":"https:\/\/www.europesays.com\/es\/wp-json\/wp\/v2\/media?parent=305001"}],"wp:term":[{"taxonomy":"category","embeddable":true,"href":"https:\/\/www.europesays.com\/es\/wp-json\/wp\/v2\/categories?post=305001"},{"taxonomy":"post_tag","embeddable":true,"href":"https:\/\/www.europesays.com\/es\/wp-json\/wp\/v2\/tags?post=305001"}],"curies":[{"name":"wp","href":"https:\/\/api.w.org\/{rel}","templated":true}]}}