{"id":305005,"date":"2025-12-24T13:53:14","date_gmt":"2025-12-24T13:53:14","guid":{"rendered":"https:\/\/www.europesays.com\/es\/305005\/"},"modified":"2025-12-24T13:53:14","modified_gmt":"2025-12-24T13:53:14","slug":"dow-jones-y-sp-500-suenan-con-un-rally-de-papa-noel-de-maximos","status":"publish","type":"post","link":"https:\/\/www.europesays.com\/es\/305005\/","title":{"rendered":"Dow Jones y S&#038;P 500 sue\u00f1an con un rally de Pap\u00e1 Noel de m\u00e1ximos"},"content":{"rendered":"<p>    <img fetchpriority=\"high\" decoding=\"async\" src=\"data:image\/gif;base64,R0lGODlhAQABAIAAAAAAAP\/\/\/ywAAAAAAQABAAACAUwAOw==\" alt=\"Dow Jones y S&amp;P 500 sue\u00f1an con un rally de Pap\u00e1 Noel de m\u00e1ximos\" loading=\"eager\" height=\"268\" width=\"960\" class=\"yf-lglytj loader\"\/> Dow Jones y S&amp;P 500 sue\u00f1an con un rally de Pap\u00e1 Noel de m\u00e1ximos      <\/p>\n<p class=\"yf-7hmkaz\">El <a class=\"link \" href=\"https:\/\/www.estrategiasdeinversion.com\/cotizaciones\/indices\/sp-500\" rel=\"nofollow noopener\" target=\"_blank\" data-ylk=\"slk:S&amp;P 500;elm:context_link;itc:0;sec:content-canvas\">S&amp;P 500<\/a> llega al d\u00eda de Nochebuena habiendo marcado el pasado martes un nuevo cierre r\u00e9cord de 6.909,79 puntos. El \u00edndice est\u00e1 justo por debajo de su m\u00e1ximo hist\u00f3rico intrad\u00eda de 6.920,34. El <a class=\"link \" href=\"https:\/\/www.estrategiasdeinversion.com\/cotizaciones\/indices\/dow-jones-ind-average\" rel=\"nofollow noopener\" target=\"_blank\" data-ylk=\"slk:DOW JONES;elm:context_link;itc:0;sec:content-canvas\">DOW JONES<\/a> est\u00e1 solo a 260 puntos de su r\u00e9cord de cierre, vigente desde el 11 de diciembre en los 48.701,40 puntos, mientras que su nivel m\u00e1s alto del a\u00f1o lo toc\u00f3 en los 48.886,86 puntos el d\u00eda 12.<\/p>\n<p class=\"yf-7hmkaz\">Los inversores siguen esperando <strong>el ansiado rally de Pap\u00e1 Noel<\/strong>. Este rally, cuyo nombre acu\u00f1\u00f3 Yale Hirsch, fundador del Stock Trader\u2019s Almanac en 1972, ocurre entre los \u00faltimos cinco d\u00edas h\u00e1biles del a\u00f1o y los dos primeros del nuevo. En este caso, abarcar\u00eda desde la apertura del mercado el 24 de diciembre hasta el segundo d\u00eda h\u00e1bil de 2026, o el 5 de enero.<\/p>\n<p class=\"yf-7hmkaz\">Seg\u00fan Adam Turnquist, estratega t\u00e9cnico jefe de LPL Financial, <strong>el S&amp;P 500 ha registrado una ganancia promedio del 1,3% en el transcurso de estos siete d\u00edas h\u00e1biles<\/strong>, con resultados positivos el 78% del tiempo. La rentabilidad media t\u00edpica del mercado es de tan solo el 0,3%, con una tasa de positividad del 58%, seg\u00fan explica Turnquist en una nota a sus clientes.<\/p>\n<p class=\"yf-7hmkaz\">\u201cEl impulso de cara a fin de a\u00f1o sugiere<strong> un escenario favorable para un rally de Navidad positivo, una se\u00f1al hist\u00f3ricamente alcista para enero y el a\u00f1o que viene<\/strong>\u201d, afirma el analista. \u201cSi bien la amplitud general del mercado sigue siendo algo limitada para un \u00edndice cercano a m\u00e1ximos hist\u00f3ricos, la tendencia avanza en la direcci\u00f3n correcta, impulsada por una rotaci\u00f3n hacia sectores c\u00edclicos. Un cierre por encima del m\u00e1ximo de diciembre del S&amp;P 500 podr\u00eda allanar el camino para el siguiente tramo alcista por encima del hito de los 7.000 puntos\u201d.<\/p>\n<p class=\"yf-7hmkaz\">El martes, los \u00edndices lograron cerrar al alza en una jornada marcada por la publicaci\u00f3n del PIB. Poco antes de la apertura, el Departamento de Comercio public\u00f3 su lectura del <strong>producto interior bruto estadounidense del tercer trimestre, que se situ\u00f3 en el 4,3%<\/strong>, superando la estimaci\u00f3n de consenso del Dow Jones del 3,2%. El informe, que se hab\u00eda retrasado debido al cierre del gobierno, inicialmente llev\u00f3 a los operadores a reducir sus expectativas de recortes de tipos de inter\u00e9s a principios del pr\u00f3ximo a\u00f1o. Sin embargo, las operaciones con futuros de fondos federales a\u00fan indican dos recortes de tipos para finales de 2026, seg\u00fan la herramienta FedWatch de CME.<\/p>\n<p class=\"yf-7hmkaz\">El presidente de EEUU, <strong>Donald Trump<\/strong>, ha cuestionado la lectura del mercado sobre la Fed, declarando que espera que el nuevo presidente que nombre para la instituci\u00f3n reduzca los tipos incluso cuando Wall Street tenga un buen desempe\u00f1o. \u201c\u00bbQuiero tener un mercado como no hemos tenido en muchas d\u00e9cadas\u201d, ha se\u00f1alado en sus redes sociales, \u201c<strong>un mercado que suba con las buenas noticias y baje con las malas<\/strong>, como deber\u00eda ser, y como fue\u201d.<\/p>\n<p class=\"yf-7hmkaz\">Los inversores tienen que tener en cuenta que la Bolsa de Nueva York finalizar\u00e1 la sesi\u00f3n el 24 de diciembre a las 13:00 ET (19:00 hora peninsular espa\u00f1ola), mientras que el jueves permanecer\u00e1 cerrada por Navidad. El viernes reabrir\u00e1 sus puertas con su horario habitual.<\/p>\n","protected":false},"excerpt":{"rendered":"Dow Jones y S&amp;P 500 sue\u00f1an con un rally de Pap\u00e1 Noel de m\u00e1ximos El S&amp;P 500 llega&hellip;\n","protected":false},"author":2,"featured_media":305006,"comment_status":"","ping_status":"","sticky":false,"template":"","format":"standard","meta":{"footnotes":""},"categories":[80],"tags":[71726,82,95,94,25,24,65546,17381,3509,23,6407],"class_list":{"0":"post-305005","1":"post","2":"type-post","3":"status-publish","4":"format-standard","5":"has-post-thumbnail","7":"category-economia","8":"tag-24-de-diciembre","9":"tag-business","10":"tag-economia","11":"tag-economy","12":"tag-es","13":"tag-espana","14":"tag-papa-noel","15":"tag-presidente-de-eeuu","16":"tag-sp-500","17":"tag-spain","18":"tag-tipos-de-interes"},"share_on_mastodon":{"url":"https:\/\/pubeurope.com\/@es\/115774882136128561","error":""},"_links":{"self":[{"href":"https:\/\/www.europesays.com\/es\/wp-json\/wp\/v2\/posts\/305005","targetHints":{"allow":["GET"]}}],"collection":[{"href":"https:\/\/www.europesays.com\/es\/wp-json\/wp\/v2\/posts"}],"about":[{"href":"https:\/\/www.europesays.com\/es\/wp-json\/wp\/v2\/types\/post"}],"author":[{"embeddable":true,"href":"https:\/\/www.europesays.com\/es\/wp-json\/wp\/v2\/users\/2"}],"replies":[{"embeddable":true,"href":"https:\/\/www.europesays.com\/es\/wp-json\/wp\/v2\/comments?post=305005"}],"version-history":[{"count":0,"href":"https:\/\/www.europesays.com\/es\/wp-json\/wp\/v2\/posts\/305005\/revisions"}],"wp:featuredmedia":[{"embeddable":true,"href":"https:\/\/www.europesays.com\/es\/wp-json\/wp\/v2\/media\/305006"}],"wp:attachment":[{"href":"https:\/\/www.europesays.com\/es\/wp-json\/wp\/v2\/media?parent=305005"}],"wp:term":[{"taxonomy":"category","embeddable":true,"href":"https:\/\/www.europesays.com\/es\/wp-json\/wp\/v2\/categories?post=305005"},{"taxonomy":"post_tag","embeddable":true,"href":"https:\/\/www.europesays.com\/es\/wp-json\/wp\/v2\/tags?post=305005"}],"curies":[{"name":"wp","href":"https:\/\/api.w.org\/{rel}","templated":true}]}}