{"id":305009,"date":"2025-12-24T13:55:26","date_gmt":"2025-12-24T13:55:26","guid":{"rendered":"https:\/\/www.europesays.com\/es\/305009\/"},"modified":"2025-12-24T13:55:26","modified_gmt":"2025-12-24T13:55:26","slug":"la-comunidad-de-madrid-crea-una-espuma-de-poliuretano-con-propiedades-ignifugas-y-antibacterianas-para-uso-en-hospitales-y-transporte-publico","status":"publish","type":"post","link":"https:\/\/www.europesays.com\/es\/305009\/","title":{"rendered":"La Comunidad de Madrid crea una espuma de poliuretano con propiedades ign\u00edfugas y antibacterianas para uso en hospitales y transporte p\u00fablico"},"content":{"rendered":"<p>La Comunidad de Madrid ha creado una espuma de poliuretano multifuncional capaz de resistir las llamas, suprimir la emisi\u00f3n de humo y prevenir el crecimiento bacteriano. El Instituto Madrile\u00f1o de Estudios Avanzados IMDEA Materiales, ha liderado esta investigaci\u00f3n que combina higiene y seguridad frente al fuego, junto con la Universidad Francisco de Vitoria de Madrid y la chima de Chongqing Jiaotong.  <\/p>\n","protected":false},"excerpt":{"rendered":"La Comunidad de Madrid ha creado una espuma de poliuretano multifuncional capaz de resistir las llamas, suprimir la&hellip;\n","protected":false},"author":2,"featured_media":305010,"comment_status":"","ping_status":"","sticky":false,"template":"","format":"standard","meta":{"footnotes":""},"categories":[8],"tags":[17,18,25,24,13,14,11,19,20,9,10,15,16,23,12,21,22],"class_list":{"0":"post-305009","1":"post","2":"type-post","3":"status-publish","4":"format-standard","5":"has-post-thumbnail","7":"category-espana","8":"tag-breaking-news","9":"tag-breakingnews","10":"tag-es","11":"tag-espana","12":"tag-featured-news","13":"tag-featurednews","14":"tag-headlines","15":"tag-latest-news","16":"tag-latestnews","17":"tag-news","18":"tag-noticias","19":"tag-noticias-destacadas","20":"tag-noticiasdestacadas","21":"tag-spain","22":"tag-titulares","23":"tag-ultimas-noticias","24":"tag-ultimasnoticias"},"share_on_mastodon":{"url":"https:\/\/pubeurope.com\/@es\/115774889902591068","error":""},"_links":{"self":[{"href":"https:\/\/www.europesays.com\/es\/wp-json\/wp\/v2\/posts\/305009","targetHints":{"allow":["GET"]}}],"collection":[{"href":"https:\/\/www.europesays.com\/es\/wp-json\/wp\/v2\/posts"}],"about":[{"href":"https:\/\/www.europesays.com\/es\/wp-json\/wp\/v2\/types\/post"}],"author":[{"embeddable":true,"href":"https:\/\/www.europesays.com\/es\/wp-json\/wp\/v2\/users\/2"}],"replies":[{"embeddable":true,"href":"https:\/\/www.europesays.com\/es\/wp-json\/wp\/v2\/comments?post=305009"}],"version-history":[{"count":0,"href":"https:\/\/www.europesays.com\/es\/wp-json\/wp\/v2\/posts\/305009\/revisions"}],"wp:featuredmedia":[{"embeddable":true,"href":"https:\/\/www.europesays.com\/es\/wp-json\/wp\/v2\/media\/305010"}],"wp:attachment":[{"href":"https:\/\/www.europesays.com\/es\/wp-json\/wp\/v2\/media?parent=305009"}],"wp:term":[{"taxonomy":"category","embeddable":true,"href":"https:\/\/www.europesays.com\/es\/wp-json\/wp\/v2\/categories?post=305009"},{"taxonomy":"post_tag","embeddable":true,"href":"https:\/\/www.europesays.com\/es\/wp-json\/wp\/v2\/tags?post=305009"}],"curies":[{"name":"wp","href":"https:\/\/api.w.org\/{rel}","templated":true}]}}