{"id":305046,"date":"2025-12-24T14:42:07","date_gmt":"2025-12-24T14:42:07","guid":{"rendered":"https:\/\/www.europesays.com\/es\/305046\/"},"modified":"2025-12-24T14:42:07","modified_gmt":"2025-12-24T14:42:07","slug":"roban-una-replica-de-un-cuadro-de-el-greco-pensando-que-era-el-original","status":"publish","type":"post","link":"https:\/\/www.europesays.com\/es\/305046\/","title":{"rendered":"Roban una r\u00e9plica de un cuadro de El Greco pensando que era el original"},"content":{"rendered":"<p data-gtm-element-container=\"modulo-texto-link\" class=\"paragraph\">Unos desconocidos han robado la pasada noche una copia del cuadro de El Greco\u00a0La magdalena penitente, que se puede ver en la parroquia de San Eutropio de Paradas (Sevilla), un robo en el que los investigadores sospechan que los ladrones buscaban el cuadro original, que est\u00e1 en la misma iglesia pero protegido por un sistema de seguridad.<\/p>\n<p data-gtm-element-container=\"modulo-texto-link\" class=\"paragraph\">Seg\u00fan ha adelantado El Pespunte y han informado a EFE fuentes de la investigaci\u00f3n, los autores del robo han accedido a la iglesia por la puerta lateral de su sacrist\u00eda y se cree que ha sido sobre las cuatro de la madrugada, cuando se ha registrado el salto de la alarma.<\/p>\n<p data-gtm-element-container=\"modulo-texto-link\" class=\"paragraph\">Los investigadores sospechan que ha podido ser un robo por encargo y que los ladrones pretend\u00edan llevarse el original del cuadro, la obra m\u00e1s importante del edificio que est\u00e1 dentro de un habit\u00e1culo protegido con una reja y un sistema propio de alarma.<\/p>\n<p data-gtm-element-container=\"modulo-texto-link\" class=\"paragraph\">Un equipo de la Polic\u00eda Judicial de la Guardia Civil ha pasado parte de la ma\u00f1ana en el edificio recogiendo huellas y datos sobre este suceso.<\/p>\n<p data-gtm-element-container=\"modulo-texto-link\" class=\"paragraph\">La Magdalena Penitente\u00a0es un cuadro datado entre 1580 y 1585, con caracter\u00edsticas propias del estilo espiritual y manierista de El Greco. Se desconoce c\u00f3mo lleg\u00f3 a Paradas, pero en su d\u00eda se hizo una copia para que fuese admirada de cerca, mientras el original est\u00e1 protegido.<\/p>\n","protected":false},"excerpt":{"rendered":"Unos desconocidos han robado la pasada noche una copia del cuadro de El Greco\u00a0La magdalena penitente, que se&hellip;\n","protected":false},"author":2,"featured_media":305047,"comment_status":"","ping_status":"","sticky":false,"template":"","format":"standard","meta":{"footnotes":""},"categories":[173],"tags":[229,233,231,230,232,234,146,147,25,24,23],"class_list":{"0":"post-305046","1":"post","2":"type-post","3":"status-publish","4":"format-standard","5":"has-post-thumbnail","7":"category-arte-y-diseno","8":"tag-arte","9":"tag-arte-y-diseno","10":"tag-arts","11":"tag-arts-and-design","12":"tag-design","13":"tag-diseno","14":"tag-entertainment","15":"tag-entretenimiento","16":"tag-es","17":"tag-espana","18":"tag-spain"},"share_on_mastodon":{"url":"https:\/\/pubeurope.com\/@es\/115775074659428964","error":""},"_links":{"self":[{"href":"https:\/\/www.europesays.com\/es\/wp-json\/wp\/v2\/posts\/305046","targetHints":{"allow":["GET"]}}],"collection":[{"href":"https:\/\/www.europesays.com\/es\/wp-json\/wp\/v2\/posts"}],"about":[{"href":"https:\/\/www.europesays.com\/es\/wp-json\/wp\/v2\/types\/post"}],"author":[{"embeddable":true,"href":"https:\/\/www.europesays.com\/es\/wp-json\/wp\/v2\/users\/2"}],"replies":[{"embeddable":true,"href":"https:\/\/www.europesays.com\/es\/wp-json\/wp\/v2\/comments?post=305046"}],"version-history":[{"count":0,"href":"https:\/\/www.europesays.com\/es\/wp-json\/wp\/v2\/posts\/305046\/revisions"}],"wp:featuredmedia":[{"embeddable":true,"href":"https:\/\/www.europesays.com\/es\/wp-json\/wp\/v2\/media\/305047"}],"wp:attachment":[{"href":"https:\/\/www.europesays.com\/es\/wp-json\/wp\/v2\/media?parent=305046"}],"wp:term":[{"taxonomy":"category","embeddable":true,"href":"https:\/\/www.europesays.com\/es\/wp-json\/wp\/v2\/categories?post=305046"},{"taxonomy":"post_tag","embeddable":true,"href":"https:\/\/www.europesays.com\/es\/wp-json\/wp\/v2\/tags?post=305046"}],"curies":[{"name":"wp","href":"https:\/\/api.w.org\/{rel}","templated":true}]}}