{"id":305061,"date":"2025-12-24T14:51:12","date_gmt":"2025-12-24T14:51:12","guid":{"rendered":"https:\/\/www.europesays.com\/es\/305061\/"},"modified":"2025-12-24T14:51:12","modified_gmt":"2025-12-24T14:51:12","slug":"la-ue-activa-un-paquete-para-fortalecer-la-circularidad-del-plastico-y-la-competitividad-industrial","status":"publish","type":"post","link":"https:\/\/www.europesays.com\/es\/305061\/","title":{"rendered":"La UE activa un paquete para fortalecer la circularidad del pl\u00e1stico y la competitividad industrial"},"content":{"rendered":"<p data-end=\"1241\" data-start=\"556\">La <a href=\"https:\/\/ec.europa.eu\/\" rel=\"noopener nofollow\" target=\"_blank\">Comisi\u00f3n Europea<\/a> ha dado a conocer un <a href=\"https:\/\/environment.ec.europa.eu\/publications\/communication-accelerating-europes-transition-circular-economy-boosting-circularity-plastics_en\" rel=\"noopener nofollow\" target=\"_blank\"><strong data-end=\"635\" data-start=\"597\">primer conjunto de acciones piloto<\/strong> <\/a>destinado a acelerar la transici\u00f3n de Europa hacia una <strong data-end=\"712\" data-start=\"691\">econom\u00eda circular<\/strong>, con una atenci\u00f3n especial al <strong data-end=\"766\" data-start=\"743\">sector del pl\u00e1stico<\/strong>. Al <strong data-end=\"810\" data-start=\"771\">optimizar el reciclaje de pl\u00e1sticos<\/strong>, estas medidas pretenden ampliar el potencial del <strong data-end=\"878\" data-start=\"861\">Mercado \u00danico<\/strong> y reforzar la <strong data-end=\"916\" data-start=\"893\">seguridad econ\u00f3mica<\/strong>, la <strong data-end=\"946\" data-start=\"921\">autonom\u00eda estrat\u00e9gica<\/strong>, la <strong data-end=\"969\" data-start=\"951\">competitividad<\/strong> y la <strong data-end=\"1003\" data-start=\"975\">sostenibilidad ambiental<\/strong> de la Uni\u00f3n Europea. Este planteamiento se alinea con el an\u00e1lisis del <strong data-end=\"1092\" data-start=\"1074\">Informe Draghi<\/strong>, que subraya la <strong data-end=\"1125\" data-start=\"1109\">circularidad<\/strong> y la <strong data-end=\"1161\" data-start=\"1131\">eficiencia de los recursos<\/strong> como palancas decisivas para fortalecer la competitividad industrial de Europa.<\/p>\n<p>\u00a0<br \/>\n<strong>Enfoque en dos etapas<\/strong><\/p>\n<p data-end=\"1953\" data-start=\"1322\">Con el objetivo de acelerar la transici\u00f3n hacia la circularidad, la Comisi\u00f3n aplica un enfoque estructurado en <strong data-end=\"1447\" data-start=\"1433\">dos etapas<\/strong>. En primer lugar, ante la presi\u00f3n creciente sobre determinados sectores, este paquete piloto incorpora <strong data-end=\"1587\" data-start=\"1551\">acciones concretas a corto plazo<\/strong> para apoyar la circularidad, especialmente en el <strong data-end=\"1660\" data-start=\"1637\">sector del pl\u00e1stico<\/strong>, al tiempo que impulsa la <strong data-end=\"1700\" data-start=\"1687\">inversi\u00f3n<\/strong> y la <strong data-end=\"1720\" data-start=\"1706\">innovaci\u00f3n<\/strong> de forma transversal. En segundo lugar, en <strong data-end=\"1772\" data-start=\"1764\">2026<\/strong>, la Comisi\u00f3n propondr\u00e1 una <strong data-end=\"1828\" data-start=\"1800\">Ley de Econom\u00eda Circular<\/strong> con nuevas medidas horizontales orientadas a mejorar el funcionamiento del <strong data-end=\"1952\" data-start=\"1904\">Mercado \u00danico de materias primas secundarias<\/strong>.<\/p>\n<p>\u00a0<br \/>\n<strong>Oportunidad clim\u00e1tica y econ\u00f3mica\u00a0<\/strong><\/p>\n<p data-end=\"2495\" data-start=\"2028\">Desde una perspectiva industrial, la econom\u00eda circular constituye una <strong data-end=\"2125\" data-start=\"2098\">oportunidad estrat\u00e9gica<\/strong> para el sector del pl\u00e1stico.<a href=\"https:\/\/publications.jrc.ec.europa.eu\/repository\/bitstream\/JRC142938\/JRC142938_01.pdf\" rel=\"noopener nofollow\" target=\"_blank\"> Seg\u00fan datos del <strong data-end=\"2204\" data-start=\"2171\">Centro Com\u00fan de Investigaci\u00f3n<\/strong><\/a> de la Comisi\u00f3n Europea, las soluciones circulares podr\u00edan <strong data-end=\"2314\" data-start=\"2263\">reducir las emisiones relacionadas con el clima<\/strong> del sector en un <strong data-end=\"2340\" data-start=\"2332\">45 %<\/strong>, contribuir a <strong data-end=\"2394\" data-start=\"2355\">descarbonizar el consumo energ\u00e9tico<\/strong> y mejorar la <strong data-end=\"2429\" data-start=\"2408\">balanza comercial<\/strong> del sector en <strong data-end=\"2480\" data-start=\"2444\">18 000 millones de euros anuales<\/strong> para <strong data-end=\"2494\" data-start=\"2486\">2050<\/strong>.<\/p>\n<p>\u00a0<br \/>\n<strong>Presiones crecientes sobre el reciclaje de pl\u00e1stico\u00a0<\/strong><\/p>\n<p data-end=\"3111\" data-start=\"2560\">En paralelo, el sector del reciclaje de pl\u00e1stico afronta un escenario de <strong data-end=\"2660\" data-start=\"2633\">tensiones estructurales<\/strong>: mercados fragmentados para los materiales reciclados, <strong data-end=\"2744\" data-start=\"2716\">altos costes energ\u00e9ticos<\/strong>, precios vol\u00e1tiles del pl\u00e1stico virgen y <strong data-end=\"2828\" data-start=\"2786\">competencia desleal de terceros pa\u00edses<\/strong>. Estas dificultades ya se traducen en impactos negativos, como la reducci\u00f3n del uso de la capacidad instalada y <strong data-end=\"2965\" data-start=\"2941\">p\u00e9rdidas financieras<\/strong> para los recicladores de la UE, un contexto que pone en riesgo tanto los objetivos de circularidad como la <strong data-end=\"3102\" data-start=\"3073\">competitividad industrial<\/strong> europea.<\/p>\n<p data-end=\"3487\" data-start=\"3176\">Para abordar la <strong>fragmentaci\u00f3n<\/strong> existente, la Comisi\u00f3n reconoce que la ausencia de normas armonizadas y predecibles a escala de la UE para la libre circulaci\u00f3n de pl\u00e1sticos reciclados ha derivado en un mercado fragmentado. Las medidas presentadas hoy buscan contribuir a un mercado de pl\u00e1sticos <strong data-end=\"3486\" data-start=\"3469\">m\u00e1s integrado<\/strong>.<\/p>\n<p>\u00a0<br \/>\n<strong>Criterios de fin de condici\u00f3n de residuo<\/strong><\/p>\n<p data-end=\"4318\" data-start=\"3570\">Dentro del paquete, la Comisi\u00f3n presenta un <strong data-end=\"3635\" data-start=\"3614\">acto de ejecuci\u00f3n<\/strong> para establecer criterios de <strong data-end=\"3699\" data-start=\"3665\">fin de la condici\u00f3n de residuo<\/strong> para los pl\u00e1sticos en toda la UE, conforme a la <strong data-end=\"3782\" data-start=\"3748\">Directiva Marco sobre Residuos<\/strong>. Definir a nivel europeo cu\u00e1ndo los materiales reciclados pasan a considerarse de nuevo materiales aptos para la reutilizaci\u00f3n se plantea como un paso esencial para consolidar un <strong data-end=\"4003\" data-start=\"3962\">mercado \u00fanico de pl\u00e1sticos reciclados<\/strong>, simplificar procedimientos administrativos para los recicladores, en particular para las <strong data-end=\"4103\" data-start=\"4094\">pymes<\/strong>, y asegurar un suministro estable de materiales reciclados <strong data-end=\"4182\" data-start=\"4163\">de alta calidad<\/strong> en toda Europa. Antes de su adopci\u00f3n definitiva, el proyecto se publica hoy para <strong data-end=\"4284\" data-start=\"4264\">consulta p\u00fablica<\/strong> hasta el <strong data-end=\"4317\" data-start=\"4294\">26 de enero de 2026<\/strong>.<\/p>\n<p>\u00a0<br \/>\n<strong>Contenido reciclado en botellas PET y reciclaje qu\u00edmico<\/strong><\/p>\n<p data-end=\"5088\" data-start=\"4389\">Asimismo, la Comisi\u00f3n somete a votaci\u00f3n de los Estados miembros un <strong data-end=\"4477\" data-start=\"4456\">acto de ejecuci\u00f3n<\/strong> relativo al <strong data-end=\"4513\" data-start=\"4490\">contenido reciclado<\/strong> de las botellas de pl\u00e1stico <strong data-end=\"4549\" data-start=\"4542\">PET<\/strong> de un solo uso para bebidas, en l\u00ednea con la <strong data-end=\"4639\" data-start=\"4595\">Directiva sobre pl\u00e1sticos de un solo uso<\/strong>. Estas normas podr\u00edan abrir nuevas oportunidades para los recicladores qu\u00edmicos, garantizando que los pl\u00e1sticos reciclados qu\u00edmicamente contribuyan al cumplimiento de los objetivos de reciclaje de la UE, bajo ciertas condiciones y como complemento a los pl\u00e1sticos reciclados mec\u00e1nicamente. Se espera, adem\u00e1s, que un marco regulatorio m\u00e1s claro incremente la <strong data-end=\"5020\" data-start=\"4998\">seguridad jur\u00eddica<\/strong> y ayude a impulsar la <strong data-end=\"5077\" data-start=\"5043\">inversi\u00f3n en reciclaje qu\u00edmico<\/strong> en Europa.<\/p>\n<p>\u00a0<br \/>\n<strong>Relanzamiento de la Circular Plastics Alliance\u00a0<\/strong><\/p>\n<p data-end=\"5651\" data-start=\"5173\">Con el fin de fortalecer la cooperaci\u00f3n sectorial, la Comisi\u00f3n prev\u00e9 relanzar y reforzar la <a href=\"https:\/\/single-market-economy.ec.europa.eu\/industry\/industrial-alliances\/circular-plastics-alliance_en\" rel=\"noopener nofollow\" target=\"_blank\"><strong data-end=\"5295\" data-start=\"5265\">Circular Plastics Alliance<\/strong>,<\/a> consolid\u00e1ndola como una plataforma estructurada e inclusiva para la colaboraci\u00f3n en toda la cadena de valor. En este espacio, las partes interesadas de la industria, los Estados miembros y la Comisi\u00f3n podr\u00e1n identificar prioridades compartidas y abordar retos clave que afectan la <strong data-end=\"5596\" data-start=\"5578\">competitividad<\/strong> y la <strong data-end=\"5618\" data-start=\"5602\">circularidad<\/strong> del sector europeo del pl\u00e1stico.<\/p>\n<p>\u00a0<br \/>\n<strong>Garantizar una competencia justa en el mercado europeo<\/strong><\/p>\n<p data-end=\"6468\" data-start=\"5710\">En materia de competencia, la Comisi\u00f3n busca asegurar condiciones equitativas entre los pl\u00e1sticos producidos en la UE y los importados mediante la creaci\u00f3n de <strong data-end=\"5890\" data-start=\"5869\">c\u00f3digos aduaneros<\/strong> separados para los pl\u00e1sticos v\u00edrgenes y reciclados. Esta diferenciaci\u00f3n facilitar\u00e1 la aplicaci\u00f3n de las normas de la UE sobre pl\u00e1sticos importados por parte de las autoridades aduaneras y de vigilancia del mercado.<\/p>\n<p data-end=\"6468\" data-start=\"5710\">Por otra parte, la Comisi\u00f3n anuncia iniciativas para el <strong data-end=\"6177\" data-start=\"6162\">seguimiento<\/strong> de los mercados de pl\u00e1sticos v\u00edrgenes y reciclados, tanto en la UE como a nivel mundial, con el objetivo de fundamentar posibles medidas comerciales orientadas a garantizar una competencia leal entre la producci\u00f3n europea y las importaciones. Estas medidas ser\u00e1n evaluadas durante <strong data-end=\"6467\" data-start=\"6459\">2026<\/strong>.<\/p>\n<p>\u00a0<br \/>\n<strong>Fomentar la inversi\u00f3n y la innovaci\u00f3n en proyectos circulares<\/strong><\/p>\n<p data-end=\"7076\" data-start=\"6534\">Con el prop\u00f3sito de acelerar la transformaci\u00f3n industrial, la Comisi\u00f3n intensificar\u00e1 el apoyo a proyectos circulares mediante una mayor colaboraci\u00f3n con los bancos nacionales y el <strong data-end=\"6746\" data-start=\"6714\">Banco Europeo de Inversiones<\/strong>. En este marco, respaldar\u00e1 los <strong data-end=\"6821\" data-start=\"6778\">Centros Transregionales de Circularidad<\/strong> a trav\u00e9s de la creaci\u00f3n de un programa piloto de la <strong data-end=\"6932\" data-start=\"6874\">Herramienta de Coordinaci\u00f3n de la Competitividad (CCT)<\/strong>. Estos centros impulsar\u00e1n la especializaci\u00f3n inteligente y la cooperaci\u00f3n transfronteriza para ampliar el reciclaje y las pr\u00e1cticas circulares.<\/p>\n<p>\u00a0<br \/>\n<strong>Evaluaci\u00f3n de la Directiva sobre Pl\u00e1sticos de Un Solo Uso<\/strong><\/p>\n<p data-end=\"7681\" data-start=\"7138\">En el \u00e1mbito regulatorio, la Comisi\u00f3n ha lanzado hoy una <strong data-end=\"7215\" data-start=\"7195\">consulta p\u00fablica<\/strong> y una convocatoria de pruebas para evaluar la <strong data-end=\"7313\" data-start=\"7262\">Directiva sobre Pl\u00e1sticos de Un Solo Uso (SUPD)<\/strong>. Se trata del primer paso para analizar hasta qu\u00e9 punto la Directiva ha reducido el impacto de determinados productos pl\u00e1sticos en el medio marino y en la salud humana, al tiempo que promueve una econom\u00eda circular, innovadora y sostenible. La consulta y la convocatoria de pruebas permanecer\u00e1n abiertas a todas las partes interesadas hasta el <strong data-end=\"7680\" data-start=\"7657\">17 de marzo de 2026<\/strong>.<\/p>\n<p data-end=\"9562\" data-is-last-node=\"\" data-is-only-node=\"\" data-start=\"7742\">\u00a0<\/p>\n","protected":false},"excerpt":{"rendered":"La Comisi\u00f3n Europea ha dado a conocer un primer conjunto de acciones piloto destinado a acelerar la transici\u00f3n&hellip;\n","protected":false},"author":2,"featured_media":305062,"comment_status":"","ping_status":"","sticky":false,"template":"","format":"standard","meta":{"footnotes":""},"categories":[80],"tags":[517,5051,82,16341,95,94,15558,2308,25,24,4806,2893,13583,10,1925,16340,4286,7788,16342,23],"class_list":{"0":"post-305061","1":"post","2":"type-post","3":"status-publish","4":"format-standard","5":"has-post-thumbnail","7":"category-economia","8":"tag-actualidad","9":"tag-agua","10":"tag-business","11":"tag-clima","12":"tag-economia","13":"tag-economy","14":"tag-emisiones","15":"tag-empresas","16":"tag-es","17":"tag-espana","18":"tag-eventos","19":"tag-industria","20":"tag-medioambiente","21":"tag-noticias","22":"tag-opinion","23":"tag-podcasts","24":"tag-reportajes","25":"tag-residuos","26":"tag-sostenibilidad","27":"tag-spain"},"share_on_mastodon":{"url":"https:\/\/pubeurope.com\/@es\/115775110219146403","error":""},"_links":{"self":[{"href":"https:\/\/www.europesays.com\/es\/wp-json\/wp\/v2\/posts\/305061","targetHints":{"allow":["GET"]}}],"collection":[{"href":"https:\/\/www.europesays.com\/es\/wp-json\/wp\/v2\/posts"}],"about":[{"href":"https:\/\/www.europesays.com\/es\/wp-json\/wp\/v2\/types\/post"}],"author":[{"embeddable":true,"href":"https:\/\/www.europesays.com\/es\/wp-json\/wp\/v2\/users\/2"}],"replies":[{"embeddable":true,"href":"https:\/\/www.europesays.com\/es\/wp-json\/wp\/v2\/comments?post=305061"}],"version-history":[{"count":0,"href":"https:\/\/www.europesays.com\/es\/wp-json\/wp\/v2\/posts\/305061\/revisions"}],"wp:featuredmedia":[{"embeddable":true,"href":"https:\/\/www.europesays.com\/es\/wp-json\/wp\/v2\/media\/305062"}],"wp:attachment":[{"href":"https:\/\/www.europesays.com\/es\/wp-json\/wp\/v2\/media?parent=305061"}],"wp:term":[{"taxonomy":"category","embeddable":true,"href":"https:\/\/www.europesays.com\/es\/wp-json\/wp\/v2\/categories?post=305061"},{"taxonomy":"post_tag","embeddable":true,"href":"https:\/\/www.europesays.com\/es\/wp-json\/wp\/v2\/tags?post=305061"}],"curies":[{"name":"wp","href":"https:\/\/api.w.org\/{rel}","templated":true}]}}