{"id":305067,"date":"2025-12-24T14:54:11","date_gmt":"2025-12-24T14:54:11","guid":{"rendered":"https:\/\/www.europesays.com\/es\/305067\/"},"modified":"2025-12-24T14:54:11","modified_gmt":"2025-12-24T14:54:11","slug":"el-gobierno-elimina-la-obligacion-de-que-las-personas-desempleadas-presenten-la-declaracion-de-la-renta","status":"publish","type":"post","link":"https:\/\/www.europesays.com\/es\/305067\/","title":{"rendered":"El Gobierno elimina la obligaci\u00f3n de que las personas desempleadas presenten la declaraci\u00f3n de la renta"},"content":{"rendered":"<p class=\"article-text\">\n        El Gobierno ha suprimido la obligaci\u00f3n de que las personas desempleadas que cobran prestaciones por desempleo de realizar la declaraci\u00f3n de la renta. Era un nuevo mandato, aprobado en 2024 y que ya <a href=\"https:\/\/www.eldiario.es\/economia\/gobierno-rectifica-parados-cobraran-prestacion-no-hagan-declaracion-renta-2025_1_12133927.html\" data-mrf-recirculation=\"links-noticia\" class=\"link\" rel=\"nofollow noopener\" target=\"_blank\">se hab\u00eda retrasado a 2026<\/a>, pero ahora el Ejecutivo da marcha atr\u00e1s del todo y anula la medida, que considera que \u201cno era adecuada\u201d.\n    <\/p>\n<p>    <a href=\"https:\/\/www.eldiario.es\/economia\/gobierno-rectifica-parados-cobraran-prestacion-no-hagan-declaracion-renta-2025_1_12133927.html\" data-mrf-recirculation=\"saber-mas\" data-dl-event=\"saber-mas\" rel=\"nofollow noopener\" target=\"_blank\"><\/p>\n<p class=\"know-more__title\">El Gobierno ya hab\u00eda atrasado la obligaci\u00f3n con la declaraci\u00f3n de la renta de 2024<\/p>\n<p>            <img decoding=\"async\" class=\"lazy\" loading=\"lazy\" data-src=\"https:\/\/static.eldiario.es\/clip\/a097d305-925f-44c0-a057-8cb5ee3e6a94_16-9-aspect-ratio_default_0.jpg\" src=\"data:image\/svg+xml,%3Csvg xmlns=\" http:=\"\" viewbox=\"0 0 880 495\" alt=\"El Gobierno rectifica y los parados cobrar\u00e1n la prestaci\u00f3n aunque no hagan la Declaraci\u00f3n de la Renta en 2025\"\/><\/p>\n<p>                        <\/a><\/p>\n<p class=\"article-text\">\n        Se trata de una de las m\u00faltiples medidas aprobadas en <a href=\"https:\/\/www.eldiario.es\/economia\/pensiones-minimas-aumentaran-7-11-4-no-contributivas-ingreso-minimo-vital-11-4_1_12866492.html\" data-mrf-recirculation=\"links-noticia\" class=\"link\" rel=\"nofollow noopener\" target=\"_blank\">el macrodecreto de subida de las pensiones de final de a\u00f1o<\/a>, que tambi\u00e9n recoge <a href=\"https:\/\/www.eldiario.es\/politica\/gobierno-aprueba-escudo-social-prohibira-desahucios-familias-vulnerables-2026-ampliara-bono-energetico_1_12867069.html\" data-mrf-recirculation=\"links-noticia\" class=\"link\" rel=\"nofollow noopener\" target=\"_blank\">la ampliaci\u00f3n a 2026 del llamado \u201cescudo social\u201d<\/a> (como la prohibici\u00f3n de los desahucios a familias vulnerables y la ampliaci\u00f3n del bono energ\u00e9tico), pero tambi\u00e9n <a href=\"https:\/\/www.eldiario.es\/economia\/gobierno-elimina-obligacion-personas-desempleadas-presenten-declaracion-renta_1_12868698.html#letrapequena\" data-mrf-recirculation=\"links-noticia\" class=\"link\" rel=\"nofollow noopener\" target=\"_blank\">otra mucha letra peque\u00f1a<\/a> en materia de Seguridad Social, empleo e impuestos.\n    <\/p>\n<p class=\"article-text\">\n        En este caso, el Gobierno suprime dos apartados de la Ley General de la Seguridad Social \u2013letra k) en los art\u00edculos 271.1 y 299,1\u2013 que se incluyeron en la \u00faltima reforma del subsidio de paro de 2024 y que obligaba a las personas beneficiarias de prestaciones por desempleo a realizar la declaraci\u00f3n del IRPF.\n    <\/p>\n<p class=\"article-text\">\n        \u201cPersigue evitar que, a trav\u00e9s de una norma propia del \u00e1mbito social, como es la Ley General de la Seguridad Social, se produzca una modificaci\u00f3n de las obligaciones tributarias de las personas beneficiarias de prestaciones por desempleo\u201d, recoge el \u00faltimo decreto del a\u00f1o.\n    <\/p>\n<p class=\"article-text\">\n        El Gobierno argumenta como \u201cnecesaria\u201d la supresi\u00f3n de esta obligaci\u00f3n de presentar declaraci\u00f3n por IRPF a los beneficiarios de la prestaci\u00f3n por desempleo, \u201cpues su alcance actual no supone solo una obligaci\u00f3n formal. Ello excede la intenci\u00f3n de la norma, que inicialmente fue la de dotar de una fuente adicional de informaci\u00f3n a la entidad gestora de las prestaciones por desempleo\u201d.\n    <\/p>\n<p class=\"article-text\">\n        El Ejecutivo recuerda que esta obligaci\u00f3n segu\u00eda el ejemplo del mandato de realizar la declaraci\u00f3n en el ingreso m\u00ednimo vital (IMV). Sin embargo, concluye que \u201cexisten diferencias sustanciales tanto en la normativa aplicable como en la finalidad de cada prestaci\u00f3n\u201d y decide suprimir esta obligaciones para las prestaciones por desempleo.\n    <\/p>\n<p class=\"article-text\">\n        \u201cPor otra parte, los datos necesarios para la comprobaci\u00f3n de las declaraciones responsables de las personas solicitantes de subsidios por desempleo deber\u00e1n ser comprobados por la entidad gestora de la prestaci\u00f3n a trav\u00e9s de consultas a los datos tributarios de las personas beneficiarias\u201d, a\u00f1ade el decreto.\n    <\/p>\n<p class=\"article-text\">\n        El mandato de realizar la declaraci\u00f3n de la renta de las personas desempleadas gener\u00f3 bastante pol\u00e9mica con su aprobaci\u00f3n, principalmente por el grupo de personas que pasar\u00edan a pagar IRPF. Sin embargo, la mayor transparencia fiscal tambi\u00e9n es un elemento muy reclamado por especialistas tributarios para mejorar la llegada de ayudas a los colectivos m\u00e1s vulnerables, y posibilitar m\u00e1s la concesi\u00f3n de oficio, ya que en muchas ocasiones se quedan sin ellas al estar fuera del radar de las Administraciones P\u00fablicas.\n    <\/p>\n<p>    \u201cInnecesaria carga\u201d para 2,5 millones de personas<\/p>\n<p class=\"article-text\">\n        El Gobierno tambi\u00e9n argumenta la supresi\u00f3n de este mandato de realizar la declaraci\u00f3n de la renta porque \u201cadem\u00e1s supondr\u00eda un incremento innecesario de la carga administrativa para la persona trabajadora\u201d. En concreto, cifra este alcance en \u201caproximadamente dos millones y medio de personas nuevas que acceden a la prestaci\u00f3n por desempleo\u201d.\n    <\/p>\n<p class=\"article-text\">\n        El Ejecutivo argumenta que \u201cla declaraci\u00f3n responsable que se incorpor\u00f3 en la regulaci\u00f3n\u201d del subsidio por desempleo y \u201cel refuerzo de la interoperabilidad con la Agencia Estatal de la Administraci\u00f3n Tributaria han permitido prescindir de esta obligaci\u00f3n legal de presentar la declaraci\u00f3n correspondiente\u201d.\n    <\/p>\n<p class=\"article-text\">\n        Adem\u00e1s, el decreto subraya \u201clo que supondr\u00eda\u201d esta nueva obligaci\u00f3n para 2,5 millones de personas \u201cpara la Agencia Estatal de la Administraci\u00f3n Tributaria\u201d, al \u201ctener que gestionar este volumen de declaraciones adicionales\u201d.\n    <\/p>\n<p class=\"article-text\">\n        El Gobierno sostiene que \u201cel 75% de estos declarantes obtienen rentas por desempleo inferiores a 5.400 euros\u201d. \u201cPor ello, la extensi\u00f3n de la obligaci\u00f3n de presentar declaraci\u00f3n por IRPF a los beneficiarios de la prestaci\u00f3n por desempleo no supone solo una obligaci\u00f3n formal, sino que adem\u00e1s implica que muchos de estos contribuyentes tengan obligaci\u00f3n de autoliquidar e ingresar una cuota tributaria a la que no estar\u00edan obligados de acuerdo con la normativa estrictamente tributaria\u201d, a\u00f1ade el decreto, como otro de los argumentos que justifica la eliminaci\u00f3n de este mandato.\n    <\/p>\n<p class=\"article-text\">\n        La ley contempla que \u201ces oportuno que esta disposici\u00f3n se apruebe con anterioridad al cierre del ejercicio fiscal 2025\u201d, para que pueda \u201ctener la adecuada publicidad para que los ciudadanos y ciudadanas puedan tener conocimiento de la medida con la debida antelaci\u00f3n, as\u00ed como para que los organismos tributarios puedan planificar adecuadamente los trabajos previos al inicio de la campa\u00f1a de renta 2025\u201d.\n    <\/p>\n<p>    Salario m\u00ednimo, m\u00f3dulos de aut\u00f3nomos y otra letra peque\u00f1a<\/p>\n<p class=\"article-text\">\n        El macrodecreto de final de a\u00f1o incorpora adem\u00e1s otras muchas medidas, como la pr\u00f3rroga del salario m\u00ednimo interprofesional de 2025, de 1.184 euros brutos al mes, hasta que se acuerde un nuevo SMI por parte del Gobierno. <a href=\"https:\/\/www.eldiario.es\/economia\/gobierno-inclina-subir-salario-minimo-irpf-vuelta-navidad_1_12853596.html\" data-mrf-recirculation=\"links-noticia\" class=\"link\" rel=\"nofollow noopener\" target=\"_blank\">El Ministerio de Trabajo seguir\u00e1 negociando con los sindicatos y las patronales a la vuelta de las fiestas navide\u00f1as<\/a>, pero ya ha confirmado que el nuevo SMI tendr\u00e1 aplicaci\u00f3n con efectos retroactivos desde el 1 de enero, como ha ocurrido en los \u00faltimos a\u00f1os.\n    <\/p>\n<p class=\"article-text\">\n        Se actualizan las bases de cotizaci\u00f3n de la Seguridad Social, con un aumento de la m\u00e1xima a 5.100 euros al mes, seg\u00fan el mandato de las \u00faltimas reformas de pensiones, que ampl\u00edan poco a poco la parte del salario por la que cotizan las mayores ganancias. Tambi\u00e9n se fijan <a href=\"https:\/\/www.eldiario.es\/economia\/quedan-pensiones-imv-2026-cuantias-minimas-maximas-nuevo-periodo-computo_1_12864136.html\" data-mrf-recirculation=\"links-noticia\" class=\"link\" rel=\"nofollow noopener\" target=\"_blank\">las pensiones m\u00ednimas, la no contributiva y la m\u00e1xima<\/a>, as\u00ed como el aumento del complemento contra la brecha de g\u00e9nero en las pensiones.\n    <\/p>\n<p class=\"article-text\">\n        En el caso de los aut\u00f3nomos, sus cuotas m\u00ednimas a la Seguridad Social <a href=\"https:\/\/www.eldiario.es\/economia\/pensiones-minimas-aumentaran-7-11-4-no-contributivas-ingreso-minimo-vital-11-4_1_12866492.html#autonomos\" data-mrf-recirculation=\"links-noticia\" class=\"link\" rel=\"nofollow noopener\" target=\"_blank\">se mantienen congeladas de momento en las mismas cuant\u00edas de 2025<\/a>, ante la falta de acuerdo del Ministerio de Elma Saiz con los agentes sociales para continuar la reforma iniciada en 2022.\n    <\/p>\n<p class=\"article-text\">\n        Tambi\u00e9n hay medidas fiscales de relevancia, como la pr\u00f3rroga del sistema de m\u00f3dulos para los trabajadores aut\u00f3nomos. As\u00ed como novedades, como evitar la tributaci\u00f3n en el IRPF de ayudas por los incendios de este verano: \u201cCon el objeto de evitar la tributaci\u00f3n de los afectados por los incendios forestales y otras emergencias de protecci\u00f3n civil acaecidos entre el 23 de junio y el 25 de agosto de 2025, se declaran exentas del Impuesto sobre la Renta de las Personas F\u00edsicas las ayudas concedidas a los mismos por da\u00f1os personales\u201d, recoge el texto.\n    <\/p>\n<p class=\"article-text\">\n        \u201cEn l\u00ednea con el Plan Espa\u00f1a Auto 2030 y para contribuir a la lucha contra el cambio clim\u00e1tico\u201d, el Gobierno tambi\u00e9n prorroga \u201cotros incentivos fiscales a los veh\u00edculos el\u00e9ctricos, las infraestructuras de recarga y las inversiones que utilicen energ\u00edas renovables en los impuestos sobre la renta de las personas f\u00edsicas y sobre sociedades\u201d.\n    <\/p>\n<p>    <a href=\"https:\/\/www.eldiario.es\/economia\/quedan-pensiones-imv-2026-cuantias-minimas-maximas-nuevo-periodo-computo_1_12864136.html\" data-mrf-recirculation=\"saber-mas-abajo\" data-dl-event=\"saber-mas-abajo\" rel=\"nofollow noopener\" target=\"_blank\"><\/p>\n<p class=\"know-more__title\"> \u00bfC\u00f3mo quedan las pensiones y el IMV en 2026? Las cuant\u00edas m\u00ednimas, m\u00e1ximas y el nuevo periodo de c\u00f3mputo <\/p>\n<p>            <img decoding=\"async\" class=\"lazy\" loading=\"lazy\" data-src=\"https:\/\/static.eldiario.es\/clip\/37d695f5-3693-4a34-82c5-71f4b2d47d2b_16-9-aspect-ratio_default_0.jpg\" src=\"data:image\/svg+xml,%3Csvg xmlns=\" http:=\"\" viewbox=\"0 0 880 495\" alt=\"\u00bfC\u00f3mo quedan las pensiones y el IMV en 2026? Las cuant\u00edas m\u00ednimas, m\u00e1ximas y el nuevo periodo de c\u00f3mputo\"\/><\/p>\n<p>                        <\/a><\/p>\n<p class=\"article-text\">\n        Todas las medidas y la letra peque\u00f1a del decreto <a href=\"https:\/\/boe.es\/boe\/dias\/2025\/12\/24\/pdfs\/BOE-A-2025-26458.pdf\" data-mrf-recirculation=\"links-noticia\" class=\"link\" target=\"_blank\" rel=\"nofollow noopener\">se puede consultar aqu\u00ed<\/a>, en el Bolet\u00edn Oficial del Estado (BOE).\n    <\/p>\n","protected":false},"excerpt":{"rendered":"El Gobierno ha suprimido la obligaci\u00f3n de que las personas desempleadas que cobran prestaciones por desempleo de realizar&hellip;\n","protected":false},"author":2,"featured_media":305068,"comment_status":"","ping_status":"","sticky":false,"template":"","format":"standard","meta":{"footnotes":""},"categories":[5],"tags":[17,18,15091,72140,16584,25,24,13,14,582,11,19,20,9,10,15,16,20882,3477,72141,33649,23,12,21,22],"class_list":{"0":"post-305067","1":"post","2":"type-post","3":"status-publish","4":"format-standard","5":"has-post-thumbnail","7":"category-titulares","8":"tag-breaking-news","9":"tag-breakingnews","10":"tag-declaracion","11":"tag-desempleadas","12":"tag-elimina","13":"tag-es","14":"tag-espana","15":"tag-featured-news","16":"tag-featurednews","17":"tag-gobierno","18":"tag-headlines","19":"tag-latest-news","20":"tag-latestnews","21":"tag-news","22":"tag-noticias","23":"tag-noticias-destacadas","24":"tag-noticiasdestacadas","25":"tag-obligacion","26":"tag-personas","27":"tag-presenten","28":"tag-renta","29":"tag-spain","30":"tag-titulares","31":"tag-ultimas-noticias","32":"tag-ultimasnoticias"},"share_on_mastodon":{"url":"https:\/\/pubeurope.com\/@es\/115775121854771139","error":""},"_links":{"self":[{"href":"https:\/\/www.europesays.com\/es\/wp-json\/wp\/v2\/posts\/305067","targetHints":{"allow":["GET"]}}],"collection":[{"href":"https:\/\/www.europesays.com\/es\/wp-json\/wp\/v2\/posts"}],"about":[{"href":"https:\/\/www.europesays.com\/es\/wp-json\/wp\/v2\/types\/post"}],"author":[{"embeddable":true,"href":"https:\/\/www.europesays.com\/es\/wp-json\/wp\/v2\/users\/2"}],"replies":[{"embeddable":true,"href":"https:\/\/www.europesays.com\/es\/wp-json\/wp\/v2\/comments?post=305067"}],"version-history":[{"count":0,"href":"https:\/\/www.europesays.com\/es\/wp-json\/wp\/v2\/posts\/305067\/revisions"}],"wp:featuredmedia":[{"embeddable":true,"href":"https:\/\/www.europesays.com\/es\/wp-json\/wp\/v2\/media\/305068"}],"wp:attachment":[{"href":"https:\/\/www.europesays.com\/es\/wp-json\/wp\/v2\/media?parent=305067"}],"wp:term":[{"taxonomy":"category","embeddable":true,"href":"https:\/\/www.europesays.com\/es\/wp-json\/wp\/v2\/categories?post=305067"},{"taxonomy":"post_tag","embeddable":true,"href":"https:\/\/www.europesays.com\/es\/wp-json\/wp\/v2\/tags?post=305067"}],"curies":[{"name":"wp","href":"https:\/\/api.w.org\/{rel}","templated":true}]}}