{"id":305075,"date":"2025-12-24T15:05:12","date_gmt":"2025-12-24T15:05:12","guid":{"rendered":"https:\/\/www.europesays.com\/es\/305075\/"},"modified":"2025-12-24T15:05:12","modified_gmt":"2025-12-24T15:05:12","slug":"premio-best-of-year-2025-para-el-estudio-de-martin-lejarraga-por-loop-homes-burjassot","status":"publish","type":"post","link":"https:\/\/www.europesays.com\/es\/305075\/","title":{"rendered":"Premio Best of Year 2025 para el estudio de Mart\u00edn Lejarraga por Loop Homes Burjassot"},"content":{"rendered":"<p class=\"v-mdl-ath__p v-mdl-ath__p--6\">\nMartes, 23 de diciembre 2025, 23:51<\/p>\n<p class=\"v-p\">El estudio de arquitectura cartagenero Martin Lejarraga Oficina de Arquitectura ha sido distinguido como ganador de los Best of Year Awards 2025, prestigiosos galardones otorgados por la revista neoyorquina &#8216;Interior Design NY&#8217;, con su proyecto Loop Homes Burjassot, una residencia universitaria desarrollada para RYA Residencias y construida por ASCH Infraestructuras en Burjassot (Valencia). <\/p>\n<p class=\"v-p\">Este certamen, considerado uno de los m\u00e1s influyentes a nivel internacional en los \u00e1mbitos de la arquitectura, el dise\u00f1o y el interiorismo, ha celebrado este a\u00f1o su vig\u00e9sima edici\u00f3n, reuniendo propuestas destacadas de estudios de todo el mundo. <\/p>\n<p class=\"v-p\">El jurado ha reconocido en Loop Homes Burjassot su equilibrio entre calidad arquitect\u00f3nica, creatividad y funcionalidad, as\u00ed como su aportaci\u00f3n al debate contempor\u00e1neo sobre los nuevos modos de habitar, valorando especialmente la claridad conceptual y la capacidad del proyecto para generar espacios colectivos de alta calidad.<\/p>\n<p class=\"v-p\">Este reconocimiento supone un nuevo hito en la trayectoria del estudio que consolida su proyecci\u00f3n internacional. El premio fue entregado en una gala en Nueva York en un encuentro que reuni\u00f3 a algunas de las figuras m\u00e1s influyentes del dise\u00f1o y la arquitectura internacional.<\/p>\n<p>Reporta un error<\/p>\n","protected":false},"excerpt":{"rendered":"Martes, 23 de diciembre 2025, 23:51 El estudio de arquitectura cartagenero Martin Lejarraga Oficina de Arquitectura ha sido&hellip;\n","protected":false},"author":2,"featured_media":305076,"comment_status":"","ping_status":"","sticky":false,"template":"","format":"standard","meta":{"footnotes":""},"categories":[173],"tags":[45,229,233,231,230,9975,35782,232,234,146,147,25,24,1292,71209,72142,72143,1730,843,23,19767],"class_list":{"0":"post-305075","1":"post","2":"type-post","3":"status-publish","4":"format-standard","5":"has-post-thumbnail","7":"category-arte-y-diseno","8":"tag-45","9":"tag-arte","10":"tag-arte-y-diseno","11":"tag-arts","12":"tag-arts-and-design","13":"tag-best","14":"tag-burjassot","15":"tag-design","16":"tag-diseno","17":"tag-entertainment","18":"tag-entretenimiento","19":"tag-es","20":"tag-espana","21":"tag-estudio","22":"tag-homes","23":"tag-lejarraga","24":"tag-loop","25":"tag-martin","26":"tag-premio","27":"tag-spain","28":"tag-year"},"share_on_mastodon":{"url":"https:\/\/pubeurope.com\/@es\/115775165117932388","error":""},"_links":{"self":[{"href":"https:\/\/www.europesays.com\/es\/wp-json\/wp\/v2\/posts\/305075","targetHints":{"allow":["GET"]}}],"collection":[{"href":"https:\/\/www.europesays.com\/es\/wp-json\/wp\/v2\/posts"}],"about":[{"href":"https:\/\/www.europesays.com\/es\/wp-json\/wp\/v2\/types\/post"}],"author":[{"embeddable":true,"href":"https:\/\/www.europesays.com\/es\/wp-json\/wp\/v2\/users\/2"}],"replies":[{"embeddable":true,"href":"https:\/\/www.europesays.com\/es\/wp-json\/wp\/v2\/comments?post=305075"}],"version-history":[{"count":0,"href":"https:\/\/www.europesays.com\/es\/wp-json\/wp\/v2\/posts\/305075\/revisions"}],"wp:featuredmedia":[{"embeddable":true,"href":"https:\/\/www.europesays.com\/es\/wp-json\/wp\/v2\/media\/305076"}],"wp:attachment":[{"href":"https:\/\/www.europesays.com\/es\/wp-json\/wp\/v2\/media?parent=305075"}],"wp:term":[{"taxonomy":"category","embeddable":true,"href":"https:\/\/www.europesays.com\/es\/wp-json\/wp\/v2\/categories?post=305075"},{"taxonomy":"post_tag","embeddable":true,"href":"https:\/\/www.europesays.com\/es\/wp-json\/wp\/v2\/tags?post=305075"}],"curies":[{"name":"wp","href":"https:\/\/api.w.org\/{rel}","templated":true}]}}