{"id":305101,"date":"2025-12-24T15:27:12","date_gmt":"2025-12-24T15:27:12","guid":{"rendered":"https:\/\/www.europesays.com\/es\/305101\/"},"modified":"2025-12-24T15:27:12","modified_gmt":"2025-12-24T15:27:12","slug":"el-real-oviedo-necesita-dar-salidas-para-empezar-a-fichar","status":"publish","type":"post","link":"https:\/\/www.europesays.com\/es\/305101\/","title":{"rendered":"El Real Oviedo necesita dar salidas para empezar a fichar"},"content":{"rendered":"<p data-mrf-recirculation=\"Links P\u00e1rrafos\" class=\"ue-c-article__paragraph paragraph ue-c-article--first-letter-highlighted\">El <strong>Real Oviedo<\/strong>, uno de los equipos de <strong>Primera divisi\u00f3n<\/strong> que m\u00e1s necesita reforzarse para intentar lograr la permanencia, deber\u00e1 dar salidas antes de empezar a fichar en el mercado de invierno.<\/p>\n<p data-mrf-recirculation=\"Links P\u00e1rrafos\" class=\"ue-c-article__paragraph paragraph\">Las <strong>25 fichas <\/strong>de la plantilla carbayona est\u00e1n ocupadas y, por ello, ning\u00fan nuevo fichaje puede ser inscrito si antes no hay ninguna salida, como puede ser la del extremo franc\u00e9s <strong>Brandon Domingues<\/strong>, fichaje de este verano que no ha disputado ni un solo minuto liguero.<\/p>\n<p data-mrf-recirculation=\"Links P\u00e1rrafos\" class=\"ue-c-article__paragraph paragraph\">Otro de los jugadores cuyo futuro no est\u00e1 claro es el venezolano <strong>Salom\u00f3n Rond\u00f3n,<\/strong> que a pesar de ser con dos goles el actual pichichi del <strong>Real Oviedo<\/strong> su futuro podr\u00eda pasar por regresar al f\u00fatbol mexicano, de donde lleg\u00f3 hace unos meses a la capital del Principado como petici\u00f3n expresa de <strong>Jes\u00fas Mart\u00ednez, presidente del Grupo Pachuca.<\/strong><\/p>\n<p data-mrf-recirculation=\"Links P\u00e1rrafos\" class=\"ue-c-article__paragraph paragraph\">El Oviedo, que con <strong>7 goles a favor<\/strong> ya es uno de los equipos menos goleadores de la historia de Primera Divisi\u00f3n en estas primeras 17 jornadas, encadena cuatro <strong>0-0 en el Carlos Tartiere <\/strong>y en total solo ha marcado en cuatro partidos de lo que va de temporada, as\u00ed que fichar atacantes ser\u00e1 una propiedad en este mes de enero de 2026.<\/p>\n<p>Fonseca, primer fichaje<\/p>\n<p data-mrf-recirculation=\"Links P\u00e1rrafos\" class=\"ue-c-article__paragraph paragraph\">El que est\u00e1 muy cerca de convertirse en el primer fichaje de este mercado invernal en el Real Oviedo de Guillermo Almada es el mediocentro uruguayo <strong>Nicol\u00e1s Fonseca,<\/strong> que llegar\u00eda en calidad de cedido procedente de <strong>Club Le\u00f3n.<\/strong><\/p>\n<p data-mrf-recirculation=\"Links P\u00e1rrafos\" class=\"ue-c-article__paragraph paragraph\">Este centrocampista de corte defensivo, a sus 27 a\u00f1os ya ha sido internacional absoluto con <strong>Uruguay <\/strong>y tambi\u00e9n visit\u00f3 la camiseta de <strong>River Plate.<\/strong><\/p>\n<p data-mrf-recirculation=\"Links P\u00e1rrafos\" class=\"ue-c-article__paragraph paragraph\">El <strong>Real Oviedo,<\/strong> pen\u00faltimo de<strong> LaLiga <\/strong>con 11 puntos, regresar\u00e1 a los entrenamientos este mismo domingo en <strong>El Requex\u00f3n<\/strong> y empezar\u00e1 a preparar el partido del domingo 4 de enero ante el <strong>Deportivo Alav\u00e9s (Mendizorroza, 18:30 horas).<\/strong><\/p>\n","protected":false},"excerpt":{"rendered":"El Real Oviedo, uno de los equipos de Primera divisi\u00f3n que m\u00e1s necesita reforzarse para intentar lograr la&hellip;\n","protected":false},"author":2,"featured_media":305102,"comment_status":"","ping_status":"","sticky":false,"template":"","format":"standard","meta":{"footnotes":""},"categories":[268],"tags":[168,25,24,280,282,281,23,167],"class_list":{"0":"post-305101","1":"post","2":"type-post","3":"status-publish","4":"format-standard","5":"has-post-thumbnail","7":"category-futbol","8":"tag-deportes","9":"tag-es","10":"tag-espana","11":"tag-football","12":"tag-futbol","13":"tag-soccer","14":"tag-spain","15":"tag-sports"},"share_on_mastodon":{"url":"https:\/\/pubeurope.com\/@es\/115775252782566820","error":""},"_links":{"self":[{"href":"https:\/\/www.europesays.com\/es\/wp-json\/wp\/v2\/posts\/305101","targetHints":{"allow":["GET"]}}],"collection":[{"href":"https:\/\/www.europesays.com\/es\/wp-json\/wp\/v2\/posts"}],"about":[{"href":"https:\/\/www.europesays.com\/es\/wp-json\/wp\/v2\/types\/post"}],"author":[{"embeddable":true,"href":"https:\/\/www.europesays.com\/es\/wp-json\/wp\/v2\/users\/2"}],"replies":[{"embeddable":true,"href":"https:\/\/www.europesays.com\/es\/wp-json\/wp\/v2\/comments?post=305101"}],"version-history":[{"count":0,"href":"https:\/\/www.europesays.com\/es\/wp-json\/wp\/v2\/posts\/305101\/revisions"}],"wp:featuredmedia":[{"embeddable":true,"href":"https:\/\/www.europesays.com\/es\/wp-json\/wp\/v2\/media\/305102"}],"wp:attachment":[{"href":"https:\/\/www.europesays.com\/es\/wp-json\/wp\/v2\/media?parent=305101"}],"wp:term":[{"taxonomy":"category","embeddable":true,"href":"https:\/\/www.europesays.com\/es\/wp-json\/wp\/v2\/categories?post=305101"},{"taxonomy":"post_tag","embeddable":true,"href":"https:\/\/www.europesays.com\/es\/wp-json\/wp\/v2\/tags?post=305101"}],"curies":[{"name":"wp","href":"https:\/\/api.w.org\/{rel}","templated":true}]}}