{"id":305105,"date":"2025-12-24T15:29:43","date_gmt":"2025-12-24T15:29:43","guid":{"rendered":"https:\/\/www.europesays.com\/es\/305105\/"},"modified":"2025-12-24T15:29:43","modified_gmt":"2025-12-24T15:29:43","slug":"para-mi-era-fundamental-preservar-el-equilibrio-y-crear-un-dialogo-entre-la-estructura-original-y-mi-propio-lenguaje-arquitectonico","status":"publish","type":"post","link":"https:\/\/www.europesays.com\/es\/305105\/","title":{"rendered":"Para m\u00ed era fundamental preservar el equilibrio y crear un di\u00e1logo entre la estructura original y mi propio lenguaje arquitect\u00f3nico"},"content":{"rendered":"<p data-journey-content=\"true\" data-node-id=\"2\" class=\"body-dropcap css-z34acw emevuu60\">Ser originaria de un peque\u00f1o pueblo de la regi\u00f3n de Friuli, y haber crecido en el campo, rodeada de florecidos jardines y huertos con frutales, es algo que a priori, marca para toda la vida. Pero en el caso de <strong data-node-id=\"2.1\">Cristina Celestino<\/strong> (Pordenone, 1980), este hecho pareci\u00f3 no dejar una huella profunda, al menos desde que se traslad\u00f3 a Venecia a estudiar arquitectura y, posteriormente, a Mil\u00e1n \u2014ya saben, donde el trabajo se fusiona con eventos y ferias, en la vor\u00e1gine t\u00edpica de las grandes ciudades europeas\u2014.    <\/p>\n<p data-journey-content=\"true\" data-node-id=\"5\" class=\"css-6wxqfj emevuu60\">Precisamente, cuando <strong data-node-id=\"5.1\">la dise\u00f1adora e interiorista lleva m\u00e1s de una d\u00e9cada en la capital del dise\u00f1o<\/strong>, y tiene su nombre m\u00e1s que afianzado (incluso ha creado su propia marca, <a href=\"https:\/\/cristinacelestino.com\/attico-design\/all\" target=\"_blank\" rel=\"nofollow noopener\" data-vars-ga-outbound-link=\"https:\/\/cristinacelestino.com\/attico-design\/all\" data-vars-ga-ux-element=\"Hyperlink\" data-vars-ga-call-to-action=\"Attico Design\" data-node-id=\"5.3\" class=\"body-link css-15fjk10 emevuu60\">Attico Design<\/a>) y una reputaci\u00f3n labrada a golpe de proyectos (<a href=\"https:\/\/www.elledecor.com\/es\/casas\/a43903527\/piso-futurista-melocoton-edificio-estilo-brutalista\/\" target=\"_blank\" data-vars-ga-outbound-link=\"https:\/\/www.elledecor.com\/es\/casas\/a43903527\/piso-futurista-melocoton-edificio-estilo-brutalista\/\" data-vars-ga-ux-element=\"Hyperlink\" data-vars-ga-call-to-action=\"residenciales\" data-node-id=\"5.5\" class=\"body-link css-15fjk10 emevuu60\" rel=\"nofollow noopener\">residenciales<\/a>, <a href=\"https:\/\/www.elledecor.com\/es\/hoteles-restaurantes-planes\/a61982402\/palazzo-avino-palacio-rosa-hotel-lujo-italia\/\" target=\"_blank\" data-vars-ga-outbound-link=\"https:\/\/www.elledecor.com\/es\/hoteles-restaurantes-planes\/a61982402\/palazzo-avino-palacio-rosa-hotel-lujo-italia\/\" data-vars-ga-ux-element=\"Hyperlink\" data-vars-ga-call-to-action=\"hoteles de lujo como el magn\u00edfico Palazzo Avino\" data-node-id=\"5.7\" class=\"body-link css-15fjk10 emevuu60\" rel=\"nofollow noopener\">hoteles de lujo como el magn\u00edfico Palazzo Avino<\/a> y de direcci\u00f3n de arte en retail) surgi\u00f3 la necesidad de <strong data-node-id=\"5.9\">volver a conectar con la naturaleza<\/strong>. \u201c\u00daltimamente he sentido esa urgencia crecer, y las escapadas de fin de semana o las vacaciones ya no eran suficientes para satisfacerla\u201d, afirma, a la vez que aclara que ni ella ni su familia quer\u00edan estar aislados del mundo, sino m\u00e1s bien integrados en una peque\u00f1a y tranquila comunidad.<\/p>\n<p><img draggable=\"true\" alt=\"vista de las islas borromeas en el lago maggiore\" title=\"vista de las islas borromeas en el lago maggiore\" loading=\"lazy\" width=\"3751\" height=\"2500\" decoding=\"async\" data-nimg=\"1\" style=\"color:transparent;width:100%;height:auto;\"   src=\"https:\/\/www.europesays.com\/es\/wp-content\/uploads\/2025\/12\/gettyimages-105476247-c2101-r2188050-694926e493bde.jpg\" class=\"css-0 e1g79fud0\"\/><\/p>\n<p>Buena Vista Images<\/p>\n<blockquote data-theme-key=\"pullquote\" class=\"css-1eiql25 e1pe3zr91\">\n<blockquote class=\"css-an8ppt e1pe3zr90\"><p>La casa es un buen ejemplo de racionalismo. Se han conservado elementos originales que, junto a texturas y colores, crean su propio lenguaje arquitect\u00f3nico<\/p><\/blockquote>\n<\/blockquote>\n<p><img draggable=\"true\" alt=\"casa cristina celestino lago maggiore, salon tonos grises\" title=\"casa cristina celestino lago maggiore, salon tonos grises\" loading=\"lazy\" width=\"3751\" height=\"2500\" decoding=\"async\" data-nimg=\"1\" style=\"color:transparent;width:100%;height:auto;\"   src=\"https:\/\/www.europesays.com\/es\/wp-content\/uploads\/2025\/12\/celestino-lago-178-c2101-r2188039-694927285e813.jpg\" class=\"css-0 e1g79fud0\"\/>De Pasquale+Maffini<\/p>\n<p>En la planta superior, con vistas panor\u00e1micas al lago Mayor, la verticalidad parte de la l\u00e1mpara de pie Bul-bo, de Gabetti &amp; Isola. Celestino firma la mesa de centro ACE; la alfombra bicolor es de Fendi Casa. Azul en calma.  <\/p>\n<p><img draggable=\"true\" alt=\"cristina celestino casa lago maggiore, salon en tonos grises\" title=\"salon en tonos grises\" loading=\"lazy\" width=\"3501\" height=\"2500\" decoding=\"async\" data-nimg=\"1\" style=\"color:transparent;width:100%;height:auto;\"   src=\"https:\/\/www.europesays.com\/es\/wp-content\/uploads\/2025\/12\/celestino-lago-196-c2101-r2188040-694927e34eaca.jpg\" class=\"css-0 e1g79fud0\"\/>De Pasquale+Maffini<\/p>\n<p>El lacado marfil del aparador Sheraton de Acerbis destaca sobre la pared azul texturizada. Sobre \u00e9l, jarr\u00f3n negro de cer\u00e1mica de Gabbianelli, y detr\u00e1s, la obra Cronotopo, de Nanda Vigo en cristal y aluminio, al igual que la l\u00e1mpara Sfera, de Angelo Mangiarotti. A la izda., cuadro de Gianni Frassati y l\u00e1mpara Albanella, de Guzzini. El taburete de roble macizo carbonizado es de Riccardo Monte, un carpintero local.<\/p>\n<p data-journey-content=\"true\" data-node-id=\"11\" class=\"css-6wxqfj emevuu60\"><strong data-node-id=\"11.0\">La b\u00fasqueda de esta segunda residencia no fue f\u00e1cil<\/strong>. El coraz\u00f3n de Lombard\u00eda, a una hora y media en coche de Mil\u00e1n, era la mejor opci\u00f3n. \u201cNos encanta el lago Mayor. Est\u00e1 menos concurrido que el lago Como, y <strong data-node-id=\"11.2\">siempre me han fascinado las islas Borromeas<\/strong>. Tiene mucho encanto, y est\u00e1 salpicado de peque\u00f1os pueblos que han sabido conservar tanto su turismo como sus ra\u00edces. Tambi\u00e9n es una puerta de entrada a los valles (Val d&#8217;Ossola, Val Formazza, Val Vigezzo), y es una regi\u00f3n rica en canteras, minerales y m\u00e1rmol\u201d, explica Celestino, una enamorada y gran conocedora de la zona.<\/p>\n<p data-journey-content=\"true\" data-node-id=\"15\" class=\"css-6wxqfj emevuu60\">Dicen que lo que buscas acaba por encontrarte, y en este caso, el azar quiso que apareciera la casa ideal: <strong data-node-id=\"15.1\">una joya de los a\u00f1os cincuenta con pedigr\u00ed, en un peque\u00f1o pueblecito a orillas del lago<\/strong>, dise\u00f1ada por el arquitecto <strong data-node-id=\"15.3\">Mario Cracchi<\/strong>. Concebida como casa de vacaciones, y con varios elementos originales bien conservados (la chimenea, el suelo, las carpinter\u00edas y los grandes ventanales batientes), Casa Lago tiene dos plantas, cada una de unos 110 metros cuadrados: la principal cuenta con un sal\u00f3n-comedor con terraza, una cocina contigua y dos dormitorios, y la planta baja es un apartamento independiente con su propia entrada, que consta de sal\u00f3n, dormitorio, cocina y cuarto de ba\u00f1o, que en su parte trasera, tiene salida directa a<strong data-node-id=\"15.5\"> un frondoso jard\u00edn de mil metros cuadrados<\/strong>. <\/p>\n<p><img draggable=\"true\" alt=\"cristina celestino casa lago maggiore\" title=\"comedor con pared de madera\" loading=\"lazy\" width=\"3501\" height=\"2500\" decoding=\"async\" data-nimg=\"1\" style=\"color:transparent;width:100%;height:auto;\"   src=\"https:\/\/www.europesays.com\/es\/wp-content\/uploads\/2025\/12\/celestino-lago-127-c2101-r2188042-6949286724f74.jpg\" class=\"css-0 e1g79fud0\"\/>De Pasquale+Maffini<\/p>\n<p>En la pared del comedor, con revestimiento original de iroco y puertas correderas, una vajilla vintage de peltre. A la izda, la obra Chromokinetic object (1972), de Franco Costalonga. En torno a una mesa de cristal de Zanotta, sillas de Willy Rizzo, y l\u00e1mpara Gesto, de Bruno Gecchelin para Skipper. Al fondo, el recibidor, con banco Seeds de Ethimo y espejo de Fontana Arte. <\/p>\n<p><img draggable=\"true\" alt=\"cristina celestino casa lago maggiore\" title=\"casa cristina celestino, cocina azul\" loading=\"lazy\" width=\"2500\" height=\"3501\" decoding=\"async\" data-nimg=\"1\" style=\"color:transparent;width:100%;height:auto;\"   src=\"https:\/\/www.europesays.com\/es\/wp-content\/uploads\/2025\/12\/celestino-lago-083-c2101-r2188044-694929222cae7.jpg\" class=\"css-0 e1g79fud0\"\/>De Pasquale+Maffini<\/p>\n<p>La cocina fue una de las pocas estancias que se remodel\u00f3 por completo (a excepci\u00f3n de la ventana batiente, original de la casa) con muebles a medida de madera pintada en azul claro, detalles en negro y encimera de granito Montorfano. Las sillas Veretta son un dise\u00f1o de Cristina Celestino para Billiani.<\/p>\n<p data-journey-content=\"true\" data-node-id=\"19\" class=\"css-6wxqfj emevuu60\">Est\u00e1 completamente aislada de la carretera, pero se abre de forma espectacular al exterior, con grandes ventanales que ofrecen vistas panor\u00e1micas del lago. \u201cEste proyecto es profundamente personal. <strong data-node-id=\"19.1\">Para m\u00ed era fundamental preservar el equilibrio y crear un di\u00e1logo entre la estructura original y mi propio lenguaje arquitect\u00f3nico<\/strong>\u201d, dice Cristina, haciendo referencia al concepto de genius loci. En este caso, el \u00abcontinente\u00bb encarna un racionalismo impulsado por los materiales, donde los elementos crom\u00e1ticos y texturales resuenan en el paisaje, mientras que el \u00abcontenido \u00bb \u2014el interiorismo\u2014 aporta el toque personal, con muebles dise\u00f1ados por Celestino, y otros pertenecientes a su colecci\u00f3n de <a href=\"https:\/\/www.elledecor.com\/es\/decoracion\/a33665416\/mid-century-modern-estilo-decoracion-inspiracion\/\" target=\"_blank\" data-vars-ga-outbound-link=\"https:\/\/www.elledecor.com\/es\/decoracion\/a33665416\/mid-century-modern-estilo-decoracion-inspiracion\/\" data-vars-ga-ux-element=\"Hyperlink\" data-vars-ga-call-to-action=\"mobiliario italiano de los cincuenta y sesenta\" data-node-id=\"19.5\" class=\"body-link css-15fjk10 emevuu60\" rel=\"nofollow noopener\">mobiliario italiano de los cincuenta y sesenta<\/a>. <\/p>\n<p><img draggable=\"true\" alt=\"cristina celestino casa lago maggiore\" title=\"decorar un salon si television\" loading=\"lazy\" width=\"2500\" height=\"3126\" decoding=\"async\" data-nimg=\"1\" style=\"color:transparent;width:100%;height:auto;\"   src=\"https:\/\/www.europesays.com\/es\/wp-content\/uploads\/2025\/12\/celestino-lago-212-c2101-r2188402-694929fd1593d.jpg\" class=\"css-0 e1g79fud0\"\/>De Pasquale+Maffini<\/p>\n<p>En la veranda, protegida del sol por cortinas Dimodong de seda Matka de Dedar, un par de daybeds Le Bambole de Mario Bellini para B&amp;B junto a una chaise-longue de 1900 de factura local. La iluminaci\u00f3n es una mezcla de los modelos Delta (Artemide) y Gamma (Flos). La coffee table de metal es dise\u00f1o de Celestino, y la alfombra Omote de CC-Tapis.<\/p>\n<p><img draggable=\"true\" alt=\"cristina celestino casa lago maggiore\" title=\"dormitorio con cama azul\" loading=\"lazy\" width=\"2500\" height=\"3501\" decoding=\"async\" data-nimg=\"1\" style=\"color:transparent;width:100%;height:auto;\"   src=\"https:\/\/www.europesays.com\/es\/wp-content\/uploads\/2025\/12\/celestino-lago-030-c2101-r2188045-69492a847fa7a.jpg\" class=\"css-0 e1g79fud0\"\/>De Pasquale+Maffini<\/p>\n<p>En el dormitorio principal, cama Dimora de Cristina Celestino para Kristalia, con tapizado personalizado, y sill\u00f3n de rat\u00e1n Biancamano, de Gio Ponti y Lio Carminati. La mesita de noche Veteris, de cer\u00e1mica y formas geom\u00e9tricas, es de Stylnove; la alfombra Rilievi es un prototipo de este a\u00f1o dise\u00f1ado por Celestino para cc-tapis y el aplique Poliedri, un Venini de los cincuenta.<\/p>\n<p data-journey-content=\"true\" data-node-id=\"23\" class=\"css-6wxqfj emevuu60\">Granito rojo, <a href=\"https:\/\/www.elledecor.com\/es\/decoracion\/g19993374\/decoracion-color-rosa-palo\/\" target=\"_blank\" data-vars-ga-outbound-link=\"https:\/\/www.elledecor.com\/es\/decoracion\/g19993374\/decoracion-color-rosa-palo\/\" data-vars-ga-ux-element=\"Hyperlink\" data-vars-ga-call-to-action=\"rosa y blanco\" data-node-id=\"23.1\" class=\"body-link css-15fjk10 emevuu60\" rel=\"nofollow noopener\">rosa y blanco<\/a>, terracota, pigmentos azules mezclados con cal, grises, beiges, sienas, tostados&#8230; Los colores son los habitantes silenciosos que completan y conforman los espacios, contribuyendo a crear una atm\u00f3sfera de una elegancia discreta y atemporal, exactamente como el estilo de su propietaria. En esta casa tan especial las capas de historia y el contexto material dan forma a una nueva vida donde <strong data-node-id=\"23.3\">el pasado y el presente se entrelazan<\/strong>. <\/p>\n<p><img draggable=\"true\" alt=\"cristina celestino casa lago maggiore\" title=\"jardin casa cristina celestino\" loading=\"lazy\" width=\"2500\" height=\"3501\" decoding=\"async\" data-nimg=\"1\" style=\"color:transparent;width:100%;height:auto;\"   src=\"https:\/\/www.europesays.com\/es\/wp-content\/uploads\/2025\/12\/celestino-lago-224-c2101-r2188049-69492bb7477af.jpg\" class=\"css-0 e1g79fud0\"\/>De Pasquale+Maffini<\/p>\n<p>En un rinc\u00f3n del giardino, banco y mesa Seeds de CC para Ethimo, y sillas italianas de anticuario de metal.<\/p>\n<p data-journey-content=\"true\" data-node-id=\"26\" class=\"css-6wxqfj emevuu60\"><a href=\"https:\/\/cristinacelestino.com\/\" target=\"_blank\" rel=\"nofollow noopener\" data-vars-ga-outbound-link=\"https:\/\/cristinacelestino.com\/\" data-vars-ga-ux-element=\"Hyperlink\" data-vars-ga-call-to-action=\"cristinacelestino.com\" data-node-id=\"26.0.0\" class=\"body-link css-15fjk10 emevuu60\">cristinacelestino.com<\/a><\/p>\n<p><img src=\"https:\/\/www.europesays.com\/es\/wp-content\/uploads\/2025\/12\/1766590183_11_6211e860-5b28-4a9a-bc21-b0086c940e23_1683282353.file\" alt=\"Headshot of Alejandra Manzano\" title=\"Headshot of Alejandra Manzano\" width=\"100%\" height=\"100%\" decoding=\"async\" loading=\"lazy\" class=\"css-o0wq4v ev8dhu53\"\/><\/p>\n<p>\u00a0<a href=\"https:\/\/www.linkedin.com\/in\/alejandramanzano\/\" rel=\"nofollow noopener\" target=\"_blank\">Alejandra Manzano<\/a> \u00a0es redactora experta en arquitectura, arte y dise\u00f1o. Antes de encontrar su trabajo favorito, ha concentrado 15 a\u00f1os de experiencia en el campo de la edici\u00f3n, la direcci\u00f3n de arte, la publicidad y la comunicaci\u00f3n cultural.<\/p>\n<p>\u00a0Licenciada en Bellas Artes por la UCLM, siempre se ha sentido atra\u00edda por la belleza de los objetos y los espacios, y por las personas con esp\u00edritu creativo.\u00a0<\/p>\n<p>\u00a0Empez\u00f3 a trabajar en agencias de publicidad como copy, y, posteriormente, fue dircom de un laboratorio farmac\u00e9utico y Social Media Manager de Fundaci\u00f3n Montemadrid, Alfaguara y Santillana, que le permitieron compaginar su trabajo con la literatura y el arte, sus otras grandes pasiones adem\u00e1s del dise\u00f1o.\u00a0<\/p>\n<p>\u00a0Tras casi una d\u00e9cada dedicada a la comunicaci\u00f3n, dio un importante giro en su trayectoria profesional haci\u00e9ndose un hueco como ilustradora de prensa, publicando regularmente en medios como ICON y El Mundo, y editoriales como Espasa o Perif\u00e9rica. Ha sido profesora de dise\u00f1o gr\u00e1fico en la Escuela Internacional de Protocolo y, tras completar su formaci\u00f3n en edici\u00f3n y correcci\u00f3n, trabaj\u00f3 como coordinadora de libros de arte y fotograf\u00eda en La F\u00e1brica. Tambi\u00e9n ha formado parte de festivales como Madrid Design Festival o PHotoEspa\u00f1a.\u00a0\u00a0<\/p>\n<p>\u00a0Siempre a la b\u00fasqueda de casas y cosas bonitas (incluyendo hoteles, objetos de dise\u00f1o o proyectos de interiorismo) ha sido redactora en numerosos medios especializados entre los que se cuentan AD, Arquitectura y Dise\u00f1o y Diariodesign. Los que la conocen dicen que no hay nada que le haga m\u00e1s feliz que viajar, aprender historia antigua, la voz de Elvis Presley y ver pelis de Casavettes.\u00a0<\/p>\n","protected":false},"excerpt":{"rendered":"Ser originaria de un peque\u00f1o pueblo de la regi\u00f3n de Friuli, y haber crecido en el campo, rodeada&hellip;\n","protected":false},"author":2,"featured_media":305106,"comment_status":"","ping_status":"","sticky":false,"template":"","format":"standard","meta":{"footnotes":""},"categories":[173],"tags":[229,233,231,230,232,253,234,146,147,25,24,12719,23],"class_list":{"0":"post-305105","1":"post","2":"type-post","3":"status-publish","4":"format-standard","5":"has-post-thumbnail","7":"category-arte-y-diseno","8":"tag-arte","9":"tag-arte-y-diseno","10":"tag-arts","11":"tag-arts-and-design","12":"tag-design","13":"tag-discover","14":"tag-diseno","15":"tag-entertainment","16":"tag-entretenimiento","17":"tag-es","18":"tag-espana","19":"tag-print","20":"tag-spain"},"share_on_mastodon":{"url":"https:\/\/pubeurope.com\/@es\/115775261952319523","error":""},"_links":{"self":[{"href":"https:\/\/www.europesays.com\/es\/wp-json\/wp\/v2\/posts\/305105","targetHints":{"allow":["GET"]}}],"collection":[{"href":"https:\/\/www.europesays.com\/es\/wp-json\/wp\/v2\/posts"}],"about":[{"href":"https:\/\/www.europesays.com\/es\/wp-json\/wp\/v2\/types\/post"}],"author":[{"embeddable":true,"href":"https:\/\/www.europesays.com\/es\/wp-json\/wp\/v2\/users\/2"}],"replies":[{"embeddable":true,"href":"https:\/\/www.europesays.com\/es\/wp-json\/wp\/v2\/comments?post=305105"}],"version-history":[{"count":0,"href":"https:\/\/www.europesays.com\/es\/wp-json\/wp\/v2\/posts\/305105\/revisions"}],"wp:featuredmedia":[{"embeddable":true,"href":"https:\/\/www.europesays.com\/es\/wp-json\/wp\/v2\/media\/305106"}],"wp:attachment":[{"href":"https:\/\/www.europesays.com\/es\/wp-json\/wp\/v2\/media?parent=305105"}],"wp:term":[{"taxonomy":"category","embeddable":true,"href":"https:\/\/www.europesays.com\/es\/wp-json\/wp\/v2\/categories?post=305105"},{"taxonomy":"post_tag","embeddable":true,"href":"https:\/\/www.europesays.com\/es\/wp-json\/wp\/v2\/tags?post=305105"}],"curies":[{"name":"wp","href":"https:\/\/api.w.org\/{rel}","templated":true}]}}