{"id":305109,"date":"2025-12-24T15:34:13","date_gmt":"2025-12-24T15:34:13","guid":{"rendered":"https:\/\/www.europesays.com\/es\/305109\/"},"modified":"2025-12-24T15:34:13","modified_gmt":"2025-12-24T15:34:13","slug":"la-pelicula-belica-mas-ambiciosa-esta-completamente-gratis-online","status":"publish","type":"post","link":"https:\/\/www.europesays.com\/es\/305109\/","title":{"rendered":"la pel\u00edcula b\u00e9lica m\u00e1s ambiciosa est\u00e1 completamente gratis online"},"content":{"rendered":"<p>El cine ha representado en m\u00faltiples ocasiones <strong><a href=\"https:\/\/www.google.com\/search?sca_esv=4cac260d7adc13d6&amp;sxsrf=AE3TifPoIHnpFZJroFjs80-wqZcrhwusCQ:1766579412856&amp;q=okdiario+pel%C3%ADculas+b%C3%A9licas&amp;spell=1&amp;sa=X&amp;ved=2ahUKEwibvfuSndaRAxWRXKQEHUTxF98QBSgAegQIEBAB&amp;biw=730&amp;bih=559&amp;dpr=2\" rel=\"nofollow noopener\" target=\"_blank\">los acontecimientos b\u00e9licos<\/a><\/strong> de nuestra historia, manteniendo una din\u00e1mica general que ha llevado a que varios de los t\u00edtulos m\u00e1s destacados en los <strong>130 a\u00f1os de vida<\/strong> del s\u00e9ptimo arte, obtuviesen el reconocimiento de los premios y su correspondiente impacto comercial en las salas. Stanley Kubrick, Steven Spielberg o <a href=\"https:\/\/okdiario.com\/trailer\/trailer-odisea-proyecto-mas-ambicioso-christopher-nolan-luce-espectacular-15978583\" rel=\"nofollow noopener\" target=\"_blank\">Christopher Nolan<\/a> son s\u00f3lo algunos de los<strong> grandes cineastas de prestigio<\/strong> que han visto en la tem\u00e1tica la oportunidad de explorar narraciones que habitualmente, suelen esconder reflexiones profundas sobre los grandes males detr\u00e1s de estos conflictos. Gracias al streaming, en la actualidad tenemos un notable acceso a miles de producciones de esta \u00edndole y por eso hoy, no podemos dejar pasar la oportunidad de recomendar <strong>el largometraje reciente m\u00e1s ambicioso<\/strong> para el g\u00e9nero, disponible gratis en el streaming. Nos referimos al plano secuencia de dos horas, la pel\u00edcula b\u00e9lica <strong>1917<\/strong>.<\/p>\n<p><img loading=\"lazy\" decoding=\"async\" class=\"wp-image-14014914 size-medium\" alt=\"plano secuencia pel\u00edcula b\u00e9lica\" width=\"620\" height=\"349\"  src=\"https:\/\/www.europesays.com\/es\/wp-content\/uploads\/2025\/12\/vgreth-620x349.jpg\" \/> \u20181917\u2019 (Universal Pictures).<\/p>\n<p>Estrenada en 2019, el filme de Universal Pictures lo ten\u00eda todo para arrasar en la alfombra roja. En la silla de direcci\u00f3n encontramos a <strong><a href=\"https:\/\/okdiario.com\/trailer\/sam-mendes-critica-falta-autoria-james-bond-quieren-directores-controlables-13599843\" rel=\"nofollow noopener\" target=\"_blank\">Sam Mendes<\/a><\/strong>, el cineasta brit\u00e1nico que ya hab\u00eda conquistado los Oscar en el a\u00f1o 2000 con <strong>American Beauty<\/strong> y que posteriormente nos ofrecer\u00eda joyas de la talla de Camino a la perdici\u00f3n o Revolutionary Road. Mendes ven\u00eda de demostrar su capacidad para con la taquilla, gracias a sus dos aportaciones a la saga de James Bond, <strong>Skyfall<\/strong> y <strong>Spectre<\/strong>. Pero de alguna forma, hab\u00eda perdido esa imponente presencia en el circuito de premios. Cuatro a\u00f1os despu\u00e9s, volvi\u00f3 por la puerta grande con 1917. La cinta destinada a hacer historia por su <strong>planteamiento t\u00e9cnico y art\u00edstico<\/strong> en clave de odisea entre las trincheras de la I Guerra Mundial.<\/p>\n<p><img loading=\"lazy\" decoding=\"async\" class=\"size-medium wp-image-14014909\" alt=\"pel\u00edcula Prime\" width=\"620\" height=\"349\"  src=\"https:\/\/www.europesays.com\/es\/wp-content\/uploads\/2025\/12\/crwgrg-620x349.jpg\" \/> \u20181917\u2019 (Universal Pictures).<\/p>\n<p>Con ese tit\u00e1nico objetivo en mente y con la pretensi\u00f3n de relatar el viaje en un plano secuencia conjunto, la pel\u00edcula b\u00e9lica fich\u00f3 a otras grandes leyendas del celuloide, como <strong>Thomas Newman<\/strong> (Cadena perpetua) en el apartado de la banda sonora o<strong> Roger Deakins<\/strong> (Blade Runner 2049)-otro habitual en el cine de Mendes-en el campo de la direcci\u00f3n fotogr\u00e1fica.<\/p>\n<p><img loading=\"lazy\" decoding=\"async\" class=\"size-medium wp-image-9571991\" alt=\"pel\u00edcula m\u00e1s vista de Netflix\" width=\"620\" height=\"349\"  src=\"https:\/\/www.europesays.com\/es\/wp-content\/uploads\/2025\/12\/1917-universal-pictures-620x349.jpg\" \/> \u20181917\u2019 (Universal Pictures).<\/p>\n<p>1917 est\u00e1 disponible completamente gratis en la plataforma de <strong>RTVE Play<\/strong> hasta el 20 de enero de 2026.<\/p>\n<p>\u00bfDe qu\u00e9 trata \u20181917\u2019?<\/p>\n<p>La <strong>sinopsis oficial<\/strong> es la siguiente: \u00abEn lo m\u00e1s crudo de la Primera Guerra Mundial, dos j\u00f3venes soldados brit\u00e1nicos, Schofield y Blake reciben una misi\u00f3n aparentemente imposible. Deben entregar un mensaje para evitar un ataque mort\u00edfero contra cientos de soldados, entre los que se incluye el hermano de Blake. Para cumplir dicho trabajo deber\u00e1n atravesar el territorio enemigo en una misi\u00f3n contrarreloj repleta de peligros\u00bb.<\/p>\n<p><img loading=\"lazy\" decoding=\"async\" class=\"wp-image-9572057 size-medium\" alt=\"plano secuencia pel\u00edcula b\u00e9lica\" width=\"620\" height=\"349\"  src=\"https:\/\/www.europesays.com\/es\/wp-content\/uploads\/2025\/12\/feqnfeqnfen-620x349.jpg\" \/> \u20181917\u2019 (Universal Pictures).<\/p>\n<p><strong>George Mackay<\/strong> (Captain Fantastic) lleva en sus carnes el protagonismo absoluto de una trama que concentra a su alrededor, algunos de los int\u00e9rpretes m\u00e1s famosos de la cinematograf\u00eda brit\u00e1nica. Mark Strong, Richard Madden, Benedict Cumberbatch, Colin Firth, Daniel Mayans y Andrew Scott configuran un casting de apariciones memorables.<\/p>\n<p>El plano secuencia con truco: \u00bfla pel\u00edcula b\u00e9lica definitiva?<\/p>\n<p>A pesar del acabado final, el plano secuencia de esta pel\u00edcula b\u00e9lica no es del todo real.<\/p>\n<p><img loading=\"lazy\" decoding=\"async\" class=\"size-medium wp-image-9572022\" alt=\"pel\u00edcula m\u00e1s vista de Netflix\" width=\"620\" height=\"349\"  src=\"https:\/\/www.europesays.com\/es\/wp-content\/uploads\/2025\/12\/cnwnvienie-620x349.jpg\" \/> \u20181917\u2019 (Universal Pictures).<\/p>\n<p>Coordinar<strong> 120 minutos<\/strong> de metraje, actores y situaciones sin el m\u00e1s m\u00ednimo error es una tarea imposible y por tanto, el artificio parte de una combinaci\u00f3n magistral de tomas largas con una <strong>edici\u00f3n digital<\/strong> dise\u00f1ada para funcionar como un pegamento invisible que cause el efecto pretendido: un realismo repleto de tensi\u00f3n y un <strong>ejercicio de inmersi\u00f3n audiovisual<\/strong> sin precedentes.<\/p>\n<p><img loading=\"lazy\" decoding=\"async\" class=\"wp-image-15986714 size-medium\" alt=\"\" width=\"620\" height=\"349\"  src=\"https:\/\/www.europesays.com\/es\/wp-content\/uploads\/2025\/12\/1917-battlefield-1578110718096-620x349.jpg\" \/> \u20181917\u2019 (Universal Pictures).<\/p>\n<p>1917 estuvo nominada a 10 premios de la Academia, llev\u00e1ndose a su vitrina finalmente, las consideraciones de mejor fotograf\u00eda, sonido y efectos visuales. La producci\u00f3n recaud\u00f3 <strong>394 millones de d\u00f3lares<\/strong> en todo el mundo y actualmente, no se encuentra disponible bajo suscripci\u00f3n en <strong>ninguna plataforma de streaming<\/strong> en Espa\u00f1a. As\u00ed que su paso por RTVE Play, representa una oportunidad \u00fanica estas semanas de disfrutar de una de las piezas m\u00e1s imponentes del g\u00e9nero b\u00e9lico en el cine contempor\u00e1neo.<\/p>\n","protected":false},"excerpt":{"rendered":"El cine ha representado en m\u00faltiples ocasiones los acontecimientos b\u00e9licos de nuestra historia, manteniendo una din\u00e1mica general que&hellip;\n","protected":false},"author":2,"featured_media":305110,"comment_status":"","ping_status":"","sticky":false,"template":"","format":"standard","meta":{"footnotes":""},"categories":[169],"tags":[177,146,147,25,24,176,175,23],"class_list":{"0":"post-305109","1":"post","2":"type-post","3":"status-publish","4":"format-standard","5":"has-post-thumbnail","7":"category-cine","8":"tag-cine","9":"tag-entertainment","10":"tag-entretenimiento","11":"tag-es","12":"tag-espana","13":"tag-film","14":"tag-movies","15":"tag-spain"},"share_on_mastodon":{"url":"https:\/\/pubeurope.com\/@es\/115775280153520514","error":""},"_links":{"self":[{"href":"https:\/\/www.europesays.com\/es\/wp-json\/wp\/v2\/posts\/305109","targetHints":{"allow":["GET"]}}],"collection":[{"href":"https:\/\/www.europesays.com\/es\/wp-json\/wp\/v2\/posts"}],"about":[{"href":"https:\/\/www.europesays.com\/es\/wp-json\/wp\/v2\/types\/post"}],"author":[{"embeddable":true,"href":"https:\/\/www.europesays.com\/es\/wp-json\/wp\/v2\/users\/2"}],"replies":[{"embeddable":true,"href":"https:\/\/www.europesays.com\/es\/wp-json\/wp\/v2\/comments?post=305109"}],"version-history":[{"count":0,"href":"https:\/\/www.europesays.com\/es\/wp-json\/wp\/v2\/posts\/305109\/revisions"}],"wp:featuredmedia":[{"embeddable":true,"href":"https:\/\/www.europesays.com\/es\/wp-json\/wp\/v2\/media\/305110"}],"wp:attachment":[{"href":"https:\/\/www.europesays.com\/es\/wp-json\/wp\/v2\/media?parent=305109"}],"wp:term":[{"taxonomy":"category","embeddable":true,"href":"https:\/\/www.europesays.com\/es\/wp-json\/wp\/v2\/categories?post=305109"},{"taxonomy":"post_tag","embeddable":true,"href":"https:\/\/www.europesays.com\/es\/wp-json\/wp\/v2\/tags?post=305109"}],"curies":[{"name":"wp","href":"https:\/\/api.w.org\/{rel}","templated":true}]}}