{"id":305119,"date":"2025-12-24T15:39:18","date_gmt":"2025-12-24T15:39:18","guid":{"rendered":"https:\/\/www.europesays.com\/es\/305119\/"},"modified":"2025-12-24T15:39:18","modified_gmt":"2025-12-24T15:39:18","slug":"el-hashrate-de-bitcoin-cae-un-4-en-diciembre-estamos-ante-un-nuevo-giro-alcista-yahoo","status":"publish","type":"post","link":"https:\/\/www.europesays.com\/es\/305119\/","title":{"rendered":"El hashrate de Bitcoin cae un 4% en diciembre: \u00bfestamos ante un nuevo giro alcista? &#8211; Yahoo"},"content":{"rendered":"<ol>\n<li><a href=\"https:\/\/news.google.com\/rss\/articles\/CBMijgFBVV95cUxOaFdkTWZyd19pY0hKMWRNdGRyejdwVHVadHJoT2NJNk9WcVdwV1NvMU9pYjZaRkJnaDdDdnRpSUFQVXY1bndScUJjM1FmNldWeXVaNmFTSk5HXzdYTXBYRWE1cXJyWlpvbDFnYV8wU0RUbmJ4RktVSGw2d1hnRVpISVRTeFE0ZUhMQm5PNlNR?oc=5\" target=\"_blank\" rel=\"nofollow noopener\">El hashrate de Bitcoin cae un 4% en diciembre: \u00bfestamos ante un nuevo giro alcista?<\/a>&nbsp;&nbsp;Yahoo<\/li>\n<li><a href=\"https:\/\/news.google.com\/rss\/articles\/CBMivwFBVV95cUxOcGh2NzFnSnNHX3R1RWw3eVB4MEd1YlJ3MWFXS1JFMnRPZjdhNXo1OHUwZU5oTDM4Xy1YMVBncWZWcERMQ2F3MHB4NmJrYldvZkRWZ1lJSTYtTmRINWY1ckM2OExhSGNROE1TejctV0VVWGZmWEhrRHg4UUJLNWxLYmJBREtnU0FyUG81ejZTTk5JcmxfcFRIYlEtUkpsZF9STnp3UGVUWklwRE9VVkV1VlA0aGJPcFJIR19JU3Brdw?oc=5\" target=\"_blank\" rel=\"nofollow noopener\">Resumen semanal: las noticias m\u00e1s importantes de la industria de miner\u00eda de Bitcoin<\/a>&nbsp;&nbsp;CriptoTendencia<\/li>\n<li><a href=\"https:\/\/news.google.com\/rss\/articles\/CBMi5AFBVV95cUxPNEs1Ul9KbFJNaUxwcF94bEFub3dZdl81NVlJT1JuNVVFTmUwTXRrWmx0TVhQWDFPY2staF9GUTZDYVdTNUJpWl8zZUNaOWo0WE0tb2ZlUm5fWTZVLWstV3RIU3Bxd0Q1UU40TF9jU1A1cFliUk1fS0xncGxsLXFfd2hXQ3NCeUlnYmlLaU4xWWt0ZEVUQUx3dDEyc05JY3pPcnlxb1JQOWFKX3pLYnk3RVkxYUR6aWF5dDNEZDJIX0o2YkEtaVZGUTVHdzBfUGo5RkVuYmdveHFlbFlxOG1pajd3N28?oc=5\" target=\"_blank\" rel=\"nofollow noopener\">Noticias Bitcoin: VanEck Se\u00f1ala que la Capitulaci\u00f3n de los Mineros de BTC Refuerza el Caso de un Fondo de Mercado<\/a>&nbsp;&nbsp;CryptoRank<\/li>\n<li><a href=\"https:\/\/news.google.com\/rss\/articles\/CBMi0wFBVV95cUxQZkZPaWFIa3daVHlQS1FwY0VQZkRkdmdyRkI1RUJ6WEhiV0tUTXUzdnlaVGxfUlBHSzAzOEJZbERmSUU2SGFaT0JpbFhyUjU0NHJ1VHVPcm9XUFFkZk9hVmdaWW9LQ1ZyY3Z0X3VSOVJOVERnUjZNMTlMS0lva0lOZWNCWS1qZUJJU2NNYlZhQVcwdWZuY09kSnNDY3ZFX3JfWE9yQ0h6S0hmRFNCLXhfZjlzdFVReDQwTlN2eGJrWE5Kc0tiMnpIT19DQ2tEWldkcERz?oc=5\" target=\"_blank\" rel=\"nofollow noopener\">Las Reservas de Mineros de Bitcoin caen a m\u00ednimos de dos a\u00f1os mientras se reducen los m\u00e1rgenes de ganancia<\/a>&nbsp;&nbsp;Crypto Economy<\/li>\n<li><a href=\"https:\/\/news.google.com\/rss\/articles\/CBMikAFBVV95cUxPc2JybHRwR2YtNm8xY0FLOEZSLVg4b25SbkpzemJpSzF3SUtPa2xJMG5rWWd0V0lPNUhUdVNKMUt2ckxzNmFpbjNQTExXMkdDM1ZMQkxsZVdncGM2Q0FoVkxFbmd5bnJ4MkNnTWFvM0Zpd2JEZGR1Q0FvYllTNEZGTmdnS3kycnp1UjE1ZEhva2w?oc=5\" target=\"_blank\" rel=\"nofollow noopener\">Navegando las Recientes Tormentas en el Para\u00edso de Bitcoin<\/a>&nbsp;&nbsp;OneSafe<\/li>\n<\/ol>\n","protected":false},"excerpt":{"rendered":"El hashrate de Bitcoin cae un 4% en diciembre: \u00bfestamos ante un nuevo giro alcista?&nbsp;&nbsp;Yahoo Resumen semanal: las&hellip;\n","protected":false},"author":2,"featured_media":305120,"comment_status":"","ping_status":"","sticky":false,"template":"","format":"standard","meta":{"footnotes":""},"categories":[80],"tags":[28064,82,10071,95,94,25,24,72147,23,72148],"class_list":{"0":"post-305119","1":"post","2":"type-post","3":"status-publish","4":"format-standard","5":"has-post-thumbnail","7":"category-economia","8":"tag-bitcoin","9":"tag-business","10":"tag-cargas-de-trabajo","11":"tag-economia","12":"tag-economy","13":"tag-es","14":"tag-espana","15":"tag-matt-sigel","16":"tag-spain","17":"tag-tasa-de-retorno"},"share_on_mastodon":{"url":"https:\/\/pubeurope.com\/@es\/115775299052998894","error":""},"_links":{"self":[{"href":"https:\/\/www.europesays.com\/es\/wp-json\/wp\/v2\/posts\/305119","targetHints":{"allow":["GET"]}}],"collection":[{"href":"https:\/\/www.europesays.com\/es\/wp-json\/wp\/v2\/posts"}],"about":[{"href":"https:\/\/www.europesays.com\/es\/wp-json\/wp\/v2\/types\/post"}],"author":[{"embeddable":true,"href":"https:\/\/www.europesays.com\/es\/wp-json\/wp\/v2\/users\/2"}],"replies":[{"embeddable":true,"href":"https:\/\/www.europesays.com\/es\/wp-json\/wp\/v2\/comments?post=305119"}],"version-history":[{"count":0,"href":"https:\/\/www.europesays.com\/es\/wp-json\/wp\/v2\/posts\/305119\/revisions"}],"wp:featuredmedia":[{"embeddable":true,"href":"https:\/\/www.europesays.com\/es\/wp-json\/wp\/v2\/media\/305120"}],"wp:attachment":[{"href":"https:\/\/www.europesays.com\/es\/wp-json\/wp\/v2\/media?parent=305119"}],"wp:term":[{"taxonomy":"category","embeddable":true,"href":"https:\/\/www.europesays.com\/es\/wp-json\/wp\/v2\/categories?post=305119"},{"taxonomy":"post_tag","embeddable":true,"href":"https:\/\/www.europesays.com\/es\/wp-json\/wp\/v2\/tags?post=305119"}],"curies":[{"name":"wp","href":"https:\/\/api.w.org\/{rel}","templated":true}]}}