{"id":305125,"date":"2025-12-24T15:42:28","date_gmt":"2025-12-24T15:42:28","guid":{"rendered":"https:\/\/www.europesays.com\/es\/305125\/"},"modified":"2025-12-24T15:42:28","modified_gmt":"2025-12-24T15:42:28","slug":"dos-okupas-matan-de-una-paliza-a-dos-hombres-enviados-por-el-dueno-de-la-casa-para-desalojarlos","status":"publish","type":"post","link":"https:\/\/www.europesays.com\/es\/305125\/","title":{"rendered":"Dos okupas matan de una paliza a dos hombres enviados por el due\u00f1o de la casa para desalojarlos"},"content":{"rendered":"<p> La Guardia Civil detuvo ayer a dos hombres de nacionalidad polaca que hab\u00edan permanecido atrincherados durante veinte horas en una vivienda de la localidad  &#8230; alicantina de Elche tras presuntamente matar a dos personas de una paliza y dejar a otra herida muy grave. La entrada de las Fuerzas de Seguridad a la casa, ubicada en la pedan\u00eda de La Marina, se produjo sin incidentes tras la tensa espera.<\/p>\n<p><a href=\"http:\/\/www.elcorreo.com\/sociedad\/elche-clama-leyes-okupas-tras-quedar-libres-20251224095412-ntrc.html#vtm_modulosEngag=mod-rel:sociedad:noticia:1:cmp:1-not\" class=\"v-a-link\" aria-label=\"Imagen\" rel=\"nofollow noopener\" target=\"_blank\"><\/p>\n<p><img decoding=\"async\" loading=\"lazy\" src=\"https:\/\/www.europesays.com\/es\/wp-content\/uploads\/2025\/12\/Clipboard-0038.png\" class=\"v-a-img\" width=\"258\" height=\"180\" alt=\"\" data-voc-vtm-id=\"in-text-traffic\"\/><\/p>\n<p><\/a><\/p>\n<p class=\"v-p\">Fuentes policiales apuntan a la ocupaci\u00f3n de una casa como m\u00f3vil del doble crimen. Las v\u00edctimas mortales y el que result\u00f3 herido grave son tres hombres de nacionalidad alemana, amigos del que ser\u00eda propietario de la vivienda, de la misma nacionalidad, a quienes este habr\u00eda pedido que confirmaran si hab\u00eda alguien residiendo ilegalmente en su propiedad, ubicada en la urbanizaci\u00f3n San Jos\u00e9 de la playa de El Pinet. No consta que ni las v\u00edctimas ni los agresores tengan antecedentes penales.<\/p>\n<p class=\"v-p\">Los hechos ocurrieron el pasado lunes por la tarde, alrededor de las 18 horas, cuando un vecino alert\u00f3 al 112 de que se estaba produciendo una pelea en la citada vivienda. Una patrulla de la Polic\u00eda Local del municipio alicantino se acerc\u00f3 hasta el lugar y hall\u00f3 los cad\u00e1veres en una calle cercana al inmueble, a donde fueron trasladados supuestamente por los asesinos. Tras certificar que hab\u00eda dos muertos los agentes tambi\u00e9n auxiliaron al herido, que permanece ingresado en el Hospital General de Elche en estado grave.<\/p>\n<p class=\"v-p\">La casa se encuentra en una zona aislada de una partida rural alicantina en torno a la que se despleg\u00f3 un espectacular cord\u00f3n policial al constarse que los presuntos asesinos segu\u00edan all\u00ed. Aunque no hab\u00eda indicios de que los atrincherados tuvieran armas de fuego ni rehenes, los agentes optaron por una estrategia de negociaci\u00f3n con un interprete que se alarg\u00f3 durante casi un d\u00eda entero.<\/p>\n<p class=\"v-p\">Los efectivos de la Unidad de Seguridad Ciudadana de la Comandancia de Elche acabaron accediendo al inmueble a la fuerza alrededor de las 14 horas de ayer para proceder al arresto de los dos presuntos homicidas, que fueron puestos a disposici\u00f3n judicial. El juzgado que instruye la causa abierta ha decretado el secreto de las actuaciones. Fuentes de la investigaci\u00f3n consultadas por este peri\u00f3dico descartan que detr\u00e1s de los homicidios haya un ajuste de cuentas. <\/p>\n","protected":false},"excerpt":{"rendered":"La Guardia Civil detuvo ayer a dos hombres de nacionalidad polaca que hab\u00edan permanecido atrincherados durante veinte horas&hellip;\n","protected":false},"author":2,"featured_media":305126,"comment_status":"","ping_status":"","sticky":false,"template":"","format":"standard","meta":{"footnotes":""},"categories":[5],"tags":[17,18,3718,19164,7537,2006,25,24,13,14,11,5790,19,20,9,10,15,16,55020,23,12,21,22,3633],"class_list":{"0":"post-305125","1":"post","2":"type-post","3":"status-publish","4":"format-standard","5":"has-post-thumbnail","7":"category-titulares","8":"tag-breaking-news","9":"tag-breakingnews","10":"tag-crimen","11":"tag-desalojar","12":"tag-doble","13":"tag-elche","14":"tag-es","15":"tag-espana","16":"tag-featured-news","17":"tag-featurednews","18":"tag-headlines","19":"tag-intentar","20":"tag-latest-news","21":"tag-latestnews","22":"tag-news","23":"tag-noticias","24":"tag-noticias-destacadas","25":"tag-noticiasdestacadas","26":"tag-okupada","27":"tag-spain","28":"tag-titulares","29":"tag-ultimas-noticias","30":"tag-ultimasnoticias","31":"tag-vivienda"},"share_on_mastodon":{"url":"https:\/\/pubeurope.com\/@es\/115775311095772344","error":""},"_links":{"self":[{"href":"https:\/\/www.europesays.com\/es\/wp-json\/wp\/v2\/posts\/305125","targetHints":{"allow":["GET"]}}],"collection":[{"href":"https:\/\/www.europesays.com\/es\/wp-json\/wp\/v2\/posts"}],"about":[{"href":"https:\/\/www.europesays.com\/es\/wp-json\/wp\/v2\/types\/post"}],"author":[{"embeddable":true,"href":"https:\/\/www.europesays.com\/es\/wp-json\/wp\/v2\/users\/2"}],"replies":[{"embeddable":true,"href":"https:\/\/www.europesays.com\/es\/wp-json\/wp\/v2\/comments?post=305125"}],"version-history":[{"count":0,"href":"https:\/\/www.europesays.com\/es\/wp-json\/wp\/v2\/posts\/305125\/revisions"}],"wp:featuredmedia":[{"embeddable":true,"href":"https:\/\/www.europesays.com\/es\/wp-json\/wp\/v2\/media\/305126"}],"wp:attachment":[{"href":"https:\/\/www.europesays.com\/es\/wp-json\/wp\/v2\/media?parent=305125"}],"wp:term":[{"taxonomy":"category","embeddable":true,"href":"https:\/\/www.europesays.com\/es\/wp-json\/wp\/v2\/categories?post=305125"},{"taxonomy":"post_tag","embeddable":true,"href":"https:\/\/www.europesays.com\/es\/wp-json\/wp\/v2\/tags?post=305125"}],"curies":[{"name":"wp","href":"https:\/\/api.w.org\/{rel}","templated":true}]}}