{"id":305131,"date":"2025-12-24T15:53:25","date_gmt":"2025-12-24T15:53:25","guid":{"rendered":"https:\/\/www.europesays.com\/es\/305131\/"},"modified":"2025-12-24T15:53:25","modified_gmt":"2025-12-24T15:53:25","slug":"la-nueva-vida-de-daniel-tay-el-mitico-nino-de-elf-que-desaparecio-de-hollywood","status":"publish","type":"post","link":"https:\/\/www.europesays.com\/es\/305131\/","title":{"rendered":"La nueva vida de Daniel Tay, el m\u00edtico ni\u00f1o de \u2018Elf\u2019 que desapareci\u00f3 de Hollywood"},"content":{"rendered":"<p class=\"\">Daniel Tay naci\u00f3 el 17 de diciembre de 1991 en Nueva York y con apenas <b>11 a\u00f1os<\/b> se convirti\u00f3 en una cara reconocible dentro del cine internacional. Esto sucedi\u00f3 cuando interpret\u00f3 a <b>Michael Hobbs,<\/b> el hermanastro de Buddy en la comedia navide\u00f1a \u2018Elf\u2019 (2003), una de las pel\u00edculas <b>m\u00e1s queridas de las fiestas modernas.<\/b><\/p>\n<p class=\"\">\u2018Elf\u2019 recaud\u00f3 m\u00e1s de<b> 220 millones de d\u00f3lares<\/b> en todo el mundo y con el paso de los a\u00f1os se ha consolidado como un cl\u00e1sico recurrente cada Navidad, lo que mantiene vivo el recuerdo de la actuaci\u00f3n de Tay. <\/p>\n<p>Trayectoria despu\u00e9s de \u2018Elf\u2019<\/p>\n<p class=\"\">Antes y despu\u00e9s de \u2018Elf\u2019, Tay particip\u00f3 en varios proyectos menores. En 2003 tambi\u00e9n apareci\u00f3 en <b>\u2018American<\/b><b> <\/b><b>Splendorcomo\u2019<\/b> y a\u00f1os despu\u00e9s tuvo peque\u00f1os papeles en <b>\u2018Beer<\/b><b> <\/b><b>League<\/b><b>\u2019<\/b><b> y \u2018Brooklyn<\/b><b> <\/b><b>Rules<\/b><b>\u2019<\/b><b>. <\/b>Adem\u00e1s, se adentr\u00f3 en el doblaje de personajes para animaci\u00f3n y videojuegos. <b>Prest\u00f3 su voz para la pel\u00edcula \u2018Doogal<\/b><b>\u2019<\/b> y particip\u00f3 en t\u00edtulos de Rockstar Games como \u2018Bully y Grand Theft Auto: The Ballad of Gay Tony\u2019. <\/p>\n<p class=\"\">Sin embargo, a medida que crec\u00eda, Tay empez\u00f3 a replantearse su futuro lejos del foco medi\u00e1tico. Para 2009, alrededor de los 17 a\u00f1os, decidi\u00f3 dar un giro a su carrera profesional y<b> centrarse en sus estudios. <\/b><\/p>\n<p>Una vida fuera de Hollywood<\/p>\n<p class=\"\">Tras dejar la actuaci\u00f3n, Tay se matricul\u00f3 en la universidad de Yale, donde complet\u00f3 una su carrera en <b>Econom\u00eda<\/b>. Durante su etapa universitaria trabaj\u00f3 como <b>asistente<\/b> <b>docente<\/b> y tutor, utilizando su formaci\u00f3n acad\u00e9mica para orientar a otros estudiantes. Posteriormente, ejerci\u00f3 como <b>instructor de ex\u00e1menes estandarizados, <\/b>ayudando a j\u00f3venes a mejorar sus resultados y prepararse para acceder a la educaci\u00f3n superior. <\/p>\n<p class=\"\">M\u00e1s adelante, Tay dio otro paso hacia el <b>\u00e1mbito cient\u00edfico y de la salud.<\/b> Form\u00f3 parte de equipos de investigaci\u00f3n en la Universidad de Columbia, lo que le permiti\u00f3 adentrarse en proyectos de car\u00e1cter acad\u00e9mico y cl\u00ednico. <\/p>\n<p>Noticias relacionadas<a href=\"https:\/\/as.com\/us\/actualidad\/ofrecen-2500-dolares-por-ver-peliculas-navidenas-detalles-de-la-oferta-y-como-postular-n\/\" class=\"s_m_w\" title=\"Ver pel\u00edculas navide\u00f1as es un must en la temporada decembrina. Descubre c\u00f3mo puedes ganar hasta $2,500 d\u00f3lares por ello: Oferta y c\u00f3mo postular.\" data-tb-link=\"\" rel=\"nofollow noopener\" target=\"_blank\"><img decoding=\"async\" src=\"https:\/\/www.europesays.com\/es\/wp-content\/uploads\/2025\/12\/74JH3JGX3FE4RDNKZ4PEWL65TQ.jpg\" alt=\"Ofrecen $2,500 d\u00f3lares por ver pel\u00edculas navide\u00f1as: Detalles de la oferta y c\u00f3mo postular\" class=\"\" height=\"9\" width=\"16\"   loading=\"lazy\" data-tb-thumbnail=\"\"\/><\/a><a href=\"https:\/\/as.com\/meristation\/2021\/12\/25\/reportajes\/1640426425_039855.html\" class=\"s_m_w\" title=\"En la Navidad, no \u00fanicamente se reduce a comer polvorones, decorar nuestros hogares y estar en familia. Te proponemos recordar aut\u00e9nticos cl\u00e1sicos del cine que no pueden faltar en estas fiestas.\" data-tb-link=\"\" rel=\"nofollow noopener\" target=\"_blank\"><img decoding=\"async\" src=\"https:\/\/www.europesays.com\/es\/wp-content\/uploads\/2025\/12\/YHWBWN2SQBOEXJJX66ATNSNZ3Q.jpg\" alt=\"Las 10 mejores pel\u00edculas navide\u00f1as ordenadas de peor a mejor seg\u00fan IMDb\" class=\"\" height=\"9\" width=\"16\"   loading=\"lazy\" data-tb-thumbnail=\"\"\/><\/a><\/p>\n<p class=\"\">Actualmente, Daniel Tay se encuentra <b>estudiando Medicina en la Universidad de Cornell<\/b>, un camino que refleja su inter\u00e9s por este mundo, muy alejado de los focos del cine que sol\u00eda frecuentar cuando era ni\u00f1o. <\/p>\n<p class=\"\"><b>\u00a1Tus opiniones importan!<\/b> Comenta en los art\u00edculos y suscr\u00edbete gratis a nuestra <a href=\"https:\/\/asfan.as.com\/newsletters\/\" target=\"_blank\" rel=\"nofollow noopener\" title=\"https:\/\/asfan.as.com\/newsletters\/\">newsletter<\/a> y a las alertas informativas en la <a href=\"https:\/\/as.com\/aplicacion-de-as-n\/\" target=\"_blank\" rel=\"nofollow noopener\" title=\"https:\/\/as.com\/aplicacion-de-as-n\/\">App<\/a> o el canal de <a href=\"https:\/\/www.whatsapp.com\/channel\/0029VaAasdA7j6g745nz9M10\" target=\"_blank\" rel=\"nofollow noopener\" title=\"https:\/\/www.whatsapp.com\/channel\/0029VaAasdA7j6g745nz9M10\">WhatsApp<\/a>. \u00bfBuscas licenciar contenido? Haz clic <a href=\"https:\/\/profesional.elpais.com\/soluciones-sindicacion?utm_medium=interno&amp;utm_source=crosslinking&amp;utm_campaign=sindicacion_as_pie_articulos\" target=\"_blank\" rel=\"nofollow noopener\" title=\"https:\/\/profesional.elpais.com\/soluciones-sindicacion?utm_medium=interno&amp;utm_source=crosslinking&amp;utm_campaign=sindicacion_as_pie_articulos\">aqu\u00ed<\/a><\/p>\n","protected":false},"excerpt":{"rendered":"Daniel Tay naci\u00f3 el 17 de diciembre de 1991 en Nueva York y con apenas 11 a\u00f1os se&hellip;\n","protected":false},"author":2,"featured_media":305132,"comment_status":"","ping_status":"","sticky":false,"template":"","format":"standard","meta":{"footnotes":""},"categories":[174],"tags":[255,146,147,25,24,256,23],"class_list":{"0":"post-305131","1":"post","2":"type-post","3":"status-publish","4":"format-standard","5":"has-post-thumbnail","7":"category-famosos","8":"tag-celebrities","9":"tag-entertainment","10":"tag-entretenimiento","11":"tag-es","12":"tag-espana","13":"tag-famosos","14":"tag-spain"},"share_on_mastodon":{"url":"https:\/\/pubeurope.com\/@es\/115775356033833183","error":""},"_links":{"self":[{"href":"https:\/\/www.europesays.com\/es\/wp-json\/wp\/v2\/posts\/305131","targetHints":{"allow":["GET"]}}],"collection":[{"href":"https:\/\/www.europesays.com\/es\/wp-json\/wp\/v2\/posts"}],"about":[{"href":"https:\/\/www.europesays.com\/es\/wp-json\/wp\/v2\/types\/post"}],"author":[{"embeddable":true,"href":"https:\/\/www.europesays.com\/es\/wp-json\/wp\/v2\/users\/2"}],"replies":[{"embeddable":true,"href":"https:\/\/www.europesays.com\/es\/wp-json\/wp\/v2\/comments?post=305131"}],"version-history":[{"count":0,"href":"https:\/\/www.europesays.com\/es\/wp-json\/wp\/v2\/posts\/305131\/revisions"}],"wp:featuredmedia":[{"embeddable":true,"href":"https:\/\/www.europesays.com\/es\/wp-json\/wp\/v2\/media\/305132"}],"wp:attachment":[{"href":"https:\/\/www.europesays.com\/es\/wp-json\/wp\/v2\/media?parent=305131"}],"wp:term":[{"taxonomy":"category","embeddable":true,"href":"https:\/\/www.europesays.com\/es\/wp-json\/wp\/v2\/categories?post=305131"},{"taxonomy":"post_tag","embeddable":true,"href":"https:\/\/www.europesays.com\/es\/wp-json\/wp\/v2\/tags?post=305131"}],"curies":[{"name":"wp","href":"https:\/\/api.w.org\/{rel}","templated":true}]}}