{"id":305135,"date":"2025-12-24T16:03:37","date_gmt":"2025-12-24T16:03:37","guid":{"rendered":"https:\/\/www.europesays.com\/es\/305135\/"},"modified":"2025-12-24T16:03:37","modified_gmt":"2025-12-24T16:03:37","slug":"cine-lanzarote-amarga-navidad-asi-luce-lanzarote-en-el-trailer-de-la-nueva-pelicula-de-pedro-almodovar","status":"publish","type":"post","link":"https:\/\/www.europesays.com\/es\/305135\/","title":{"rendered":"CINE LANZAROTE | &#8216;Amarga Navidad&#8217;: as\u00ed luce Lanzarote en el tr\u00e1iler de la nueva pel\u00edcula de Pedro Almod\u00f3var"},"content":{"rendered":"<p class=\"ft-text\">La isla de <a class=\"ft-link ft-link--decoration\" href=\"https:\/\/www.laprovincia.es\/lanzarote\/\" rel=\"nofollow noopener\" target=\"_blank\"><strong>Lanzarote<\/strong><\/a> vuelve a situarse en el mapa del cine internacional con<a class=\"ft-link ft-link--decoration\" href=\"https:\/\/www.laprovincia.es\/cultura\/2025\/10\/23\/pedro-almodovar-anuncia-fecha-estreno-amarga-navidad-rodada-canarias-lanzarote-122946133.html\" rel=\"nofollow noopener\" target=\"_blank\"> el rodaje de Amarga Navidad, la nueva pel\u00edcula de Pedro Almod\u00f3var<\/a>, cuyo estreno en salas est\u00e1 previsto para el <strong>20 de marzo de 2026<\/strong>.<\/p>\n<p class=\"ft-text\">El largometraje, protagonizado por <strong>B\u00e1rbara Lennie, Leonardo Sbaraglia y Aitana S\u00e1nchez-Gij\u00f3n<\/strong>, se film\u00f3 entre principios de junio y mediados de agosto en distintas localizaciones de <strong>Madrid y Lanzarote<\/strong>, consolidando el atractivo de la isla como escenario cinematogr\u00e1fico.<\/p>\n<p class=\"ft-text\">El adelanto de la pel\u00edcula en el teaser tr\u00e1iler que se dio a conocer el pasado jueves, 18 de diciembre, de la mano de <strong>Warner Bros Spain,<\/strong> permite identificar enclaves emblem\u00e1ticos de Lanzarote como <strong>La Geria<\/strong> y la playa de <strong>El Golfo<\/strong>, donde se ubica el Charco de Los Clicos, ambos situados en el municipio de <a class=\"ft-link ft-link--decoration\" href=\"https:\/\/www.laprovincia.es\/lanzarote\/yaiza\/\" rel=\"nofollow noopener\" target=\"_blank\"><strong>Yaiza<\/strong><\/a>. Estas localizaciones, vinculadas al paisaje volc\u00e1nico y al patrimonio natural de la isla, refuerzan la presencia de Lanzarote como plat\u00f3 natural, una l\u00ednea en la que trabajan instituciones como la <strong>Lanzarote Film Commission,<\/strong> dependiente del <a class=\"ft-link ft-link--decoration\" href=\"https:\/\/www.laprovincia.es\/tags\/cabildo-de-lanzarote\/\" rel=\"nofollow noopener\" target=\"_blank\"><strong>Cabildo de Lanzarote<\/strong><\/a>.<\/p>\n<p><img decoding=\"async\" src=\"https:\/\/www.europesays.com\/es\/wp-content\/uploads\/2025\/12\/16ed217a-c438-4c6b-9e86-0a34b97c3818_alta-libre-aspect-ratio_default_0.jpg\" width=\"1200\" height=\"518\" alt=\"Una escena de 'Amarga Navidad' en El Golfo, en el municipio de Yaiza\" class=\"ft-helper-img-rd\" loading=\"lazy\"\/><\/p>\n<p class=\"ft-helper-fontColor-quaternary ft-helper-fontSize-body-S ft-helper-spacer-t-xxs\">Una escena de &#8216;Amarga Navidad&#8217; en El Golfo, en el municipio de Yaiza  \/ @warnerbrosspain<\/p>\n<p class=\"ft-text\">Se trata de la<strong> segunda pel\u00edcula de Pedro Almod\u00f3var con escenas filmadas en Lanzarote<\/strong>, ya que parte de <strong>Los abrazos rotos<\/strong><strong> (2009), protagonizada por Pen\u00e9lopez Cruz y Llu\u00eds Homar,<\/strong> tambi\u00e9n se grab\u00f3 en la isla en lugares como la playa del Charco de Los Clicos, el Mirador del R\u00edo, la playa de Famara y la rotonda pr\u00f3xima a la Fundaci\u00f3n C\u00e9sar Manrique, en Tahiche. La elecci\u00f3n de estos escenarios se suma a una larga lista de producciones nacionales e internacionales que han encontrado en la isla un entorno singular para el rodaje de pel\u00edculas y series.<\/p>\n<p>Un reparto con rostros habituales y nuevas incorporaciones<\/p>\n<p class=\"ft-text\">El reparto de Amarga Navidad combina <strong>int\u00e9rpretes habituales en el cine de Almod\u00f3var<\/strong> con nuevas incorporaciones. B\u00e1rbara Lennie, protagonista del filme, ya trabaj\u00f3 con el director en La piel que habito (2011). Leonardo Sbaraglia form\u00f3 parte del elenco de Dolor y Gloria (2019), mientras que Aitana S\u00e1nchez-Gij\u00f3n y Milena Smit participaron en Madres Paralelas (2021). Tambi\u00e9n repite <strong>Victoria Luengo<\/strong>, que apareci\u00f3 en La habitaci\u00f3n de al lado.<\/p>\n<p class=\"ft-text\">Junto a ellos se suman <strong>Patrick Criado<\/strong> y <strong>Quim Guti\u00e9rrez<\/strong>, que se incorporan por primera vez al universo cinematogr\u00e1fico de Almod\u00f3var, aunque este \u00faltimo ya colabor\u00f3 con El Deseo en la serie Mentiras pasajeras. Adem\u00e1s, vuelve a aparecer <strong>Rossy de Palma<\/strong>, una de las actrices m\u00e1s identificadas con la filmograf\u00eda del director.<\/p>\n<p>Una historia marcada por el duelo y la huida<\/p>\n<p class=\"ft-text\">Seg\u00fan la sinopsis facilitada por la productora, la trama gira en torno a <strong>Elsa<\/strong>, una directora de publicidad interpretada por B\u00e1rbara Lennie, que pierde a su madre durante un largo puente de diciembre. Incapaz de afrontar el duelo, se refugia en el trabajo como una forma de huida hacia adelante, hasta que una <strong>crisis de p\u00e1nico<\/strong> la obliga a detenerse.<\/p>\n<p class=\"ft-text\">Su pareja, <strong>Bonifacio<\/strong>, se convierte en un apoyo fundamental, aunque Elsa decide viajar a <strong>Lanzarote<\/strong> acompa\u00f1ada por su amiga Patricia, mientras \u00e9l permanece en Madrid. En paralelo, la pel\u00edcula narra la historia del guionista y director de cine <strong>Ra\u00fal Dur\u00e1n<\/strong> (Leonardo Sbaraglia), entrelazando ambos relatos y difuminando las fronteras entre realidad y ficci\u00f3n.<\/p>\n<p>Expectaci\u00f3n ante un estreno muy esperado<\/p>\n<p class=\"ft-text\">Con fecha de estreno ya confirmada y un primer avance que destaca el protagonismo de Lanzarote, Amarga Navidad se perfila como <a class=\"ft-link ft-link--decoration\" href=\"https:\/\/www.laprovincia.es\/cultura\/2025\/07\/28\/pedro-almodovar-rueda-canarias-primeras-imagenes-amarga-navidad-lanzarote-dv-120143993.html\" rel=\"nofollow noopener\" target=\"_blank\">uno de los estrenos m\u00e1s esperados del cine espa\u00f1ol en 2026<\/a>.<\/p>\n<p class=\"ft-text\">La pel\u00edcula vuelve a situar a la isla en el foco cultural y audiovisual, reforzando su proyecci\u00f3n exterior como territorio ligado a la creaci\u00f3n art\u00edstica y cinematogr\u00e1fica.<\/p>\n<p class=\"ft-text\">Amarga Navidad supone el <strong>regreso de Pedro Almod\u00f3var al rodaje en castellano<\/strong> tras La habitaci\u00f3n de al lado, pel\u00edcula con la que el director manchego obtuvo el <strong>Le\u00f3n de Oro en el Festival de Venecia<\/strong> el pasado a\u00f1o.<\/p>\n","protected":false},"excerpt":{"rendered":"La isla de Lanzarote vuelve a situarse en el mapa del cine internacional con el rodaje de Amarga&hellip;\n","protected":false},"author":2,"featured_media":305136,"comment_status":"","ping_status":"","sticky":false,"template":"","format":"standard","meta":{"footnotes":""},"categories":[169],"tags":[7666,7668,7671,177,146,147,25,24,176,3643,3641,72149,14839,175,2951,795,1822,7669,1257,23,183],"class_list":{"0":"post-305135","1":"post","2":"type-post","3":"status-publish","4":"format-standard","5":"has-post-thumbnail","7":"category-cine","8":"tag-almodovar","9":"tag-amarga","10":"tag-barbara-lennie","11":"tag-cine","12":"tag-entertainment","13":"tag-entretenimiento","14":"tag-es","15":"tag-espana","16":"tag-film","17":"tag-isla","18":"tag-lanzarote","19":"tag-leonardo-sbaraglia","20":"tag-luce","21":"tag-movies","22":"tag-navidad","23":"tag-nueva","24":"tag-pedro","25":"tag-pedro-almodovar","26":"tag-pelicula","27":"tag-spain","28":"tag-trailer"},"share_on_mastodon":{"url":"https:\/\/pubeurope.com\/@es\/115775393750014238","error":""},"_links":{"self":[{"href":"https:\/\/www.europesays.com\/es\/wp-json\/wp\/v2\/posts\/305135","targetHints":{"allow":["GET"]}}],"collection":[{"href":"https:\/\/www.europesays.com\/es\/wp-json\/wp\/v2\/posts"}],"about":[{"href":"https:\/\/www.europesays.com\/es\/wp-json\/wp\/v2\/types\/post"}],"author":[{"embeddable":true,"href":"https:\/\/www.europesays.com\/es\/wp-json\/wp\/v2\/users\/2"}],"replies":[{"embeddable":true,"href":"https:\/\/www.europesays.com\/es\/wp-json\/wp\/v2\/comments?post=305135"}],"version-history":[{"count":0,"href":"https:\/\/www.europesays.com\/es\/wp-json\/wp\/v2\/posts\/305135\/revisions"}],"wp:featuredmedia":[{"embeddable":true,"href":"https:\/\/www.europesays.com\/es\/wp-json\/wp\/v2\/media\/305136"}],"wp:attachment":[{"href":"https:\/\/www.europesays.com\/es\/wp-json\/wp\/v2\/media?parent=305135"}],"wp:term":[{"taxonomy":"category","embeddable":true,"href":"https:\/\/www.europesays.com\/es\/wp-json\/wp\/v2\/categories?post=305135"},{"taxonomy":"post_tag","embeddable":true,"href":"https:\/\/www.europesays.com\/es\/wp-json\/wp\/v2\/tags?post=305135"}],"curies":[{"name":"wp","href":"https:\/\/api.w.org\/{rel}","templated":true}]}}