{"id":305164,"date":"2025-12-24T16:29:21","date_gmt":"2025-12-24T16:29:21","guid":{"rendered":"https:\/\/www.europesays.com\/es\/305164\/"},"modified":"2025-12-24T16:29:21","modified_gmt":"2025-12-24T16:29:21","slug":"cinco-alimentos-que-deberias-comer-en-navidad-para-fortalecer-tu-sistema-inmune","status":"publish","type":"post","link":"https:\/\/www.europesays.com\/es\/305164\/","title":{"rendered":"Cinco alimentos que deber\u00edas comer en Navidad para fortalecer tu sistema inmune"},"content":{"rendered":"<p><img alt=\"Las fiestas navide\u00f1as en M\u00e9xico\" class=\"global-image\" decoding=\"async\" fetchpriority=\"high\" height=\"816\" loading=\"eager\" src=\"https:\/\/www.europesays.com\/es\/wp-content\/uploads\/2025\/12\/543PPXOIOFD2NGABPCEAIO6ACQ.jpg\" width=\"1456\"\/>Las fiestas navide\u00f1as en M\u00e9xico y Latinoam\u00e9rica resaltan la importancia de los alimentos tradicionales para fortalecer la salud inmunol\u00f3gica en invierno &#8211; visualesIA<\/p>\n<p class=\"paragraph\">Las <b>fiestas navide\u00f1as<\/b> en M\u00e9xico y otros pa\u00edses latinoamericanos representan una oportunidad para disfrutar de la tradici\u00f3n gastron\u00f3mica sin descuidar la salud.<\/p>\n<p class=\"paragraph\">Es una buena \u00e9poca para reforzar el <b>sistema inmunol\u00f3gico<\/b> durante el invierno, cuando la circulaci\u00f3n de virus respiratorios se intensifica. <\/p>\n<p class=\"paragraph\">La Navidad es un momento para celebrar con sabores y costumbres familiares.<\/p>\n<p><img alt=\"La Navidad es un momento\" class=\"global-image\" decoding=\"async\" fetchpriority=\"low\" height=\"768\" loading=\"lazy\" src=\"https:\/\/www.europesays.com\/es\/wp-content\/uploads\/2025\/12\/ENY6CC6JANBCBFBLYGYY2GTTUM.png\" width=\"1408\"\/>La Navidad es un momento para celebrar con sabores y costumbres familiares, y tambi\u00e9n para aprovechar el poder de los alimentos tradicionales y nutrientes que ayudan a proteger la salud durante el invierno (Imagen Ilustrativa Infobae)<\/p>\n<p class=\"paragraph\">Tambi\u00e9n para aprovechar el poder de los <b>alimentos tradicionales<\/b> y nutrientes que ayudan a proteger la salud durante el invierno.<\/p>\n<p class=\"paragraph\">Ciertos alimentos adem\u00e1s de estar presentes en la mesa decembrina, aportan nutrientes fundamentales para la salud.<\/p>\n<p class=\"paragraph\">El <b>ponche de frutas navide\u00f1o<\/b> es emblem\u00e1tico de las celebraciones mexicanas en diciembre.<\/p>\n<p class=\"paragraph\">Sus ingredientes principales \u2014guayaba, tejocote, manzana y ca\u00f1a de az\u00facar\u2014 aportan nutrientes esenciales.<\/p>\n<p><img alt=\"El ponche navide\u00f1o de frutas,\" class=\"global-image\" decoding=\"async\" fetchpriority=\"low\" height=\"816\" loading=\"lazy\" src=\"https:\/\/www.europesays.com\/es\/wp-content\/uploads\/2025\/12\/ZEUW6IGR6FGOBBKGALKW4OB2KY.jpg\" width=\"1456\"\/>El ponche navide\u00f1o de frutas, con guayaba y tejocote, provee vitamina C y provitamina A fundamentales para mantener las defensas del organismo \u2014 (Imagen Ilustrativa Infobae)<\/p>\n<ul data-icon=\"\u2b24\" class=\"list\">\n<li data-icon=\"\u2b24\">La <b>guayaba<\/b> destaca por su elevado contenido de <b>vitamina C<\/b>, considerada clave para mantener las defensas del organismo.<\/li>\n<li data-icon=\"\u2b24\"> El <b>tejocote<\/b>, por su parte, provee provitamina A, que contribuye al buen funcionamiento del <b>sistema inmune<\/b>. <\/li>\n<\/ul>\n<p class=\"paragraph\">Incorporar este ponche a las celebraciones puede sumar sabor y protecci\u00f3n en temporada invernal.<\/p>\n<p class=\"paragraph\">Los <b>tamales<\/b> son otro pilar de la gastronom\u00eda navide\u00f1a, el tipo de relleno determina el aporte nutricional.<\/p>\n<p><img alt=\"Consumir tamales de frijol o\" class=\"global-image\" decoding=\"async\" fetchpriority=\"low\" height=\"816\" loading=\"lazy\" src=\"https:\/\/www.europesays.com\/es\/wp-content\/uploads\/2025\/12\/GONZOQSFKNA5XK6W5D3YZRDOAE.jpg\" width=\"1456\"\/>Consumir tamales de frijol o con salsas picosas aporta prote\u00ednas, zinc, vitamina C y capsaicina, nutrientes clave para reforzar la inmunidad en \u00e9pocas de fr\u00edo \u2013 (Imagen Ilustrativa Infobae)<\/p>\n<p class=\"paragraph\">Los tamales de <b>frijol<\/b> ofrecen prote\u00ednas y zinc, dos elementos esenciales para la inmunidad. <\/p>\n<p class=\"paragraph\">En presentaciones con <b>chile <\/b>\u2014como rajas o mole con pollo y verde\u2014, se suma el aporte de vitamina C y capsaicina. <\/p>\n<p class=\"paragraph\">Estos compuestos vinculados con una mejor funci\u00f3n defensiva del organismo en \u00e9pocas de fr\u00edo.<\/p>\n<p class=\"paragraph\">Presente en muchas cenas festivas, la <b>ensalada de manzana<\/b> aporta beneficios para todas las edades. <\/p>\n<p class=\"paragraph\">De acuerdo con el <b>Tecnol\u00f3gico de Monterrey<\/b>, la <b>manzana<\/b> es fuente de fibra y antioxidantes.<\/p>\n<p class=\"paragraph\">Por otra parte, las <b>nueces<\/b> contienen <b>vitamina E<\/b>, nutriente que ayuda a preservar la integridad de las c\u00e9lulas inmunitarias. <\/p>\n<p><img alt=\"La ensalada de manzana con\" class=\"global-image\" decoding=\"async\" fetchpriority=\"low\" height=\"816\" loading=\"lazy\" src=\"https:\/\/www.europesays.com\/es\/wp-content\/uploads\/2025\/12\/G7V7BIYSMBH5ZJIW45SGAAPGFE.jpg\" width=\"1456\"\/>La ensalada de manzana con nueces se destaca en la cena navide\u00f1a por su combinaci\u00f3n de fibra, vitamina E y antioxidantes que fortalecen las defensas (Imagen Ilustrativa Infobae)<\/p>\n<p class=\"paragraph\">Esta combinaci\u00f3n resulta en un postre no solo tradicional, sino tambi\u00e9n valioso para fortalecer las defensas.<\/p>\n<p class=\"paragraph\">La salud intestinal es clave para la defensa frente a virus y bacterias.<\/p>\n<p class=\"paragraph\">Seg\u00fan <b>Cleveland Clinic<\/b> y Bioflora, el <b>yogur<\/b> y otros alimentos con <b>probi\u00f3ticos<\/b> contribuyen a mantener una microbiota equilibrada, fortaleciendo as\u00ed el sistema inmunol\u00f3gico. <\/p>\n<p class=\"paragraph\">Una alternativa pr\u00e1ctica es optar por yogur natural en preparaciones navide\u00f1as, como ensaladas, para potenciar la <b>resistencia a infecciones<\/b>.<\/p>\n<p><img alt=\"El yogur natural con probi\u00f3ticos\" class=\"global-image\" decoding=\"async\" fetchpriority=\"low\" height=\"816\" loading=\"lazy\" src=\"https:\/\/www.europesays.com\/es\/wp-content\/uploads\/2025\/12\/GGQGHZ6T5FCCTBA7GNLGO4H65Q.jpg\" width=\"1456\"\/>El yogur natural con probi\u00f3ticos favorece una microbiota intestinal saludable, pilar del sistema inmunol\u00f3gico ante virus y bacterias invernales (Imagen Ilustrativa Infobae)<\/p>\n<p class=\"paragraph\">Los <b>c\u00edtricos<\/b> \u2014naranja, mandarina y lim\u00f3n\u2014, junto con especias como el <b>jengibre<\/b> y la <b>c\u00farcuma<\/b>, son recomendados por organizaciones como <b>Sembrando Vida<\/b> y <b>Harvard Health<\/b> por su riqueza en <b>vitamina C<\/b>, antioxidantes y compuestos antiinflamatorios.<\/p>\n<p><img alt=\"Beber t\u00e9 de canela y\" class=\"global-image\" decoding=\"async\" fetchpriority=\"low\" height=\"1024\" loading=\"lazy\" src=\"https:\/\/www.europesays.com\/es\/wp-content\/uploads\/2025\/12\/UJWLHNTSZRDTJBIO46CH3GQAK4.png\" width=\"1536\"\/>Beber t\u00e9 de canela y c\u00farcuma en las fiestas decembrinas es una tradici\u00f3n que suma fitoqu\u00edmicos y antioxidantes para potenciar la respuesta inmune (Imagen Ilustrativa Infobae)<\/p>\n<p class=\"paragraph\">La <b>Unidad de An\u00e1lisis Econ\u00f3mico Salud<\/b> se\u00f1ala que estas especias aportan fitoqu\u00edmicos que favorecen una respuesta inmune \u00f3ptima. <\/p>\n<p class=\"paragraph\">Integrar bebidas como el <b>t\u00e9 de canela<\/b> y c\u00farcuma en las fiestas es una manera tradicional de sumar defensas.<\/p>\n","protected":false},"excerpt":{"rendered":"Las fiestas navide\u00f1as en M\u00e9xico y Latinoam\u00e9rica resaltan la importancia de los alimentos tradicionales para fortalecer la salud&hellip;\n","protected":false},"author":2,"featured_media":305165,"comment_status":"","ping_status":"","sticky":false,"template":"","format":"standard","meta":{"footnotes":""},"categories":[92],"tags":[21247,70505,70501,26890,25,24,11294,35915,165,72153,6026,72152,72150,72151,166,47477,23,44229],"class_list":{"0":"post-305164","1":"post","2":"type-post","3":"status-publish","4":"format-standard","5":"has-post-thumbnail","7":"category-salud","8":"tag-alimentacion-saludable","9":"tag-comida-casera","10":"tag-dieta-balanceada","11":"tag-ensaladas","12":"tag-es","13":"tag-espana","14":"tag-frutas","15":"tag-frutos-secos","16":"tag-health","17":"tag-hummus","18":"tag-nutricion","19":"tag-pan-integral","20":"tag-pollo-asado","21":"tag-salmon","22":"tag-salud","23":"tag-semillas","24":"tag-spain","25":"tag-yogur"},"share_on_mastodon":{"url":"https:\/\/pubeurope.com\/@es\/115775496044088478","error":""},"_links":{"self":[{"href":"https:\/\/www.europesays.com\/es\/wp-json\/wp\/v2\/posts\/305164","targetHints":{"allow":["GET"]}}],"collection":[{"href":"https:\/\/www.europesays.com\/es\/wp-json\/wp\/v2\/posts"}],"about":[{"href":"https:\/\/www.europesays.com\/es\/wp-json\/wp\/v2\/types\/post"}],"author":[{"embeddable":true,"href":"https:\/\/www.europesays.com\/es\/wp-json\/wp\/v2\/users\/2"}],"replies":[{"embeddable":true,"href":"https:\/\/www.europesays.com\/es\/wp-json\/wp\/v2\/comments?post=305164"}],"version-history":[{"count":0,"href":"https:\/\/www.europesays.com\/es\/wp-json\/wp\/v2\/posts\/305164\/revisions"}],"wp:featuredmedia":[{"embeddable":true,"href":"https:\/\/www.europesays.com\/es\/wp-json\/wp\/v2\/media\/305165"}],"wp:attachment":[{"href":"https:\/\/www.europesays.com\/es\/wp-json\/wp\/v2\/media?parent=305164"}],"wp:term":[{"taxonomy":"category","embeddable":true,"href":"https:\/\/www.europesays.com\/es\/wp-json\/wp\/v2\/categories?post=305164"},{"taxonomy":"post_tag","embeddable":true,"href":"https:\/\/www.europesays.com\/es\/wp-json\/wp\/v2\/tags?post=305164"}],"curies":[{"name":"wp","href":"https:\/\/api.w.org\/{rel}","templated":true}]}}