{"id":305184,"date":"2025-12-24T16:45:13","date_gmt":"2025-12-24T16:45:13","guid":{"rendered":"https:\/\/www.europesays.com\/es\/305184\/"},"modified":"2025-12-24T16:45:13","modified_gmt":"2025-12-24T16:45:13","slug":"hasta-el-fin-del-mundo-mostro-el-relato-de-alba-carrillo-sobre-su-depresion-y-dejo-a-yolanda-ramos-al-borde-de-la-expulsion","status":"publish","type":"post","link":"https:\/\/www.europesays.com\/es\/305184\/","title":{"rendered":"&#8216;Hasta el fin del mundo&#8217; mostr\u00f3 el relato de Alba Carrillo sobre su depresi\u00f3n y dej\u00f3 a Yolanda Ramos al borde de la expulsi\u00f3n"},"content":{"rendered":"<p class=\"article-text\">\n        <strong>Hasta el fin del mundo<\/strong> volvi\u00f3 a convertirse en protagonista del prime time este martes, 23 de diciembre, con una entrega plagada de emociones que resolvi\u00f3 qu\u00e9 pareja hab\u00eda ganado la <a href=\"https:\/\/www.eldiario.es\/vertele\/noticias\/hasta-el-fin-del-mundo-tuvo-etapa-final-abierto-concursante-urgencias-jedet-famosa_1_12855101.html\" target=\"_blank\" data-mrf-recirculation=\"links-noticia\" class=\"link\" rel=\"nofollow noopener\">etapa anterior<\/a>. El reality de <strong>RTVE <\/strong>vivi\u00f3 distintas situaciones de lo m\u00e1s emotivas durante la competici\u00f3n de sus concursantes, como el mensaje de <strong>Roc\u00edo Carrasco<\/strong> a <strong>Fidel Albiac <\/strong>o el relato de <strong>Alba Carrillo <\/strong>sobre la depresi\u00f3n que padeci\u00f3. Si bien es cierto, tambi\u00e9n hubo espacio para las advertencias de la organizaci\u00f3n a <strong>Yolanda Ramos <\/strong>y <strong>Ainoa Olivares<\/strong>.\n    <\/p>\n<p>    <a href=\"https:\/\/www.eldiario.es\/vertele\/noticias\/rtve-sorprende-actuacion-alto-piruli-rosario-flores-antonio-carmona-celebraran-70o-aniversario_1_12868236.html\" data-mrf-recirculation=\"saber-mas\" data-dl-event=\"saber-mas\" rel=\"nofollow noopener\" target=\"_blank\"><\/p>\n<p class=\"know-more__title\">RTVE sorprende con una actuaci\u00f3n en lo alto del Pirul\u00ed: Rosario Flores y Antonio Carmona celebrar\u00e1n el 70\u00ba aniversario<\/p>\n<p>            <img decoding=\"async\" class=\"lazy\" loading=\"lazy\" data-src=\"https:\/\/static.eldiario.es\/clip\/f063ab0c-2046-41c1-9f26-42bf88a2137b_16-9-aspect-ratio_default_0.jpg\" src=\"data:image\/svg+xml,%3Csvg xmlns=\" http:=\"\" viewbox=\"0 0 880 495\" alt=\"RTVE sorprende con una actuaci\u00f3n en lo alto del Pirul\u00ed: Rosario Flores y Antonio Carmona celebrar\u00e1n el 70\u00ba aniversario\"\/><\/p>\n<p>                        <\/a><\/p>\n<p class=\"article-text\">\n        Conviene destacar que<strong> Paula V\u00e1zquez <\/strong>proclam\u00f3 ganadores de la s\u00e9ptima carrera a <strong>Jos\u00e9 Lamu\u00f1o <\/strong>y <strong>Aldo Comas<\/strong>. La celebraci\u00f3n de los concursantes dio paso a la octava etapa, que estaba programada hasta Mar del Plata. Este viaje estuvo marcado por un sinf\u00edn de aventuras, trabajos exigentes, encuentros desesperados y hasta situaciones l\u00edmite. Todo ocurri\u00f3 en el prime time de <strong>La 1<\/strong>, un d\u00eda antes de lo habitual por la <a href=\"https:\/\/www.eldiario.es\/vertele\/noticias\/la-revuelta-despide-hoy-descansara-completamente-navidad-cambio-estrategia-rtve_1_12857018.html\" target=\"_blank\" data-mrf-recirculation=\"links-noticia\" class=\"link\" rel=\"nofollow noopener\">reestructuraci\u00f3n de programaci\u00f3n<\/a> en esta semana navide\u00f1a.\n    <\/p>\n<p class=\"article-text\">\n        En primer lugar, <strong>Alba Carrillo<\/strong> protagoniz\u00f3 una etapa plagada de confesiones mientras trabajaba junto a<strong> Cristina Cifuentes <\/strong>como estilistas en el teatro m\u00e1s antiguo de Argentina. La colaboradora se abri\u00f3 por completo para contar c\u00f3mo fue una de las peores etapas de su vida: \u201cDesde que me divorci\u00e9, que <strong>tuve una depresi\u00f3n<\/strong>, veo las cosas de otra manera\u201d, asegur\u00f3, remarcando que le costaba incluso \u201clevantarse de la cama\u201d. \u201cMe duchaba en tramos y me costaba comer, pierdes la ilusi\u00f3n por vivir\u201d, apostill\u00f3.\n    <\/p>\n<p class=\"article-text\">\n        La concursante visibiliz\u00f3 una de las grandes preocupaciones de la sociedad moderna, explicando que \u201ccuando est\u00e1s tan mal no te apetece salir a tomar un refresco o dar un paseo\u201d. Sin embargo, envi\u00f3 un mensaje de esperanza: \u201cDe repente,<strong> empiezas a volver a disfrutar <\/strong>de un atardecer, de un refresco, de salir a ver a amigos\u2026 De cosas superpeque\u00f1as que no disfrutabas. Eso depende de ti\u201d. Se trata de la \u201cprimera piedra\u201d para emprender un \u201cnuevo camino\u201d vital: \u201cTengo que agradecer mucho a ese momento y a m\u00ed misma por <strong>haberme rehecho<\/strong>\u201d.\n    <\/p>\n<p>    La advertencia de &#8216;Hasta el fin del mundo&#8217; a Yolanda Ramos<\/p>\n<p class=\"article-text\">\n        En segundo lugar, <strong>Yolanda Ramos<\/strong> y <strong>Ainoa Olivares <\/strong>vivieron una situaci\u00f3n de lo m\u00e1s preocupante en lo relativo a su permanencia en la experiencia. La humorista evidenci\u00f3 su preocupaci\u00f3n ante la<strong> posibilidad de vivir una expulsi\u00f3n<\/strong> del todo inesperada. Hasta el fin del mundo destac\u00f3 que la t\u00eda y la sobrina hab\u00edan gastado m\u00e1s presupuesto que ninguno de sus compa\u00f1eros: en caso de quedarse sin dinero \u2014solo dispon\u00edan de un 12% del total\u2014 deber\u00edan volver. \u201c<strong>No te r\u00edas, que nos mandan para Espa\u00f1a<\/strong>. \u00a1Te lo digo en serio!\u201d, reflexion\u00f3.\n    <\/p>\n<p class=\"article-text\">\n        La advertencia se transform\u00f3 en un aut\u00e9ntico revulsivo para ellas. Se pusieron en marcha para \u201c<strong>conseguir dinero<\/strong>\u201d y hasta luchar por ganar el reality de RTVE: \u201cA m\u00ed, un porcentaje no me representa\u201d. Manos a la obra, juntas consiguieron revertir la situaci\u00f3n y convencer a sus nuevos &#8216;jefes&#8217; de que la remuneraci\u00f3n deber\u00eda aumentar si segu\u00edan contando con ellas en un restaurante. Incluso lograron reunir el dinero necesario para comprar desodorante y champ\u00fa.\n    <\/p>\n<p>    La carta de Roc\u00edo Carrasco a Fidel Albiac<\/p>\n<p class=\"article-text\">\n        En tercer lugar, otro de los momentos m\u00e1s destacados de Hasta el fin del mundo est\u00e1 relacionado con <strong>Roc\u00edo Carrasco<\/strong>. Junto a Anabel Due\u00f1as, mientras viv\u00edan un trayecto en canoa, el recuerdo de <strong>Fidel Albiac<\/strong> sali\u00f3 a relucir. Minutos despu\u00e9s del trayecto, la hija de Roc\u00edo Jurado escribi\u00f3 una carta a su marido: \u201c<strong>Lo que s\u00ed quiero decirte una y mil veces es que te amo<\/strong>. Con eso te lo he dicho todo\u201d, plasm\u00f3 en el papel, matizando que no iba a adelantarle ninguna vivencia en el reality para cont\u00e1rselo todo \u201cen vivo\u201d.\n    <\/p>\n<p>    <a href=\"https:\/\/www.eldiario.es\/vertele\/noticias\/becaria-telecinco-millonaria-3-decimos-gordo-haya-tocado-no_1_12866302.html\" data-mrf-recirculation=\"saber-mas-abajo\" data-dl-event=\"saber-mas-abajo\" rel=\"nofollow noopener\" target=\"_blank\"><\/p>\n<p class=\"know-more__title\">De becaria de Telecinco, a millonaria con 3 d\u00e9cimos de El Gordo: \u201cAunque me haya tocado no me voy a ir de aqu\u00ed\u201d<\/p>\n<p>            <img decoding=\"async\" class=\"lazy\" loading=\"lazy\" data-src=\"https:\/\/static.eldiario.es\/clip\/19a942e2-675b-4914-9394-091060118def_16-9-aspect-ratio_default_0.jpg\" src=\"data:image\/svg+xml,%3Csvg xmlns=\" http:=\"\" viewbox=\"0 0 880 495\" alt=\"De becaria de Telecinco, a millonaria con 3 d\u00e9cimos de El Gordo: &quot;Aunque me haya tocado no me voy a ir de aqu\u00ed&quot;\"\/><\/p>\n<p>                        <\/a><\/p>\n<p class=\"article-text\">\n        Tampoco tuvo impedimento en destacar lo mucho que le echa de menos frente a las c\u00e1maras: \u201c<strong>Es la persona a la que m\u00e1s quiero en el mundo<\/strong>\u201d. Carrasco comparti\u00f3 un contexto fundamental con los espectadores, puesto que \u201ces la primera vez\u201d que est\u00e1n tanto tiempo separados desde que contrajeron matrimonio: \u201c\u00a1Qu\u00e9 tonter\u00eda me ha entrado, Dios m\u00edo!\u201d. No obstante, el momento m\u00e1s complicado para la pareja no fue abrirse en canal, sino el citado viaje en canoa donde avistaron un caim\u00e1n.\n    <\/p>\n","protected":false},"excerpt":{"rendered":"Hasta el fin del mundo volvi\u00f3 a convertirse en protagonista del prime time este martes, 23 de diciembre,&hellip;\n","protected":false},"author":2,"featured_media":305185,"comment_status":"","ping_status":"","sticky":false,"template":"","format":"standard","meta":{"footnotes":""},"categories":[174],"tags":[9623,17046,24039,255,8600,2378,146,147,25,24,3193,256,55941,3013,14030,25378,23,12392],"class_list":{"0":"post-305184","1":"post","2":"type-post","3":"status-publish","4":"format-standard","5":"has-post-thumbnail","7":"category-famosos","8":"tag-alba","9":"tag-borde","10":"tag-carrillo","11":"tag-celebrities","12":"tag-dejo","13":"tag-depresion","14":"tag-entertainment","15":"tag-entretenimiento","16":"tag-es","17":"tag-espana","18":"tag-expulsion","19":"tag-famosos","20":"tag-mostro","21":"tag-mundo","22":"tag-ramos","23":"tag-relato","24":"tag-spain","25":"tag-yolanda"},"share_on_mastodon":{"url":"https:\/\/pubeurope.com\/@es\/115775558539193774","error":""},"_links":{"self":[{"href":"https:\/\/www.europesays.com\/es\/wp-json\/wp\/v2\/posts\/305184","targetHints":{"allow":["GET"]}}],"collection":[{"href":"https:\/\/www.europesays.com\/es\/wp-json\/wp\/v2\/posts"}],"about":[{"href":"https:\/\/www.europesays.com\/es\/wp-json\/wp\/v2\/types\/post"}],"author":[{"embeddable":true,"href":"https:\/\/www.europesays.com\/es\/wp-json\/wp\/v2\/users\/2"}],"replies":[{"embeddable":true,"href":"https:\/\/www.europesays.com\/es\/wp-json\/wp\/v2\/comments?post=305184"}],"version-history":[{"count":0,"href":"https:\/\/www.europesays.com\/es\/wp-json\/wp\/v2\/posts\/305184\/revisions"}],"wp:featuredmedia":[{"embeddable":true,"href":"https:\/\/www.europesays.com\/es\/wp-json\/wp\/v2\/media\/305185"}],"wp:attachment":[{"href":"https:\/\/www.europesays.com\/es\/wp-json\/wp\/v2\/media?parent=305184"}],"wp:term":[{"taxonomy":"category","embeddable":true,"href":"https:\/\/www.europesays.com\/es\/wp-json\/wp\/v2\/categories?post=305184"},{"taxonomy":"post_tag","embeddable":true,"href":"https:\/\/www.europesays.com\/es\/wp-json\/wp\/v2\/tags?post=305184"}],"curies":[{"name":"wp","href":"https:\/\/api.w.org\/{rel}","templated":true}]}}