{"id":305194,"date":"2025-12-24T16:53:21","date_gmt":"2025-12-24T16:53:21","guid":{"rendered":"https:\/\/www.europesays.com\/es\/305194\/"},"modified":"2025-12-24T16:53:21","modified_gmt":"2025-12-24T16:53:21","slug":"pobreza-y-envejecimiento-preocuparse-por-el-dinero-y-la-comida-envejece-el-corazon-mas-rapido-que-los-factores-de-riesgo-tradicionales","status":"publish","type":"post","link":"https:\/\/www.europesays.com\/es\/305194\/","title":{"rendered":"POBREZA Y ENVEJECIMIENTO | Preocuparse por el dinero y la comida envejece el coraz\u00f3n m\u00e1s r\u00e1pido que los factores de riesgo tradicionales"},"content":{"rendered":"<p class=\"ft-text ft-helper-closenews\">La presi\u00f3n financiera y la inseguridad alimentaria \u2013o lo que es lo mismo, angustiarse por el dinero y la comida\u2013 son los principales impulsores del <strong>envejecimiento biol\u00f3gico<\/strong> acelerado y del aumento del <strong>riesgo de mortalidad<\/strong>, por encima de los factores de riesgo tradicionales, seg\u00fan un nuevo an\u00e1lisis que ha investigado la contribuci\u00f3n de los <a class=\"ft-link ft-link--decoration\" href=\"https:\/\/www.elperiodico.com\/es\/sociedad\/20251127\/vivienda-precariedad-laboral-abocan-exclusion-124185443\" rel=\"nofollow noopener\" target=\"_blank\">determinantes sociales<\/a> de la salud (DSS) al envejecimiento cardiaco, publicado en &#8216;Mayo Clinic Proceedings&#8217;.<\/p>\n<p class=\"ft-text\">La investigaci\u00f3n subraya la complejidad y la interacci\u00f3n de los <strong>nuevos factores de riesgo social <\/strong>que pueden contribuir a los eventos cardiovasculares y enfatiza la necesidad de intervenciones preventivas espec\u00edficas y una atenci\u00f3n centrada en el paciente. Es un estudio transversal de <a class=\"ft-link ft-link--decoration\" href=\"https:\/\/www.elperiodico.com\/es\/temas\/paciente-1844027\" rel=\"nofollow noopener\" target=\"_blank\">pacientes<\/a> adultos, 280.323 personas en total, que acudieron a Mayo Clinic entre 2018 y 2023.<\/p>\n<p class=\"ft-text\">\u00abDado el aumento <strong>de la esperanza de vida<\/strong> y la mayor carga de enfermedades en las personas mayores, en la \u00faltima d\u00e9cada la atenci\u00f3n primaria se ha centrado en el <strong>envejecimiento saludable<\/strong> y en <strong>una mejor calidad de vida<\/strong>. Este cambio tambi\u00e9n ha impulsado la b\u00fasqueda de nuevas medidas del envejecimiento biol\u00f3gico\u00bb, indica el investigador principal, el doctor Amir Lerman, del <strong>Departamento de Medicina Cardiovascular<\/strong> de Mayo Clinic en Rochester (<a class=\"ft-link ft-link--decoration\" href=\"https:\/\/www.elperiodico.com\/es\/lugares\/estados-unidos-6582\" rel=\"nofollow noopener\" target=\"_blank\">Estados Unidos<\/a>).<\/p>\n<p>Falta de recursos<\/p>\n<p class=\"ft-text\">En el trabajo, se evaluaron los determinantes sociales del estado de salud mediante un cuestionario (en par\u00e1metros como <strong>estr\u00e9s, actividad f\u00edsica,<\/strong> conexi\u00f3n social, <a class=\"ft-link ft-link--decoration\" href=\"https:\/\/www.elperiodico.com\/es\/economia\/20251215\/consumo-sanciona-64-millones-euros-airbnb-124791601\" rel=\"nofollow noopener\" target=\"_blank\">inestabilidad habitacional<\/a>, dificultades econ\u00f3micas, inseguridad alimentaria, necesidades de transporte, nutrici\u00f3n y educaci\u00f3n) y se emple\u00f3 un electrocardiograma mejorado con <a class=\"ft-link ft-link--decoration\" href=\"https:\/\/www.elperiodico.com\/es\/temas\/inteligencia-artificial-35313\" rel=\"nofollow noopener\" target=\"_blank\">inteligencia artificial <\/a><strong>para estimar la edad cardiaca. <\/strong><\/p>\n<p class=\"ft-text\">Seg\u00fan describen los investigadores, emplearon modelos <strong>de ecuaciones estructurales<\/strong> para mapear las conexiones entre los determinantes sociales, los factores de riesgo convencionales y la diferencia de edad cardiaca. Una mayor diferencia de edad card\u00edaca significa que <strong>el coraz\u00f3n es biol\u00f3gicamente m\u00e1s viejo<\/strong> que el individuo, lo que indica un mayor riesgo de enfermedad cardiovascular futura.<\/p>\n<p>Factores sociales<\/p>\n<p class=\"ft-text\"><strong>Los resultados<\/strong> indican que, de todos los determinantes sociales estudiados, la tensi\u00f3n financiera y la <strong>inseguridad alimentaria <\/strong>fueron las m\u00e1s impactantes en el an\u00e1lisis general de la poblaci\u00f3n y estratificado por sexo. El especialista de Mayo Clinic explica que su investigaci\u00f3n se bas\u00f3 en la observaci\u00f3n de que <strong>los factores de riesgo<\/strong> tradicionales no contribuyen por igual a las <a class=\"ft-link ft-link--decoration\" href=\"https:\/\/www.elperiodico.com\/es\/sanidad\/20251216\/hospital-gregorio-maranon-realiza-primer-trasplante-corazon-espana-bebe-meses-124827818\" rel=\"nofollow noopener\" target=\"_blank\">enfermedades cardiovasculares<\/a>. \u00abExisten factores sociales que no identificamos ni indagamos en nuestros pacientes y que podr\u00edan revertir el<strong> <\/strong><a class=\"ft-link ft-link--decoration\" href=\"https:\/\/www.elperiodico.com\/es\/temas\/envejecimiento-28994\" rel=\"nofollow noopener\" target=\"_blank\"><strong>envejecimiento<\/strong><\/a><strong> biol\u00f3gico<\/strong>\u00ab, advierte.<\/p>\n<p class=\"ft-text\">\u00abNuestro estudio destaca el papel crucial de los DSS <strong>en el envejecimiento card\u00edaco<\/strong> y la mortalidad. Identificar los factores de riesgo m\u00e1s importantes para el <a class=\"ft-link ft-link--decoration\" href=\"https:\/\/www.elperiodico.com\/es\/sanidad\/20251201\/personas-vih-sida-doble-riesgo-infarto-124087912\" rel=\"nofollow noopener\" target=\"_blank\">envejecimiento card\u00edaco<\/a> permite una intervenci\u00f3n preventiva espec\u00edfica en la comunidad y empodera a los <a class=\"ft-link ft-link--decoration\" href=\"https:\/\/www.elperiodico.com\/es\/temas\/medicos-29778\" rel=\"nofollow noopener\" target=\"_blank\">m\u00e9dicos<\/a> para que participen en una atenci\u00f3n centrada en el paciente, abordando el contexto social que contribuye a las <strong>enfermedades card\u00edacas<\/strong>\u00ab, destaca el doctor Lerman.<\/p>\n<p data-close=\"closedContent\" class=\"subscribeHideForDisplay\">Suscr\u00edbete para seguir leyendo<\/p>\n","protected":false},"excerpt":{"rendered":"La presi\u00f3n financiera y la inseguridad alimentaria \u2013o lo que es lo mismo, angustiarse por el dinero y&hellip;\n","protected":false},"author":2,"featured_media":305195,"comment_status":"","ping_status":"","sticky":false,"template":"","format":"standard","meta":{"footnotes":""},"categories":[92],"tags":[8971,4835,534,1293,44518,25,24,1292,3424,165,6016,10066,8375,72155,11237,1288,166,23,37347],"class_list":{"0":"post-305194","1":"post","2":"type-post","3":"status-publish","4":"format-standard","5":"has-post-thumbnail","7":"category-salud","8":"tag-comida","9":"tag-corazon","10":"tag-dinero","11":"tag-enfermedades","12":"tag-envejece","13":"tag-es","14":"tag-espana","15":"tag-estudio","16":"tag-factores","17":"tag-health","18":"tag-medicos","19":"tag-paciente","20":"tag-pobreza","21":"tag-preocuparse","22":"tag-rapido","23":"tag-riesgo","24":"tag-salud","25":"tag-spain","26":"tag-tradicionales"},"share_on_mastodon":{"url":"https:\/\/pubeurope.com\/@es\/115775589752839593","error":""},"_links":{"self":[{"href":"https:\/\/www.europesays.com\/es\/wp-json\/wp\/v2\/posts\/305194","targetHints":{"allow":["GET"]}}],"collection":[{"href":"https:\/\/www.europesays.com\/es\/wp-json\/wp\/v2\/posts"}],"about":[{"href":"https:\/\/www.europesays.com\/es\/wp-json\/wp\/v2\/types\/post"}],"author":[{"embeddable":true,"href":"https:\/\/www.europesays.com\/es\/wp-json\/wp\/v2\/users\/2"}],"replies":[{"embeddable":true,"href":"https:\/\/www.europesays.com\/es\/wp-json\/wp\/v2\/comments?post=305194"}],"version-history":[{"count":0,"href":"https:\/\/www.europesays.com\/es\/wp-json\/wp\/v2\/posts\/305194\/revisions"}],"wp:featuredmedia":[{"embeddable":true,"href":"https:\/\/www.europesays.com\/es\/wp-json\/wp\/v2\/media\/305195"}],"wp:attachment":[{"href":"https:\/\/www.europesays.com\/es\/wp-json\/wp\/v2\/media?parent=305194"}],"wp:term":[{"taxonomy":"category","embeddable":true,"href":"https:\/\/www.europesays.com\/es\/wp-json\/wp\/v2\/categories?post=305194"},{"taxonomy":"post_tag","embeddable":true,"href":"https:\/\/www.europesays.com\/es\/wp-json\/wp\/v2\/tags?post=305194"}],"curies":[{"name":"wp","href":"https:\/\/api.w.org\/{rel}","templated":true}]}}