{"id":305197,"date":"2025-12-24T16:55:14","date_gmt":"2025-12-24T16:55:14","guid":{"rendered":"https:\/\/www.europesays.com\/es\/305197\/"},"modified":"2025-12-24T16:55:14","modified_gmt":"2025-12-24T16:55:14","slug":"diptyque-crea-una-version-artistica-y-contemporanea-del-pot-pourri-en-sus-maisons","status":"publish","type":"post","link":"https:\/\/www.europesays.com\/es\/305197\/","title":{"rendered":"Diptyque crea una versi\u00f3n art\u00edstica y contempor\u00e1nea del Pot-Pourri en sus \u2018maisons\u2019"},"content":{"rendered":"<p>Diptyque homenajea a su fundador. La firma parisina especialista en velas de dise\u00f1o presentar\u00e1 el pr\u00f3ximo 15 de enero una versi\u00f3n art\u00edstica y contempor\u00e1nea del Pot-pourri, la famosa mezcla perfumada de flores y frutas secas proveniente de una tradici\u00f3n inglesa apreciada por Desmond Knox-Leet, uno de los fundadores de la\u00a0maison. La marca ha creado una edici\u00f3n limitada de diez piezas \u00fanicas que estar\u00e1n disponibles en las tiendas de Par\u00eds y Londres.<\/p>\n<p>\u00a0<\/p>\n<p>Repensando el objeto para revivir hoy el Pot-pourri hist\u00f3rico, Diptyque recurri\u00f3 a Ionna Vautrin, una arquitecta y dise\u00f1adora industrial francesa reconocida por sus creaciones minimalistas y po\u00e9ticas, <strong>para llevar a cabo este homenaje a su fundador, un gran admirador de la mezcla.<\/strong><\/p>\n<p>\u00a0<\/p>\n<p>Fruto de la imaginaci\u00f3n conjunta de la Maison y la dise\u00f1adora francesa, <strong>este Pot-pourri est\u00e1 formado por hojas, frutas y hierbas secas<\/strong> de la mezcla perfumada original que cobran vida a trav\u00e9s de objetos decorativos en cer\u00e1mica, de formas abstractas y depuradas hechos a mano.<\/p>\n<p>\u00a0<\/p>\n<p>\u00a0<\/p>\n<p class=\"news_featured_text\">Diptyque dispondr\u00e1 de la nueva colecci\u00f3n c\u00e1psula inspirada en el Pot-pourri en su emblem\u00e1tica tienda del n\u00famero 34 de Boulevard Sant-Germain, en Par\u00eds<\/p>\n<p>\u00a0<\/p>\n<p>\u00a0<\/p>\n<p>Diptyque distribuir\u00e1 el nuevo perfume en su emblem\u00e1tica tienda ubicada en el n\u00famero 34 de Boulevard Sant-Germain, en la Rive Gauche del Sena,<strong> la direcci\u00f3n donde se vendi\u00f3 el primer Pot-pourri.\u00a0<\/strong><\/p>\n<p>\u00a0<\/p>\n<p>Adem\u00e1s, <strong>esta reimaginaci\u00f3n del Pot-pourri tambi\u00e9n estar\u00e1 a la venta en la\u00a0maison\u00a0de Diptyque en Londres<\/strong>, ubicada en el n\u00famero 107 de New Bond Street, en el barrio de Mayfair, as\u00ed como en su otro establecimiento en la capital francesa, ubicado en el n\u00famero 7 de la Rue Duphot, en el primer arrondissement.<\/p>\n<p>\u00a0<\/p>\n<p>Este lanzamiento forma parte de la serie de objetos sensibles y at\u00edpicos dise\u00f1ados por Diptyque, que pretende difundir de manera original y delicada el perfume de interior,<strong> pensado para que se convierta en un objeto de decoraci\u00f3n que trascienda con el tiempo.<\/strong><\/p>\n","protected":false},"excerpt":{"rendered":"Diptyque homenajea a su fundador. La firma parisina especialista en velas de dise\u00f1o presentar\u00e1 el pr\u00f3ximo 15 de&hellip;\n","protected":false},"author":2,"featured_media":305198,"comment_status":"","ping_status":"","sticky":false,"template":"","format":"standard","meta":{"footnotes":""},"categories":[81],"tags":[119,123,124,25,24,117,121,122,23,118,120],"class_list":{"0":"post-305197","1":"post","2":"type-post","3":"status-publish","4":"format-standard","5":"has-post-thumbnail","7":"category-ciencia-y-tecnologia","8":"tag-ciencia","9":"tag-ciencia-y-tecnologia","10":"tag-cienciaytecnologia","11":"tag-es","12":"tag-espana","13":"tag-science","14":"tag-science-and-technology","15":"tag-scienceandtechnology","16":"tag-spain","17":"tag-technology","18":"tag-tecnologia"},"share_on_mastodon":{"url":"https:\/\/pubeurope.com\/@es\/115775597764459385","error":""},"_links":{"self":[{"href":"https:\/\/www.europesays.com\/es\/wp-json\/wp\/v2\/posts\/305197","targetHints":{"allow":["GET"]}}],"collection":[{"href":"https:\/\/www.europesays.com\/es\/wp-json\/wp\/v2\/posts"}],"about":[{"href":"https:\/\/www.europesays.com\/es\/wp-json\/wp\/v2\/types\/post"}],"author":[{"embeddable":true,"href":"https:\/\/www.europesays.com\/es\/wp-json\/wp\/v2\/users\/2"}],"replies":[{"embeddable":true,"href":"https:\/\/www.europesays.com\/es\/wp-json\/wp\/v2\/comments?post=305197"}],"version-history":[{"count":0,"href":"https:\/\/www.europesays.com\/es\/wp-json\/wp\/v2\/posts\/305197\/revisions"}],"wp:featuredmedia":[{"embeddable":true,"href":"https:\/\/www.europesays.com\/es\/wp-json\/wp\/v2\/media\/305198"}],"wp:attachment":[{"href":"https:\/\/www.europesays.com\/es\/wp-json\/wp\/v2\/media?parent=305197"}],"wp:term":[{"taxonomy":"category","embeddable":true,"href":"https:\/\/www.europesays.com\/es\/wp-json\/wp\/v2\/categories?post=305197"},{"taxonomy":"post_tag","embeddable":true,"href":"https:\/\/www.europesays.com\/es\/wp-json\/wp\/v2\/tags?post=305197"}],"curies":[{"name":"wp","href":"https:\/\/api.w.org\/{rel}","templated":true}]}}