{"id":305245,"date":"2025-12-24T17:32:09","date_gmt":"2025-12-24T17:32:09","guid":{"rendered":"https:\/\/www.europesays.com\/es\/305245\/"},"modified":"2025-12-24T17:32:09","modified_gmt":"2025-12-24T17:32:09","slug":"las-fotos-que-confirman-el-rumoreado-embarazo-de-zendaya-y-tom-holland","status":"publish","type":"post","link":"https:\/\/www.europesays.com\/es\/305245\/","title":{"rendered":"Las fotos que confirman el rumoreado embarazo de Zendaya y Tom Holland"},"content":{"rendered":"<p><a title=\"Tom Holland\" href=\"https:\/\/www.larazon.es\/cultura\/tom-holland-hospitalizado-urgencia-sufrir-accidente-rodaje-spiderman_2025092268d0b5725f87ee0831f444ac.html\" target=\"_blank\" rel=\"nofollow noopener\">Tom Holland<\/a> y <a title=\"Zendaya\" href=\"https:\/\/www.larazon.es\/lifestyle\/moda\/zendaya-ana-armas-duelo-estilo-desfile-louis-vuitton-louvre_2025093068dbddb83ce0ad1de88fb70e.html\" target=\"_blank\" rel=\"nofollow noopener\">Zendaya<\/a> son una de las parejas de moda en Hollywood. J\u00f3venes, guapos, con much\u00edsimo talento en diversas facetas del arte y ejemplifican el amor m\u00e1s puro. Se conocieron en el set de rodaje en 2017, cuando filmaban juntos \u2018Spiderman: Homecoming\u201d. Atesoraron una buena amistad que, poco a poco, fue desdibujando sus l\u00edmites y dando paso a un sentimiento mayor. Pero siempre protegieron su cercan\u00eda para no despertar el inter\u00e9s del p\u00fablico. Aun as\u00ed, <b>cuatro a\u00f1os m\u00e1s tarde, ya en 2021, dejaron de esconderse y gritaron a los cuatro vientos que estaban enamorados<\/b>. Ahora suman un nuevo hito en su relaci\u00f3n. <\/p>\n<p><b>La pareja de actores espera su primer hijo en com\u00fan. Al menos eso es lo que se especula y se ha convertido en fen\u00f3meno viral<\/b> en las \u00faltimas horas. No hay confirmaci\u00f3n oficial, pero muchas veces \u00e9sta llega cuando la presi\u00f3n medi\u00e1tica y popular es tal, que es imposible mantener el secreto por m\u00e1s tiempo. Y es que unas fotograf\u00edas que pululan por las redes sociales hacen que <b>muchos sentencien que la actriz y cantante est\u00e1 embarazada. <\/b><\/p>\n<p>Zendaya, \u00bfespera su primer hijo con Tom Holland?<\/p>\n<p>Cada vez cobra m\u00e1s fuerza la idea de que as\u00ed es, que la actriz est\u00e1 en estado de buena esperanza y que en los pr\u00f3ximos meses la veremos con un beb\u00e9 en brazos. Una buena nueva que se suma a sus planes de boda, los cuales confirmaron en la \u00faltima gala de los Globo de Oro donde <a title=\"presumi\u00f3 de impresionante anillo de compromiso\" href=\"https:\/\/www.larazon.es\/gente\/famosos\/zendaya-tom-holland-comprometidos_20250107677d3803af2175000148d66b.html\" target=\"_blank\" rel=\"nofollow noopener\">presumi\u00f3 de impresionante anillo de compromiso<\/a>. Ahora, <b>antes de su ansiada boda, se encontrar\u00edan ante el reto de formar una familia, con la llegada de su primer v\u00e1stago<\/b>. Una idea que cada vez cobra m\u00e1s fuerza por unas fotograf\u00edas que est\u00e1n dando mucho que hablar, pero tambi\u00e9n por otras pistas que la actriz ha ido dejando a su paso.<\/p>\n<p>Siempre discretos, no confirman ni desmienten nada. Dejan que otros especulen sobre sus novedades. As\u00ed est\u00e1 sucediendo ahora, tras ver las fotograf\u00edas resultantes de un plan familiar con los Holland de lo m\u00e1s divertido. Uno en el que Zendaya completa su outfit con <b>amplios ropajes que eviten que las miradas se posen en su anatom\u00eda<\/b>. Un abrigo de pa\u00f1o verde caqui muy ancho le ayuda en su tarea, aunque es apreciable un <b>abultamiento sospechoso en la zona del vientre que muchos identifican con un embarazo<\/b>. \u00daltimamente vista cada vez m\u00e1s as\u00ed en sus salidas privadas, con indumentaria oversize que eviten especulaciones pero que, al final, las alimenta cada vez m\u00e1s. <\/p>\n","protected":false},"excerpt":{"rendered":"Tom Holland y Zendaya son una de las parejas de moda en Hollywood. J\u00f3venes, guapos, con much\u00edsimo talento&hellip;\n","protected":false},"author":2,"featured_media":305246,"comment_status":"","ping_status":"","sticky":false,"template":"","format":"standard","meta":{"footnotes":""},"categories":[174],"tags":[255,146,147,25,24,256,23],"class_list":{"0":"post-305245","1":"post","2":"type-post","3":"status-publish","4":"format-standard","5":"has-post-thumbnail","7":"category-famosos","8":"tag-celebrities","9":"tag-entertainment","10":"tag-entretenimiento","11":"tag-es","12":"tag-espana","13":"tag-famosos","14":"tag-spain"},"share_on_mastodon":{"url":"https:\/\/pubeurope.com\/@es\/115775743149664688","error":""},"_links":{"self":[{"href":"https:\/\/www.europesays.com\/es\/wp-json\/wp\/v2\/posts\/305245","targetHints":{"allow":["GET"]}}],"collection":[{"href":"https:\/\/www.europesays.com\/es\/wp-json\/wp\/v2\/posts"}],"about":[{"href":"https:\/\/www.europesays.com\/es\/wp-json\/wp\/v2\/types\/post"}],"author":[{"embeddable":true,"href":"https:\/\/www.europesays.com\/es\/wp-json\/wp\/v2\/users\/2"}],"replies":[{"embeddable":true,"href":"https:\/\/www.europesays.com\/es\/wp-json\/wp\/v2\/comments?post=305245"}],"version-history":[{"count":0,"href":"https:\/\/www.europesays.com\/es\/wp-json\/wp\/v2\/posts\/305245\/revisions"}],"wp:featuredmedia":[{"embeddable":true,"href":"https:\/\/www.europesays.com\/es\/wp-json\/wp\/v2\/media\/305246"}],"wp:attachment":[{"href":"https:\/\/www.europesays.com\/es\/wp-json\/wp\/v2\/media?parent=305245"}],"wp:term":[{"taxonomy":"category","embeddable":true,"href":"https:\/\/www.europesays.com\/es\/wp-json\/wp\/v2\/categories?post=305245"},{"taxonomy":"post_tag","embeddable":true,"href":"https:\/\/www.europesays.com\/es\/wp-json\/wp\/v2\/tags?post=305245"}],"curies":[{"name":"wp","href":"https:\/\/api.w.org\/{rel}","templated":true}]}}