{"id":305270,"date":"2025-12-24T17:53:12","date_gmt":"2025-12-24T17:53:12","guid":{"rendered":"https:\/\/www.europesays.com\/es\/305270\/"},"modified":"2025-12-24T17:53:12","modified_gmt":"2025-12-24T17:53:12","slug":"el-viaje-de-luis-arbalejo-a-estados-unidos-y-el-futuro-de-joel-soriano","status":"publish","type":"post","link":"https:\/\/www.europesays.com\/es\/305270\/","title":{"rendered":"El viaje de Luis Arbalejo a Estados Unidos y el futuro de Joel Soriano"},"content":{"rendered":"<p>Luis Arbalejo lleg\u00f3 a tiempo de presenciar en el Roig Arena el triunfo del Valencia Basket ante el Baskonia este martes en la Euroliga, con  &#8230; el que el conjunto taronja se marcha segundo de la competici\u00f3n a la Navidad. El director deportivo ha presenciado en los \u00faltimos d\u00edas un tramo del Torneo de Invierno de la G-League, la liga de desarrollo de la NBA, de Orlando. Para actualizar, entre otras cosas, el seguimiento de varios jugadores que est\u00e1n en agenda para tener presente su evoluci\u00f3n. Hay que recordar que en la forma de proceder del club con Arbalejo al frente de la parte deportiva, la plantilla taronja nunca est\u00e1 cerrada en cuanto a altas y bajas y siempre se est\u00e1 atento al mercado.<\/p>\n<p><a href=\"http:\/\/www.lasprovincias.es\/deportes\/valencia-bc\/valencia-basket-marcha-navidad-segundo-euroliga-20251223225650-nt.html#vtm_modulosEngag=mod-rel:deportes:noticia:1:cmp:1-not\" class=\"v-a-link\" aria-label=\"Imagen\" rel=\"nofollow noopener\" target=\"_blank\"><\/p>\n<p><img decoding=\"async\" loading=\"lazy\" src=\"https:\/\/www.europesays.com\/es\/wp-content\/uploads\/2025\/12\/55002179939_4943b56deb_o-U26663242477vvG-366x256@Las Provincias.jpg\" class=\"v-a-img\" width=\"258\" height=\"180\" alt=\"\" data-voc-vtm-id=\"in-text-traffic\"\/><\/p>\n<p><\/a><\/p>\n<p class=\"v-p\">La situaci\u00f3n de Joel Soriano en Zaragoza no ha cambiado una de las decisiones de la temporada, y es que el dominicano jugar\u00e1 cedido hasta junio. Es decir, se descarta su regreso al Valencia Basket este curso. La realidad con el p\u00edvot es que est\u00e1 perdiendo la confianza de Jes\u00fas Ram\u00edrez. Se qued\u00f3 fuera de la convocatoria ante el MoraBanc Andorra, cuando no era necesario hacer un descarte en los ma\u00f1os, y en su \u00faltimo partido jug\u00f3 menos de cuatro minutos en Granada. Mirando el global del curso, Soriano est\u00e1 promediando en la ACB con el equipo aragon\u00e9s 15 minutos en los nueve partidos que ha disputado con unas medias de 7,8 puntos, 4,6 rebotes y 8,2 de valoraci\u00f3n. Ahora, el Valencia Basket explora alguna opci\u00f3n de cesi\u00f3n puesto que lo quiere es que el jugador cuente con los m\u00e1ximos minutos para evaluar su posible regreso la pr\u00f3xima temporada. Varios clubes de la ACB, uno de ellos el Granada, ya han preguntado por su situaci\u00f3n.<\/p>\n<p class=\"v-p\">En el contexto global, la actual plantilla del Valencia Basket est\u00e1 teniendo uno de los problemas de rotaci\u00f3n en el puesto de cinco. Es por ello que tras una actuaci\u00f3n buena de Sako contra el Baskonia, Pedro Mart\u00ednez quiso destacar el trabajo del franc\u00e9s. El t\u00e9cnico sabe que el exjugador del ASVEL y Yankuba Sima tienen que ofrecer un nivel m\u00e1s regular, acorde al del resto del equipo, puesto que si no la temporada se le puede hacer muy larga a Costello y Reuvers.<\/p>\n","protected":false},"excerpt":{"rendered":"Luis Arbalejo lleg\u00f3 a tiempo de presenciar en el Roig Arena el triunfo del Valencia Basket ante el&hellip;\n","protected":false},"author":2,"featured_media":305271,"comment_status":"","ping_status":"","sticky":false,"template":"","format":"standard","meta":{"footnotes":""},"categories":[269],"tags":[72160,299,298,168,25,24,4217,2848,4457,7820,520,23,167,4218,12856],"class_list":{"0":"post-305270","1":"post","2":"type-post","3":"status-publish","4":"format-standard","5":"has-post-thumbnail","7":"category-baloncesto","8":"tag-arbalejo","9":"tag-baloncesto","10":"tag-basketball","11":"tag-deportes","12":"tag-es","13":"tag-espana","14":"tag-estados","15":"tag-futuro","16":"tag-joel","17":"tag-luis","18":"tag-soriano","19":"tag-spain","20":"tag-sports","21":"tag-unidos","22":"tag-viaje"},"share_on_mastodon":{"url":"https:\/\/pubeurope.com\/@es\/115775826372838541","error":""},"_links":{"self":[{"href":"https:\/\/www.europesays.com\/es\/wp-json\/wp\/v2\/posts\/305270","targetHints":{"allow":["GET"]}}],"collection":[{"href":"https:\/\/www.europesays.com\/es\/wp-json\/wp\/v2\/posts"}],"about":[{"href":"https:\/\/www.europesays.com\/es\/wp-json\/wp\/v2\/types\/post"}],"author":[{"embeddable":true,"href":"https:\/\/www.europesays.com\/es\/wp-json\/wp\/v2\/users\/2"}],"replies":[{"embeddable":true,"href":"https:\/\/www.europesays.com\/es\/wp-json\/wp\/v2\/comments?post=305270"}],"version-history":[{"count":0,"href":"https:\/\/www.europesays.com\/es\/wp-json\/wp\/v2\/posts\/305270\/revisions"}],"wp:featuredmedia":[{"embeddable":true,"href":"https:\/\/www.europesays.com\/es\/wp-json\/wp\/v2\/media\/305271"}],"wp:attachment":[{"href":"https:\/\/www.europesays.com\/es\/wp-json\/wp\/v2\/media?parent=305270"}],"wp:term":[{"taxonomy":"category","embeddable":true,"href":"https:\/\/www.europesays.com\/es\/wp-json\/wp\/v2\/categories?post=305270"},{"taxonomy":"post_tag","embeddable":true,"href":"https:\/\/www.europesays.com\/es\/wp-json\/wp\/v2\/tags?post=305270"}],"curies":[{"name":"wp","href":"https:\/\/api.w.org\/{rel}","templated":true}]}}