{"id":305290,"date":"2025-12-24T18:09:31","date_gmt":"2025-12-24T18:09:31","guid":{"rendered":"https:\/\/www.europesays.com\/es\/305290\/"},"modified":"2025-12-24T18:09:31","modified_gmt":"2025-12-24T18:09:31","slug":"la-primera-navidad-de-la-paz-de-leon-xiv","status":"publish","type":"post","link":"https:\/\/www.europesays.com\/es\/305290\/","title":{"rendered":"La primera \u00abNavidad de la paz\u00bb de Le\u00f3n XIV"},"content":{"rendered":"<p>Siete meses despu\u00e9s del inicio de su pontificado, el Papa se prepara para celebrar por primera vez los ritos navide\u00f1os. <\/p>\n<p><b>Vatican News<\/b><\/p>\n<p>\u00abLa Navidad del Se\u00f1or es la Navidad de la Paz\u00bb. El Papa Le\u00f3n vuelve a recordar uno de los temas fundamentales de su magisterio en la tarjeta, elaborada por la Prefectura de la Casa Pontificia, con la que transmite sus primeros deseos en la Natividad del Se\u00f1or y en el Jubileo de la esperanza. La frase elegida est\u00e1 tomada del Serm\u00f3n 26 del primer papa que llev\u00f3 su nombre, san Le\u00f3n Magno. La imagen de la portada reproduce un mosaico realizado por el artista italiano Alberto Salietti (1892-1961) para el apartamento pontificio en 1955.<\/p>\n<p>    <img decoding=\"async\" src=\"data:image\/gif;base64,R0lGODlhAQABAIAAAAAAAP\/\/\/yH5BAEAAAAALAAAAAABAAEAAAIBRAA7\" data-original=\"https:\/\/www.vaticannews.va\/content\/dam\/vaticannews\/multimedia\/2025\/dicembre\/24\/Screenshot-2025-12-24-alle-10.15.24aem2.jpg\/_jcr_content\/renditions\/cq5dam.thumbnail.cropped.750.422.jpeg\" alt=\"La tarjeta de felicitaci\u00f3n del Papa\" title=\"La tarjeta de felicitaci\u00f3n del Papa\"\/><\/p>\n<p>\n   La tarjeta de felicitaci\u00f3n del Papa\n  <\/p>\n<p>La noche, 23 de diciembre, el Papa Le\u00f3n, al responder a las preguntas de los periodistas a las puertas de Villa Barberini en Castel Gandolfo, pidi\u00f3 a las personas de buena voluntad \u00abal menos en la fiesta del nacimiento del Salvador, un d\u00eda de paz\u00bb. Esa paz \u00abdesarmada y desarmante\u00bb que hab\u00eda invocado desde la Loggia delle Benedizioni, nada m\u00e1s ser elegido Sucesor de Pedro.<\/p>\n<p>Los ritos de la Navidad <\/p>\n<p>El Pont\u00edfice se dispone, pues, a celebrar los ritos de la Navidad a partir de esta noche, 24 de diciembre, cuando a las 22 horas presidir\u00e1 en la Bas\u00edlica Vaticana la Misa de Nochebuena por la solemnidad de la Natividad del Se\u00f1or. Al d\u00eda siguiente, 25 de diciembre, celebrar\u00e1 la misa del d\u00eda en San Pedro, a las 10:00, seguida de la bendici\u00f3n \u00abUrbi et Orbi\u00bb a las 12:00, desde la Logia central de la Bas\u00edlica.\u00a0<\/p>\n<p>     <a href=\"https:\/\/www.vaticannews.va\/es\/papa\/news\/2025-12\/papa-periodistas-castel-gandolfo-paz-navidad-23-dic-2025.html\" title=\"Le\u00f3n XIV pide que en Navidad haya 24 horas de paz en todo el mundo\" rel=\"nofollow noopener\" target=\"_blank\"><\/p>\n<p>        <img decoding=\"async\" src=\"data:image\/gif;base64,R0lGODlhAQABAIAAAAAAAP\/\/\/yH5BAEAAAAALAAAAAABAAEAAAIBRAA7\" data-original=\"https:\/\/www.vaticannews.va\/content\/dam\/vaticannews\/multimedia\/2025\/dicembre\/23\/WhatsApp-Image-2025-12-23-at-20.39.00.jpg\/_jcr_content\/renditions\/cq5dam.thumbnail.cropped.500.281.jpeg\" alt=\"Le\u00f3n XIV pide que en Navidad haya 24 horas de paz en todo el mundo\"\/><\/p>\n<p>      <\/a><\/p>\n<p>\n      En Castel Gandolfo, el Papa responde a las preguntas de los periodistas a la salida de Villa Barberini. Sobre Ucrania, expresa su tristeza por el rechazo de Rusia a una tregua &#8230;\n     <\/p>\n<p>El 26 de diciembre, d\u00eda Santo Esteban primer m\u00e1rtir de la Iglesia, el Papa recitar\u00e1 la oraci\u00f3n del \u00c1ngelus en la Plaza de San Pedro, al igual que el domingo 28 de diciembre. Para concluir el a\u00f1o 2025, el mi\u00e9rcoles 31 de diciembre, el Papa celebrar\u00e1 la audiencia general y, por la tarde, a las 17:00 horas, las Primeras V\u00edsperas de la solemnidad de Mar\u00eda Sant\u00edsima Madre de Dios,\u00a0 y el Te Deum en acci\u00f3n de gracias por el a\u00f1o transcurrido.<\/p>\n<p>Las celebraciones de enero <\/p>\n<p>El 1 de enero de 2026, en la Bas\u00edlica de San Pedro, a las 10:00, se celebrar\u00e1 la Misa por la 59\u00aa Jornada Mundial de la Paz. Para la ocasi\u00f3n, Le\u00f3n XIV ha escrito un <a href=\"https:\/\/www.vaticannews.va\/es\/papa\/news\/2025-12\/papa-leon-xiv-en-la-jornada-mundial-de-la-paz-2026-mensaje.html\" target=\"_blank\" rel=\"nofollow noopener\">mensaje sobre el tema: \u00ab La paz est\u00e9 con todos ustedes: hacia una paz \u201cdesarmada y desarmante\u00bb<\/a>, en el que se encuentra una fuerte denuncia contra la carrera armament\u00edstica que se est\u00e1 produciendo en el mundo; de hecho, los datos indican un aumento del 9,4 % en 2024 del gasto militar.<\/p>\n<p>El domingo 4 de enero de 2026, el \u00c1ngelus en la Plaza de San Pedro y el d\u00eda 6, Epifan\u00eda del Se\u00f1or, a las 9.30, la misa y el cierre de la Puerta Santa con la conclusi\u00f3n del Jubileo 2025 dedicado a la esperanza. El domingo 11 de enero es la fiesta del Bautismo del Se\u00f1or, el Papa celebrar\u00e1 la misa en la Capilla Sixtina y administrar\u00e1 el sacramento a algunos ni\u00f1os.<\/p>\n<p>La misa de Navidad <\/p>\n<p>En el calendario de celebraciones papales, Le\u00f3n XIV introdujo de nuevo la misa del d\u00eda de Navidad, que sus predecesores, el Papa Francisco y el Papa Benedicto XIV, nunca celebraron. De hecho, la \u00faltima vez fue con San Juan Pablo II, el 25 de diciembre de 1994.<\/p>\n","protected":false},"excerpt":{"rendered":"Siete meses despu\u00e9s del inicio de su pontificado, el Papa se prepara para celebrar por primera vez los&hellip;\n","protected":false},"author":2,"featured_media":305291,"comment_status":"","ping_status":"","sticky":false,"template":"","format":"standard","meta":{"footnotes":""},"categories":[42],"tags":[38342,17,18,13,14,11,61,62,63,64,19,20,2951,9,10,15,16,400,11506,12,21,22,403,65,66,67],"class_list":{"0":"post-305290","1":"post","2":"type-post","3":"status-publish","4":"format-standard","5":"has-post-thumbnail","7":"category-internacional","8":"tag-basilica-di-san-pietro","9":"tag-breaking-news","10":"tag-breakingnews","11":"tag-featured-news","12":"tag-featurednews","13":"tag-headlines","14":"tag-internacional","15":"tag-international","16":"tag-international-news","17":"tag-internationalnews","18":"tag-latest-news","19":"tag-latestnews","20":"tag-navidad","21":"tag-news","22":"tag-noticias","23":"tag-noticias-destacadas","24":"tag-noticiasdestacadas","25":"tag-papa-leon-xiv","26":"tag-paz","27":"tag-titulares","28":"tag-ultimas-noticias","29":"tag-ultimasnoticias","30":"tag-vaticano","31":"tag-world","32":"tag-world-news","33":"tag-worldnews"},"share_on_mastodon":{"url":"https:\/\/pubeurope.com\/@es\/115775888624026426","error":""},"_links":{"self":[{"href":"https:\/\/www.europesays.com\/es\/wp-json\/wp\/v2\/posts\/305290","targetHints":{"allow":["GET"]}}],"collection":[{"href":"https:\/\/www.europesays.com\/es\/wp-json\/wp\/v2\/posts"}],"about":[{"href":"https:\/\/www.europesays.com\/es\/wp-json\/wp\/v2\/types\/post"}],"author":[{"embeddable":true,"href":"https:\/\/www.europesays.com\/es\/wp-json\/wp\/v2\/users\/2"}],"replies":[{"embeddable":true,"href":"https:\/\/www.europesays.com\/es\/wp-json\/wp\/v2\/comments?post=305290"}],"version-history":[{"count":0,"href":"https:\/\/www.europesays.com\/es\/wp-json\/wp\/v2\/posts\/305290\/revisions"}],"wp:featuredmedia":[{"embeddable":true,"href":"https:\/\/www.europesays.com\/es\/wp-json\/wp\/v2\/media\/305291"}],"wp:attachment":[{"href":"https:\/\/www.europesays.com\/es\/wp-json\/wp\/v2\/media?parent=305290"}],"wp:term":[{"taxonomy":"category","embeddable":true,"href":"https:\/\/www.europesays.com\/es\/wp-json\/wp\/v2\/categories?post=305290"},{"taxonomy":"post_tag","embeddable":true,"href":"https:\/\/www.europesays.com\/es\/wp-json\/wp\/v2\/tags?post=305290"}],"curies":[{"name":"wp","href":"https:\/\/api.w.org\/{rel}","templated":true}]}}