{"id":305292,"date":"2025-12-24T18:11:38","date_gmt":"2025-12-24T18:11:38","guid":{"rendered":"https:\/\/www.europesays.com\/es\/305292\/"},"modified":"2025-12-24T18:11:38","modified_gmt":"2025-12-24T18:11:38","slug":"revuelta-en-el-psoe-de-aragon-por-la-purga-de-fieles-a-lamban-en-las-listas","status":"publish","type":"post","link":"https:\/\/www.europesays.com\/es\/305292\/","title":{"rendered":"Revuelta en el PSOE de Arag\u00f3n por la purga de fieles a Lamb\u00e1n en las listas"},"content":{"rendered":"<p>El <a href=\"https:\/\/theobjective.com\/etiqueta\/psoe\/\" rel=\"nofollow noopener\" target=\"_blank\">PSOE<\/a> de <a href=\"https:\/\/theobjective.com\/etiqueta\/aragon\/\" rel=\"nofollow noopener\" target=\"_blank\">Arag\u00f3n<\/a> est\u00e1 viviendo una revuelta interna desde la llegada de la exministra de Educaci\u00f3n <a href=\"https:\/\/theobjective.com\/etiqueta\/pilar-alegria\/\" rel=\"nofollow noopener\" target=\"_blank\">Pilar Alegr\u00eda<\/a> como nueva l\u00edder de la formaci\u00f3n regional de cara a las elecciones del pr\u00f3ximo 8 de febrero. De momento, hasta<strong> cinco miembros del partido en la regi\u00f3n han rechazado figurar<\/strong> en las listas conformadas por Alegr\u00eda para los comicios al no ocupar puestos de salida, seg\u00fan ha adelantado El Mundo y ha podido confirmar <a href=\"https:\/\/theobjective.com\/\" rel=\"nofollow noopener\" target=\"_blank\">THE OBJECTIVE.<\/a><\/p>\n<p>En concreto, tres de ellos son diputados por <strong>Zaragoza<\/strong>: la portavoz adjunta en las Cortes regionales, Leticia Soria; el alcalde de Cari\u00f1ena, Sergio Ortiz; y la portavoz de bienestar social, Pilar Mar\u00eda Zamora. Los otros dos, de <strong>Teruel<\/strong>, son \u00c1ngel Peralta, secretario general de las Juventudes en Teruel, y Silvia Jimeno, alcaldesa de La Mata de los Olmos.<\/p>\n<p>Todos ellos han declinado ocupar puestos en la lista tras haber sido relegados a n\u00fameros inferiores y ante la perspectiva de<strong> \u00abun resultado nefasto\u00bb <\/strong>en los comicios del pr\u00f3ximo febrero y, por tanto, las escasas posibilidades de que la formaci\u00f3n supere los diez esca\u00f1os en Zaragoza -la mayor provincia de la regi\u00f3n- y <strong>solo 17-18 en el c\u00f3mputo de la regi\u00f3n<\/strong>, cuatro o cinco menos que en la actualidad. Adem\u00e1s, en las filas socialistas no descartan que el PSOE quede en tercer lugar en la provincia de Teruel por detr\u00e1s del PP y Arag\u00f3n Existe.  \u00ab<strong>Todo lo que huele a Lamb\u00e1n es aniquilado<\/strong>\u00bb, han considerado fuentes cercanas al exl\u00edder socialista en Arag\u00f3n.<\/p>\n<p>La exministra ha optado por crear un equipo af\u00edn y con gran peso org\u00e1nico, pensando, tambi\u00e9n, en afrontar una recomposici\u00f3n tras el previsible peor resultado electoral del PSOE en la regi\u00f3n. Soria, a quien han ofrecido ir n\u00famero 13 en las listas, considera que este puesto<strong> \u00abes humillante\u00bb<\/strong>, seg\u00fan ha relatado a El Mundo.<\/p>\n<p>Estas renuncias llegan despu\u00e9s de que, en la presentaci\u00f3n de las listas, Alegr\u00eda volviera a hacer un llamamiento a la \u00abunidad\u00bb en su partido y asegurar que se presenta a los comicios <strong>\u00abcon ganas, fuerza y convicci\u00f3n\u00bb<\/strong>. De igual forma, pidi\u00f3 \u00abm\u00e1xima implicaci\u00f3n\u00bb y \u00abresponsabilidad\u00bb en la campa\u00f1a, pidi\u00f3 estar preparados para la \u00abcascada de insultos y desprecios\u00bb que espera recibir del PP. <\/p>\n","protected":false},"excerpt":{"rendered":"El PSOE de Arag\u00f3n est\u00e1 viviendo una revuelta interna desde la llegada de la exministra de Educaci\u00f3n Pilar&hellip;\n","protected":false},"author":2,"featured_media":305293,"comment_status":"","ping_status":"","sticky":false,"template":"","format":"standard","meta":{"footnotes":""},"categories":[8],"tags":[72164,17,18,25,24,13,14,11,72165,19,20,9,10,15,16,72166,1699,23,12731,12,21,22,491],"class_list":{"0":"post-305292","1":"post","2":"type-post","3":"status-publish","4":"format-standard","5":"has-post-thumbnail","7":"category-espana","8":"tag-aragu00f3n","9":"tag-breaking-news","10":"tag-breakingnews","11":"tag-es","12":"tag-espana","13":"tag-featured-news","14":"tag-featurednews","15":"tag-headlines","16":"tag-javier-lambu00e1n","17":"tag-latest-news","18":"tag-latestnews","19":"tag-news","20":"tag-noticias","21":"tag-noticias-destacadas","22":"tag-noticiasdestacadas","23":"tag-pilar-alegru00eda","24":"tag-psoe","25":"tag-spain","26":"tag-teruel","27":"tag-titulares","28":"tag-ultimas-noticias","29":"tag-ultimasnoticias","30":"tag-zaragoza"},"share_on_mastodon":{"url":"https:\/\/pubeurope.com\/@es\/115775896489408197","error":""},"_links":{"self":[{"href":"https:\/\/www.europesays.com\/es\/wp-json\/wp\/v2\/posts\/305292","targetHints":{"allow":["GET"]}}],"collection":[{"href":"https:\/\/www.europesays.com\/es\/wp-json\/wp\/v2\/posts"}],"about":[{"href":"https:\/\/www.europesays.com\/es\/wp-json\/wp\/v2\/types\/post"}],"author":[{"embeddable":true,"href":"https:\/\/www.europesays.com\/es\/wp-json\/wp\/v2\/users\/2"}],"replies":[{"embeddable":true,"href":"https:\/\/www.europesays.com\/es\/wp-json\/wp\/v2\/comments?post=305292"}],"version-history":[{"count":0,"href":"https:\/\/www.europesays.com\/es\/wp-json\/wp\/v2\/posts\/305292\/revisions"}],"wp:featuredmedia":[{"embeddable":true,"href":"https:\/\/www.europesays.com\/es\/wp-json\/wp\/v2\/media\/305293"}],"wp:attachment":[{"href":"https:\/\/www.europesays.com\/es\/wp-json\/wp\/v2\/media?parent=305292"}],"wp:term":[{"taxonomy":"category","embeddable":true,"href":"https:\/\/www.europesays.com\/es\/wp-json\/wp\/v2\/categories?post=305292"},{"taxonomy":"post_tag","embeddable":true,"href":"https:\/\/www.europesays.com\/es\/wp-json\/wp\/v2\/tags?post=305292"}],"curies":[{"name":"wp","href":"https:\/\/api.w.org\/{rel}","templated":true}]}}