{"id":305300,"date":"2025-12-24T18:27:44","date_gmt":"2025-12-24T18:27:44","guid":{"rendered":"https:\/\/www.europesays.com\/es\/305300\/"},"modified":"2025-12-24T18:27:44","modified_gmt":"2025-12-24T18:27:44","slug":"stephen-curry-ha-puesto-patas-arriba-la-nba-con-su-ultima-decision-y-sus-rivales-le-prestan-sus-zapatillas-a-la-espera-de-un-contrato-millonario","status":"publish","type":"post","link":"https:\/\/www.europesays.com\/es\/305300\/","title":{"rendered":"Stephen Curry ha puesto patas arriba la NBA con su \u00faltima decisi\u00f3n y sus rivales le prestan sus zapatillas a la espera de un contrato millonario"},"content":{"rendered":"<p class=\"article-text\">\n        Las<strong> l\u00edneas de zapatillas firmadas por jugadores de la NBA<\/strong> representan una de las mayores expresiones de identidad y negocio del baloncesto moderno. Cada modelo nace del estilo y la imagen de un deportista que trasciende la cancha, como LeBron James, Kevin Durant o Giannis Antetokounmpo, cuyas series con Nike reflejan su dominio en distintas posiciones del juego. A ellas se suman las de Damian Lillard con Adidas o las de Kawhi Leonard con New Balance, que combinan innovaci\u00f3n t\u00e9cnica y marketing personal.\n    <\/p>\n<p>    <a href=\"https:\/\/www.eldiario.es\/spin\/deportes\/jugador-nba-asegura-estando-colegio-seria-superior-jugadora-wnba-sophie-cunningham-mayores-estrellas-le-da-razon-pm_1_12794781.html\" data-mrf-recirculation=\"saber-mas\" data-dl-event=\"saber-mas\" rel=\"nofollow noopener\" target=\"_blank\"><\/p>\n<p class=\"know-more__title\">Un jugador de la NBA asegura que aun estando en el colegio ser\u00eda superior a cualquier jugadora de la WNBA y Sophie Cunningham le da la raz\u00f3n<\/p>\n<p>            <img decoding=\"async\" class=\"lazy\" loading=\"lazy\" data-src=\"https:\/\/static.eldiario.es\/clip\/08820c89-355c-4962-9eeb-b9e9b9d6f8b4_16-9-aspect-ratio_default_0.jpg\" src=\"data:image\/svg+xml,%3Csvg xmlns=\" http:=\"\" viewbox=\"0 0 880 495\" alt=\"Un jugador de la NBA asegura que aun estando en el colegio ser\u00eda superior a cualquier jugadora de la WNBA y Sophie Cunningham le da la raz\u00f3n\"\/><\/p>\n<p>                        <\/a><\/p>\n<p class=\"article-text\">\n        Este fen\u00f3meno ha convertido a los jugadores en<strong> aut\u00e9nticos embajadores de marca <\/strong>que dise\u00f1an productos adaptados a su forma de competir y a su influencia cultural. Las colaboraciones entre atletas y fabricantes generan comunidades de seguidores que esperan cada lanzamiento como un acontecimiento, y as\u00ed el <strong>mercado de las zapatillas se ha consolidado como una extensi\u00f3n del espect\u00e1culo deportivo y una plataforma de identidad global<\/strong>, con ello reforzando la figura del jugador como creador de tendencias y empresario al mismo tiempo.\n    <\/p>\n<p>    El final del acuerdo se visualiz\u00f3 en la pista con un cambio llamativo<\/p>\n<p class=\"article-text\">\n        <strong>Stephen Curry<\/strong> se convirti\u00f3 en agente libre tras poner fin a su acuerdo con <strong>Under Armour, <\/strong>lo que marc\u00f3 un giro hist\u00f3rico en el mercado de las zapatillas deportivas. El base de los<strong> Golden State Warriors <\/strong>puso t\u00e9rmino a una relaci\u00f3n de 12 a\u00f1os con la marca, una ruptura que transform\u00f3 al cuatro veces campe\u00f3n de la NBA en el protagonista de la mayor historia reciente del sector.\n    <\/p>\n<p class=\"article-text\">\n        El fin de la alianza fue anunciado el 14 de noviembre, cuando Curry jug\u00f3 ante los San Antonio Spurs con unas<strong> Nike Kobe 6 <\/strong><strong>Mambacita<\/strong>, sus primeras zapatillas no fabricadas por Under Armour desde 2013. Un d\u00eda antes se hab\u00eda conocido la separaci\u00f3n formal, que inclu\u00eda la continuidad de<strong> lanzamientos como el modelo Curry 13<\/strong> previsto para febrero de 2026 y la cesi\u00f3n de los derechos de sus logotipos al jugador. Seg\u00fan el medio especializado Sole Retriever, la marca permiti\u00f3 que Curry conservara los registros de su emblema <strong>Splash<\/strong> y que la <strong>Curry Brand<\/strong> siguiera activa como entidad independiente dentro del nuevo escenario.\n    <\/p>\n<blockquote class=\"twitter-tweet\" data-lang=\"es\"><p><a href=\"https:\/\/twitter.com\/X\/status\/1995965508055871961?ref_src=twsrc%5Etfw\" rel=\"nofollow noopener\" target=\"_blank\"><\/p><\/blockquote>\n<p class=\"article-text\">\n        La decisi\u00f3n se produjo tras un<strong> periodo de reestructuraci\u00f3n <\/strong>de Under Armour y una fuerte ca\u00edda en su cotizaci\u00f3n.<strong> Kevin Plank<\/strong>, fundador y consejero delegado, explic\u00f3 que la empresa necesitaba centrarse en la recuperaci\u00f3n de su marca principal. \u201cEs el momento de que cada equipo haga lo que mejor sabe hacer\u201d, se\u00f1al\u00f3 en un comunicado que marc\u00f3 el final de una colaboraci\u00f3n que en 2023 se hab\u00eda ampliado mediante un <strong>contrato vitalicio valorado en hasta 1.000 millones de d\u00f3lares<\/strong>.\n    <\/p>\n<p class=\"article-text\">\n        Curry, por su parte, reconoci\u00f3 que el acuerdo se cerr\u00f3 \u201cen beneficio de ambas partes\u201d, aunque<strong> expres\u00f3 cierta decepci\u00f3n por c\u00f3mo evolucion\u00f3 el proyecto de su l\u00ednea personal <\/strong>tras el impulso que hab\u00eda tenido durante los \u00faltimos a\u00f1os.\n    <\/p>\n<p>    El futuro apunta a modelos independientes poco comunes en la liga<\/p>\n<p class=\"article-text\">\n        El jugador ya hab\u00eda vivido una<strong> ruptura similar con Nike en 2013<\/strong>, cuando la marca perdi\u00f3 la oportunidad de renovarlo tras un error en una presentaci\u00f3n comercial. Aquella decisi\u00f3n llev\u00f3 a Curry a firmar con Under Armour, donde construy\u00f3<strong> una de las l\u00edneas m\u00e1s reconocibles del mercado<\/strong>. Su salida actual se considera una de las p\u00e9rdidas m\u00e1s grandes de la industria del calzado deportivo, comparable a los casos de Michael Jordan, LeBron James o Kobe Bryant cuando cambiaron de empresa o iniciaron marcas bajo su propio control.\n    <\/p>\n<blockquote class=\"twitter-tweet\" data-lang=\"es\"><p><a href=\"https:\/\/twitter.com\/X\/status\/2001843951708586393?ref_src=twsrc%5Etfw\" rel=\"nofollow noopener\" target=\"_blank\"><\/p><\/blockquote>\n<p class=\"article-text\">\n        De cara al futuro, Curry podr\u00eda mantener su marca de forma independiente o asociarla con una compa\u00f1\u00eda extranjera, siguiendo modelos como los de Roger Federer con On o Tiger Woods con TaylorMade. La posibilidad de que la<strong> Curry Brand funcione como empresa propia<\/strong> le situar\u00eda junto a Jaylen Brown y Jonathan Isaac, los \u00fanicos jugadores actuales que gestionan sus firmas de zapatillas sin depender de un fabricante global.\n    <\/p>\n<p>    <a href=\"https:\/\/www.eldiario.es\/spin\/deportes\/nba-llegara-proximamente-europa-nueva-competicion-son-ciudades-plaza-fija-pm_1_12787213.html\" data-mrf-recirculation=\"saber-mas-abajo\" data-dl-event=\"saber-mas-abajo\" rel=\"nofollow noopener\" target=\"_blank\"><\/p>\n<p class=\"know-more__title\">LA NBA llegar\u00e1 pr\u00f3ximamente a Europa con una nueva competici\u00f3n: estas son las ciudades que ya tienen una plaza fija<\/p>\n<p>            <img decoding=\"async\" class=\"lazy\" loading=\"lazy\" data-src=\"https:\/\/static.eldiario.es\/clip\/d54e3cd8-29bb-4715-8500-3a10a6484591_16-9-aspect-ratio_default_0.jpg\" src=\"data:image\/svg+xml,%3Csvg xmlns=\" http:=\"\" viewbox=\"0 0 880 495\" alt=\"LA NBA llegar\u00e1 pr\u00f3ximamente a Europa con una nueva competici\u00f3n: estas son las ciudades que ya tienen una plaza fija\"\/><\/p>\n<p>                        <\/a><\/p>\n<p class=\"article-text\">\n        Por el momento, va<strong> alternando zapatillas <\/strong>como las Reebok Shaqnosis de Shaquille O&#8217;Neal, unas Li Ning de su compa\u00f1ero Jimmy Butler, las Nike de Sabrina Ionescu o Devin Book, as\u00ed como las Adidas de Harden o Anthony Edward, aunque tambi\u00e9n ha recurrido, pese a ya no estar con ellos, a Under Armour con las Curry 7. Sea cual sea su elecci\u00f3n, el jugador conserva los derechos de sus s\u00edmbolos y mantiene la <strong>capacidad econ\u00f3mica para mantener su propia operaci\u00f3n<\/strong>, de modo que su siguiente paso podr\u00eda redefinir la relaci\u00f3n entre los atletas y las marcas deportivas en el baloncesto profesional.\n    <\/p>\n<p>                                    <script async src=\"https:\/\/platform.twitter.com\/widgets.js\" charset=\"utf-8\"><\/script><\/p>\n","protected":false},"excerpt":{"rendered":"Las l\u00edneas de zapatillas firmadas por jugadores de la NBA representan una de las mayores expresiones de identidad&hellip;\n","protected":false},"author":2,"featured_media":305301,"comment_status":"","ping_status":"","sticky":false,"template":"","format":"standard","meta":{"footnotes":""},"categories":[269],"tags":[299,298,106,18466,2347,168,25,24,4351,3294,5342,1725,10798,2678,72167,3576,1669,23,167,16983,1885,72168],"class_list":{"0":"post-305300","1":"post","2":"type-post","3":"status-publish","4":"format-standard","5":"has-post-thumbnail","7":"category-baloncesto","8":"tag-baloncesto","9":"tag-basketball","10":"tag-contrato","11":"tag-curry","12":"tag-decision","13":"tag-deportes","14":"tag-es","15":"tag-espana","16":"tag-espera","17":"tag-le","18":"tag-millonario","19":"tag-nba","20":"tag-patas","21":"tag-pm","22":"tag-prestan","23":"tag-puesto","24":"tag-rivales","25":"tag-spain","26":"tag-sports","27":"tag-stephen","28":"tag-ultima","29":"tag-zaptillas"},"share_on_mastodon":{"url":"https:\/\/pubeurope.com\/@es\/115775959414059316","error":""},"_links":{"self":[{"href":"https:\/\/www.europesays.com\/es\/wp-json\/wp\/v2\/posts\/305300","targetHints":{"allow":["GET"]}}],"collection":[{"href":"https:\/\/www.europesays.com\/es\/wp-json\/wp\/v2\/posts"}],"about":[{"href":"https:\/\/www.europesays.com\/es\/wp-json\/wp\/v2\/types\/post"}],"author":[{"embeddable":true,"href":"https:\/\/www.europesays.com\/es\/wp-json\/wp\/v2\/users\/2"}],"replies":[{"embeddable":true,"href":"https:\/\/www.europesays.com\/es\/wp-json\/wp\/v2\/comments?post=305300"}],"version-history":[{"count":0,"href":"https:\/\/www.europesays.com\/es\/wp-json\/wp\/v2\/posts\/305300\/revisions"}],"wp:featuredmedia":[{"embeddable":true,"href":"https:\/\/www.europesays.com\/es\/wp-json\/wp\/v2\/media\/305301"}],"wp:attachment":[{"href":"https:\/\/www.europesays.com\/es\/wp-json\/wp\/v2\/media?parent=305300"}],"wp:term":[{"taxonomy":"category","embeddable":true,"href":"https:\/\/www.europesays.com\/es\/wp-json\/wp\/v2\/categories?post=305300"},{"taxonomy":"post_tag","embeddable":true,"href":"https:\/\/www.europesays.com\/es\/wp-json\/wp\/v2\/tags?post=305300"}],"curies":[{"name":"wp","href":"https:\/\/api.w.org\/{rel}","templated":true}]}}