{"id":305349,"date":"2025-12-24T19:07:21","date_gmt":"2025-12-24T19:07:21","guid":{"rendered":"https:\/\/www.europesays.com\/es\/305349\/"},"modified":"2025-12-24T19:07:21","modified_gmt":"2025-12-24T19:07:21","slug":"holiday-light-el-corto-navideno-que-reivindica-la-magia-de-lo-hecho-a-mano-moda-s-moda","status":"publish","type":"post","link":"https:\/\/www.europesays.com\/es\/305349\/","title":{"rendered":"\u2018Holiday Light\u2019: el corto navide\u00f1o que reivindica la magia de lo hecho a mano | Moda | S Moda"},"content":{"rendered":"<p class=\"\">En un momento en el que la Inteligencia Artificial nos permite transformarnos en personajes de Studio Ghibli o habitar Springfield en cuesti\u00f3n de segundos, la artesan\u00eda, esa que exige oficio y paciencia, adquiere un valor casi subversivo, muy dif\u00edcil de replicar. <a href=\"https:\/\/www.massimodutti.com\/es\/\" target=\"_blank\" rel=\"nofollow noopener\" title=\"https:\/\/www.massimodutti.com\/es\/\"><b>Massimo Dutti<\/b><\/a> lo reivindica en su <b>nueva campa\u00f1a navide\u00f1a, <\/b><b>Holiday Light<\/b>, <b>una celebraci\u00f3n, fotograma a fotograma, de la belleza de lo hecho a mano.<\/b><\/p>\n<p class=\"\">Figuristas, escen\u00f3grafos, estilistas, directoras de arte&#8230; m\u00e1s de 25 artistas han trabajado mano a mano para dar forma a esta f\u00e1bula navide\u00f1a concebida por el estudio creativo Ray Atelier en colaboraci\u00f3n con la marca. Un cortometraje rodado en stop motion donde el tiempo y el oficio marcan el ritmo del relato: m\u00e1s de 2.400 fotogramas nos sumergen en este universo en miniatura, \u00edntimo y profundamente po\u00e9tico.<\/p>\n<p><img decoding=\"auto\" class=\"_re lazyload a_m-h\" height=\"233\"  width=\"414\"  src=\"https:\/\/www.europesays.com\/es\/wp-content\/uploads\/2025\/12\/KIRXCHOIFBBDJH5LFUFFYQBHHE.png\" loading=\"lazy\"\/><\/p>\n<p class=\"\">La historia es una celebraci\u00f3n de la magia de la Navidad, la \u00e9poca del a\u00f1o en la que todo parece posible. En mitad de la noche, una mujer misteriosa y elegante observa a trav\u00e9s de su telescopio c\u00f3mo una <b>peque\u00f1a estrella cae del cielo<\/b>, ti\u00f1endo de luz todo lo que toca. Ser\u00e1 ella quien la rescate de la nieve y, con paciencia y delicadeza, a trav\u00e9s de una largu\u00edsima escalera, la devuelva a su lugar en el firmamento. No hay estridencias ni giros innecesarios: solo una ciudad de postal, envuelta por la noche, el silencio y, por supuesto, la belleza. <\/p>\n<p class=\"\">Porque Holiday Light funciona tambi\u00e9n como <b>una met\u00e1fora del ADN de Massimo Dutti<\/b>. Cada fotograma conecta con esa elegancia serena y atemporal que la marca lleva practicando desde hace d\u00e9cadas: una propuesta urbana y depurada que prioriza la calidad frente a las tendencias ef\u00edmeras. Los tonos neutros, las l\u00edneas limpias y una sensibilidad casi arquitect\u00f3nica encuentran su reflejo en este on\u00edrico escenario. <\/p>\n<p><img decoding=\"auto\" class=\"_re lazyload a_m-h\" height=\"233\"  width=\"414\"  src=\"https:\/\/www.europesays.com\/es\/wp-content\/uploads\/2025\/12\/5DC7J6OIT5EJZHXCXURGLPLAHM.png\" loading=\"lazy\"\/><\/p>\n<p class=\"\">La elecci\u00f3n del stop motion tampoco es casual. En un sector que mira constantemente hacia la innovaci\u00f3n tecnol\u00f3gica, <b>la marca reivindica el <\/b><b>savoir faire<\/b><b> como lujo contempor\u00e1neo<\/b>. Cada textura, cada imperfecci\u00f3n, cada gesto refuerzan un mismo mensaje: la verdadera sofisticaci\u00f3n no necesita artificios. Exactamente como sus prendas, construidas de la coherencia est\u00e9tica y la belleza silenciosa.<\/p>\n<p class=\"\">La nueva campa\u00f1a de Massimo Dutti no solo celebra la Navidad, plantea una <b>reflexi\u00f3n m\u00e1s profunda sobre el valor del tiempo, el trabajo bien hecho<\/b> y la emoci\u00f3n que solo lo artesanal puede generar. Un recordatorio necesario de que, incluso en la era de la Inteligencia Artificial, hay historias que solo pueden contarse con las manos. Y prendas que parecen un regalo ca\u00eddo del cielo. <\/p>\n","protected":false},"excerpt":{"rendered":"En un momento en el que la Inteligencia Artificial nos permite transformarnos en personajes de Studio Ghibli o&hellip;\n","protected":false},"author":2,"featured_media":305350,"comment_status":"","ping_status":"","sticky":false,"template":"","format":"standard","meta":{"footnotes":""},"categories":[91],"tags":[146,147,25,24,24423,1023,2951,23],"class_list":{"0":"post-305349","1":"post","2":"type-post","3":"status-publish","4":"format-standard","5":"has-post-thumbnail","7":"category-entretenimiento","8":"tag-entertainment","9":"tag-entretenimiento","10":"tag-es","11":"tag-espana","12":"tag-massimo-dutti","13":"tag-moda","14":"tag-navidad","15":"tag-spain"},"share_on_mastodon":{"url":"https:\/\/pubeurope.com\/@es\/115776117409991130","error":""},"_links":{"self":[{"href":"https:\/\/www.europesays.com\/es\/wp-json\/wp\/v2\/posts\/305349","targetHints":{"allow":["GET"]}}],"collection":[{"href":"https:\/\/www.europesays.com\/es\/wp-json\/wp\/v2\/posts"}],"about":[{"href":"https:\/\/www.europesays.com\/es\/wp-json\/wp\/v2\/types\/post"}],"author":[{"embeddable":true,"href":"https:\/\/www.europesays.com\/es\/wp-json\/wp\/v2\/users\/2"}],"replies":[{"embeddable":true,"href":"https:\/\/www.europesays.com\/es\/wp-json\/wp\/v2\/comments?post=305349"}],"version-history":[{"count":0,"href":"https:\/\/www.europesays.com\/es\/wp-json\/wp\/v2\/posts\/305349\/revisions"}],"wp:featuredmedia":[{"embeddable":true,"href":"https:\/\/www.europesays.com\/es\/wp-json\/wp\/v2\/media\/305350"}],"wp:attachment":[{"href":"https:\/\/www.europesays.com\/es\/wp-json\/wp\/v2\/media?parent=305349"}],"wp:term":[{"taxonomy":"category","embeddable":true,"href":"https:\/\/www.europesays.com\/es\/wp-json\/wp\/v2\/categories?post=305349"},{"taxonomy":"post_tag","embeddable":true,"href":"https:\/\/www.europesays.com\/es\/wp-json\/wp\/v2\/tags?post=305349"}],"curies":[{"name":"wp","href":"https:\/\/api.w.org\/{rel}","templated":true}]}}