{"id":305353,"date":"2025-12-24T19:09:11","date_gmt":"2025-12-24T19:09:11","guid":{"rendered":"https:\/\/www.europesays.com\/es\/305353\/"},"modified":"2025-12-24T19:09:11","modified_gmt":"2025-12-24T19:09:11","slug":"el-oro-supera-los-4-500-dolares-el-cobre-y-la-plata-en-valores-maximos","status":"publish","type":"post","link":"https:\/\/www.europesays.com\/es\/305353\/","title":{"rendered":"El oro supera los 4.500 d\u00f3lares; el cobre y la plata en valores m\u00e1ximos"},"content":{"rendered":"<p>    <img src=\"https:\/\/www.europesays.com\/es\/wp-content\/uploads\/2025\/12\/2025-12-24T083A253A52Z-90685742.jpg\" width=\"1024\" height=\"682\" alt=\"\" loading=\"eager\" decoding=\"sync\" fetchpriority=\"high\"\/><\/p>\n<p>            afp_tickers        <\/p>\n<p>        Este contenido fue publicado en    <\/p>\n<p>        24 diciembre 2025 &#8211; 15:52\n<\/p>\n<p>El precio del oro super\u00f3 este mi\u00e9rcoles los 4.500 d\u00f3lares por onza, mientras otros metales preciosos e industriales alcanzaron valores m\u00e1ximos, pese a la serenidad del mercado en v\u00edsperas de Navidad.<\/p>\n<p>\u00abLos inversores han reequilibrado ampliamente sus carteras, muchos han cerrado sus posiciones\u00bb y \u00ablos vol\u00famenes de negocio son bajos\u00bb, se\u00f1al\u00f3 Ipek Ozkardeskaya, analista de Swissquote. \u00abSin embargo, el a\u00f1o contin\u00faa d\u00e1ndonos sorpresas\u00bb.<\/p>\n<p>El oro subi\u00f3 a 4.525,77 d\u00f3lares la onza, un nivel r\u00e9cord, mientras la plata tambi\u00e9n alcanz\u00f3 un nuevo m\u00e1ximo en 72,70 d\u00f3lares la onza.<\/p>\n<p>Metales preciosos utilizados en la fabricaci\u00f3n de catalizadores para autom\u00f3viles alcanzaron precios hist\u00f3ricos, como el platino, que se cotiz\u00f3 en 2.981,53 d\u00f3lares la onza, mientras que el paladio registr\u00f3 su valor m\u00e1s alto desde diciembre de 2022.<\/p>\n<p>El cobre tambi\u00e9n super\u00f3 un umbral hist\u00f3rico, por encima de 12.000 d\u00f3lares la tonelada. Este metal, al igual que el platino, se ha visto impulsado por el temor a aranceles estadounidenses, los cuales han evitado hasta ahora.<\/p>\n<p>Seg\u00fan analistas, estos movimientos se explican en parte por el agravamiento de los riesgos geopol\u00edticos entre Washington y Caracas, despu\u00e9s de que el presidente Donald Trump afirmara el lunes que ser\u00eda \u00abinteligente\u00bb que su hom\u00f3logo venezolano, Nicol\u00e1s Maduro, dejara el poder.\u00a0<\/p>\n<p>Trump anunci\u00f3 el 16 de diciembre un bloqueo a los \u00abbuques petroleros sancionados\u00bb que navegan hacia y desde las costas venezolanas, y despleg\u00f3 desde septiembre buques de guerra en el Caribe en una ofensiva contra el narcotr\u00e1fico que ya deja m\u00e1s de 100 muertos.<\/p>\n<p>Venezuela, en tanto, denuncia una campa\u00f1a para derrocar a Maduro y adue\u00f1arse de las riquezas del pa\u00eds.<\/p>\n<p>\u2013 \u00abRepunte navide\u00f1o\u00bb \u2013<\/p>\n<p>Al mismo tiempo, los mercados parec\u00edan dispuestos a entrar en las vacaciones de Navidad con una nota ampliamente positiva, en medio del optimismo para 2026, sobre todo en lo referente a la econom\u00eda estadounidense, que ha compensado las recientes preocupaciones sobre las valoraciones tecnol\u00f3gicas.<\/p>\n<p>La v\u00edspera los operadores de Wall Street impulsaron el S&amp;P 500 a un m\u00e1ximo hist\u00f3rico en respuesta a las cifras que mostraban que la primera econom\u00eda mundial creci\u00f3 un 4,3% en el tercer trimestre, el ritmo m\u00e1s r\u00e1pido en dos a\u00f1os y mucho m\u00e1s veloz de lo esperado.<\/p>\n<p>El informe, impulsado por el buen comportamiento del gasto de los consumidores y las empresas, tranquiliz\u00f3 en cierta medida a los inversionistas sobre las perspectivas econ\u00f3micas tras una serie de datos cada vez m\u00e1s d\u00e9biles sobre el empleo.<\/p>\n<p>Dado que la econom\u00eda parece estar en mejor forma de lo esperado, los inversores redujeron sus apuestas por otra bajada de los tipos de inter\u00e9s de la Fed el mes que viene.<\/p>\n<p>Y aunque la esperanza de una bajada de las tasas ha sido un factor clave en el reciente repunte del mercado, los analistas afirmaron que el fuerte crecimiento eclips\u00f3 cualquier decepci\u00f3n por el hecho de que se mantengan sin cambios por ahora.<\/p>\n<p>\u00abEstamos preparados para un repunte navide\u00f1o\u00bb, declar\u00f3 Kieran Calder, de UBP, a Bloomberg TV. \u00abEl mercado est\u00e1 interpretando algunos de los datos de forma bastante positiva\u00bb.<\/p>\n<p>dan\/abs\/arm\/mvl\/mas\/avl<\/p>\n","protected":false},"excerpt":{"rendered":"afp_tickers Este contenido fue publicado en 24 diciembre 2025 &#8211; 15:52 El precio del oro super\u00f3 este mi\u00e9rcoles&hellip;\n","protected":false},"author":2,"featured_media":305354,"comment_status":"","ping_status":"","sticky":false,"template":"","format":"standard","meta":{"footnotes":""},"categories":[80],"tags":[82,95,9516,94,84,25,24,48177,87,10092,23,90],"class_list":{"0":"post-305353","1":"post","2":"type-post","3":"status-publish","4":"format-standard","5":"has-post-thumbnail","7":"category-economia","8":"tag-business","9":"tag-economia","10":"tag-economic-indicator","11":"tag-economy","12":"tag-economy-general","13":"tag-es","14":"tag-espana","15":"tag-gold-and-precious-material","16":"tag-macro-economics","17":"tag-metal-and-mineral","18":"tag-spain","19":"tag-ticker"},"share_on_mastodon":{"url":"https:\/\/pubeurope.com\/@es\/115776124995865012","error":""},"_links":{"self":[{"href":"https:\/\/www.europesays.com\/es\/wp-json\/wp\/v2\/posts\/305353","targetHints":{"allow":["GET"]}}],"collection":[{"href":"https:\/\/www.europesays.com\/es\/wp-json\/wp\/v2\/posts"}],"about":[{"href":"https:\/\/www.europesays.com\/es\/wp-json\/wp\/v2\/types\/post"}],"author":[{"embeddable":true,"href":"https:\/\/www.europesays.com\/es\/wp-json\/wp\/v2\/users\/2"}],"replies":[{"embeddable":true,"href":"https:\/\/www.europesays.com\/es\/wp-json\/wp\/v2\/comments?post=305353"}],"version-history":[{"count":0,"href":"https:\/\/www.europesays.com\/es\/wp-json\/wp\/v2\/posts\/305353\/revisions"}],"wp:featuredmedia":[{"embeddable":true,"href":"https:\/\/www.europesays.com\/es\/wp-json\/wp\/v2\/media\/305354"}],"wp:attachment":[{"href":"https:\/\/www.europesays.com\/es\/wp-json\/wp\/v2\/media?parent=305353"}],"wp:term":[{"taxonomy":"category","embeddable":true,"href":"https:\/\/www.europesays.com\/es\/wp-json\/wp\/v2\/categories?post=305353"},{"taxonomy":"post_tag","embeddable":true,"href":"https:\/\/www.europesays.com\/es\/wp-json\/wp\/v2\/tags?post=305353"}],"curies":[{"name":"wp","href":"https:\/\/api.w.org\/{rel}","templated":true}]}}