{"id":305373,"date":"2025-12-24T19:30:29","date_gmt":"2025-12-24T19:30:29","guid":{"rendered":"https:\/\/www.europesays.com\/es\/305373\/"},"modified":"2025-12-24T19:30:29","modified_gmt":"2025-12-24T19:30:29","slug":"kate-hudson-lamento-haber-rechazado-ser-mary-jane-en-spider-man-no-me-gusta-hablar-de-ello","status":"publish","type":"post","link":"https:\/\/www.europesays.com\/es\/305373\/","title":{"rendered":"Kate Hudson lament\u00f3 haber rechazado ser Mary Jane en \u2018Spider-Man\u2019: \u201cNo me gusta hablar de ello\u201d"},"content":{"rendered":"<p><img alt=\"Kate Hudson admiti\u00f3 que rechazar\" class=\"global-image\" decoding=\"async\" fetchpriority=\"high\" height=\"1080\" loading=\"eager\" src=\"https:\/\/www.europesays.com\/es\/wp-content\/uploads\/2025\/12\/TPY2N5I35ZFB5ACLG765CQTWCI.jpg\" width=\"1920\"\/>Kate Hudson admiti\u00f3 que rechazar el papel de Mary Jane en \u00abSpider-Man\u00bb marc\u00f3 un giro importante en su carrera (REUTERS\/Sony Pictures)<\/p>\n<p class=\"paragraph\">Kate Hudson revel\u00f3 que rechaz\u00f3 el papel de Mary Jane en la pel\u00edcula <b>Spider-Man<\/b> de 2002, rol asumido finalmente por <b>Kirsten Dunst<\/b>. Durante una entrevista emitida el 22 de diciembre de 2025 en el programa Watch What Happens Live With Andy Cohen, la actriz de 46 a\u00f1os explic\u00f3 los motivos detr\u00e1s de su decisi\u00f3n y reflexion\u00f3 sobre el impacto de ese episodio en su carrera.<\/p>\n<p class=\"paragraph\">Consultada por Andy Cohen sobre el rumor, Hudson reconoci\u00f3 que evita abordar el tema porque considera que quienes participaron en el filme eran las personas indicadas y que los hechos suceden como corresponde.<\/p>\n<p class=\"paragraph\">Reiter\u00f3 su incomodidad al hablar p\u00fablicamente sobre oportunidades laborales no tomadas y reafirm\u00f3 su convicci\u00f3n de que quienes participan en determinados proyectos son las personas adecuadas, y que cada decisi\u00f3n representa un giro imposible de anticipar.<\/p>\n<p class=\"paragraph\">\u201cCuando la gente menciona estas cosas,<b> no me gusta hablar de ello<\/b>, porque las personas que est\u00e1n en la pel\u00edcula son las adecuadas y las circunstancias de la vida suceden como tienen que suceder. Pero s\u00ed, rechac\u00e9 el papel\u201d, afirm\u00f3 Kate Hudson.<\/p>\n<p><img alt=\"Kirsten Dunst asumi\u00f3 el rol\" class=\"global-image\" decoding=\"async\" fetchpriority=\"low\" height=\"1271\" loading=\"lazy\" src=\"https:\/\/www.europesays.com\/es\/wp-content\/uploads\/2025\/12\/E726JEBY5VCNLFOZKKP7HWTIBA.jpg\" width=\"2000\"\/>Kirsten Dunst asumi\u00f3 el rol de Mary Jane y se consolid\u00f3 en la saga del \u00abHombre ara\u00f1a\u00bb (Sony Pictures)<\/p>\n<p class=\"paragraph\">La estrella de Hollywood tambi\u00e9n admiti\u00f3 que, al mirar atr\u00e1s, se pregunta c\u00f3mo habr\u00eda cambiado su vida profesional si hubiera aceptado el personaje. \u201cAhora que lo pienso, es una de esas cosas en las que digo: <b>\u2018Hubiera sido bonito estar en una pel\u00edcula de <\/b><b>Spider-Man<\/b><b>\u2019<\/b>\u201d.<\/p>\n<p class=\"paragraph\">Hudson explic\u00f3 que opt\u00f3 por un papel en <b>Four Feathers<\/b>, lo que le permiti\u00f3 trabajar junto a <b>Heath Ledger<\/b>, quien se transform\u00f3 en un amigo cercano. \u201cMe toc\u00f3 hacer Four Feathers y <b>gracias a eso conoc\u00ed a Heath Ledger<\/b>, quien se convirti\u00f3 en un gran amigo\u201d, record\u00f3 la artista.<\/p>\n<p class=\"paragraph\">Hudson subray\u00f3 el valor de esa experiencia personal y profesional y remarc\u00f3 que tuvo una vivencia que nunca habr\u00eda tenido. Por eso, aunque reconoce que hubiera sido divertido ser Mary Jane, est\u00e1 agradecida por el camino que eligi\u00f3.<\/p>\n<p class=\"paragraph\">La propia actriz sostiene que parte de ella siente que la vida ocurre exactamente como debe ser, resaltando la importancia de aceptar c\u00f3mo cada decisi\u00f3n marca un rumbo.<\/p>\n<p class=\"paragraph\">Tras la decisi\u00f3n de Hudson, el papel de Mary Jane Watson qued\u00f3 en manos de Kirsten Dunst, quien comparti\u00f3 protagonismo con <b>Tobey Maguire<\/b> bajo la direcci\u00f3n de <b>Sam Raimi<\/b>. Dunst particip\u00f3 en las tres pel\u00edculas de la saga, que recaud\u00f3 <b>USD 826 millones<\/b> y consolid\u00f3 el \u00e9xito de las pel\u00edculas de superh\u00e9roes.<\/p>\n<p><img alt=\"La trilog\u00eda de &quot;Spider-Man&quot; dirigida\" class=\"global-image\" decoding=\"async\" fetchpriority=\"low\" height=\"400\" loading=\"lazy\" src=\"https:\/\/www.europesays.com\/es\/wp-content\/uploads\/2025\/12\/6WO3BRBU6ZDQFDG3OBZ5RAHN6Y.webp\" width=\"700\"\/>La trilog\u00eda de \u00abSpider-Man\u00bb dirigida por Sam Raimi recaud\u00f3 m\u00e1s de 800 millones de d\u00f3lares y catapult\u00f3 a sus protagonistas (Sony Pictures)<\/p>\n<p class=\"paragraph\">En una entrevista de 2021, Dunst manifest\u00f3 su disposici\u00f3n a retomar el personaje y asegur\u00f3: \u201cLo har\u00eda. \u00bfPor qu\u00e9 no? Ser\u00eda divertido\u201d. Desde la \u00faltima entrega de la trilog\u00eda, Dunst no ha vuelto a interpretar a Mary Jane. Maguire, por su parte, concluy\u00f3 su etapa como Peter Parker en 2007 y luego tuvo una colaboraci\u00f3n adicional en el universo de Marvel.<\/p>\n<p class=\"paragraph\"><b>Four Feathers<\/b>, estrenada pocos meses despu\u00e9s de <b>Spider-Man<\/b>, cont\u00f3 con un reparto integrado por Hudson, Heath Ledger, Djimon Hounsou y Wes Bentley. La pel\u00edcula recaud\u00f3 <b>USD 29 millones<\/b> en taquilla, sin alcanzar su presupuesto de <b>USD 35 millones<\/b>, y recibi\u00f3 cr\u00edticas mixtas.<\/p>\n<p class=\"paragraph\">Hudson, no obstante, destac\u00f3 la experiencia y el lazo de amistad con Ledger como uno de los resultados m\u00e1s valiosos del rodaje.<\/p>\n<p class=\"paragraph\">En la actualidad, <b>Kate Hudson<\/b> promociona la pel\u00edcula <b>Song Sung Blue<\/b> junto a <b>Hugh Jackman<\/b>. Durante la reciente ceremonia de los Gotham Awards, Jackman elogi\u00f3 el desempe\u00f1o de Hudson y expres\u00f3 su deseo de que obtenga el m\u00e1ximo reconocimiento de la industria.<\/p>\n<p><img alt=\"Hudson valor\u00f3 la experiencia personal\" class=\"global-image\" decoding=\"async\" fetchpriority=\"low\" height=\"4000\" loading=\"lazy\" src=\"https:\/\/www.europesays.com\/es\/wp-content\/uploads\/2025\/12\/G5N5VZUDQPQPE6BULFN65RWEHI.jpg\" width=\"6000\"\/>Hudson valor\u00f3 la experiencia personal obtenida al elegir \u00abFour Feathers\u00bb sobre \u00abSpider-Man\u00bb (REUTERS\/Mario Anzuoni)<\/p>\n<p class=\"paragraph\">Hudson tambi\u00e9n se\u00f1al\u00f3 que ha decidido no participar en proyectos que la unan profesionalmente a su madre, <b>Goldie Hawn<\/b>, salvo que se trate de una propuesta realmente especial. \u201cTiene que ser muy graciosa. Todav\u00eda no hemos le\u00eddo algo que encaje\u201d, explic\u00f3.<\/p>\n<p class=\"paragraph\">En su nuevo filme, Hudson interpreta a Claire Sardina y coment\u00f3 que descubri\u00f3 la m\u00fasica de Neil Diamond y experiment\u00f3 algo realmente puro.<\/p>\n","protected":false},"excerpt":{"rendered":"Kate Hudson admiti\u00f3 que rechazar el papel de Mary Jane en \u00abSpider-Man\u00bb marc\u00f3 un giro importante en su&hellip;\n","protected":false},"author":2,"featured_media":305374,"comment_status":"","ping_status":"","sticky":false,"template":"","format":"standard","meta":{"footnotes":""},"categories":[169],"tags":[26925,1554,177,72171,146,147,25,24,176,72172,23593,18908,175,23,29415,27541,57404,72173],"class_list":{"0":"post-305373","1":"post","2":"type-post","3":"status-publish","4":"format-standard","5":"has-post-thumbnail","7":"category-cine","8":"tag-26925","9":"tag-1554","10":"tag-cine","11":"tag-dunst","12":"tag-entertainment","13":"tag-entretenimiento","14":"tag-es","15":"tag-espana","16":"tag-film","17":"tag-kirsten","18":"tag-maguire","19":"tag-movie","20":"tag-movies","21":"tag-spain","22":"tag-spider-man","23":"tag-spiderman","24":"tag-three","25":"tag-tobey"},"share_on_mastodon":{"url":"https:\/\/pubeurope.com\/@es\/115776208520234095","error":""},"_links":{"self":[{"href":"https:\/\/www.europesays.com\/es\/wp-json\/wp\/v2\/posts\/305373","targetHints":{"allow":["GET"]}}],"collection":[{"href":"https:\/\/www.europesays.com\/es\/wp-json\/wp\/v2\/posts"}],"about":[{"href":"https:\/\/www.europesays.com\/es\/wp-json\/wp\/v2\/types\/post"}],"author":[{"embeddable":true,"href":"https:\/\/www.europesays.com\/es\/wp-json\/wp\/v2\/users\/2"}],"replies":[{"embeddable":true,"href":"https:\/\/www.europesays.com\/es\/wp-json\/wp\/v2\/comments?post=305373"}],"version-history":[{"count":0,"href":"https:\/\/www.europesays.com\/es\/wp-json\/wp\/v2\/posts\/305373\/revisions"}],"wp:featuredmedia":[{"embeddable":true,"href":"https:\/\/www.europesays.com\/es\/wp-json\/wp\/v2\/media\/305374"}],"wp:attachment":[{"href":"https:\/\/www.europesays.com\/es\/wp-json\/wp\/v2\/media?parent=305373"}],"wp:term":[{"taxonomy":"category","embeddable":true,"href":"https:\/\/www.europesays.com\/es\/wp-json\/wp\/v2\/categories?post=305373"},{"taxonomy":"post_tag","embeddable":true,"href":"https:\/\/www.europesays.com\/es\/wp-json\/wp\/v2\/tags?post=305373"}],"curies":[{"name":"wp","href":"https:\/\/api.w.org\/{rel}","templated":true}]}}