{"id":305379,"date":"2025-12-24T19:34:38","date_gmt":"2025-12-24T19:34:38","guid":{"rendered":"https:\/\/www.europesays.com\/es\/305379\/"},"modified":"2025-12-24T19:34:38","modified_gmt":"2025-12-24T19:34:38","slug":"monica-naranjo-navarra-arena","status":"publish","type":"post","link":"https:\/\/www.europesays.com\/es\/305379\/","title":{"rendered":"MONICA NARANJO | Navarra Arena"},"content":{"rendered":"<p>Este proyecto naci\u00f3 como una celebraci\u00f3n por todo lo alto de los 30 a\u00f1os de M\u00f3nica Naranjo sobre los escenarios: un show majestuoso que repasa los grandes hitos de su discograf\u00eda, con banda, coristas y bailarines, un potente dise\u00f1o de luces, un vestuario especialmente concebido para el espect\u00e1culo, y un ritmo fren\u00e9tico. La audiencia revive en directo las versiones originales de himnos como \u00abDes\u00e1tame\u00bb, \u00abSobrevivir\u00e9\u00bb, \u00abEuropa\u00bb o \u00abPantera en libertad\u00bb, junto a su \u00faltimo single, \u00abPor un like\u00bb, y sorpresas muy celebradas como \u00abChicas malas\u00bb.<\/p>\n<p>En 2026, Greatest Hits vuelve para seguir creciendo, emocionando y conquistando nuevos escenarios, reafirmando por qu\u00e9 M\u00f3nica Naranjo sigue siendo una de las voces m\u00e1s potentes y admiradas del panorama musical en espa\u00f1ol.<\/p>\n","protected":false},"excerpt":{"rendered":"Este proyecto naci\u00f3 como una celebraci\u00f3n por todo lo alto de los 30 a\u00f1os de M\u00f3nica Naranjo sobre&hellip;\n","protected":false},"author":2,"featured_media":305380,"comment_status":"","ping_status":"","sticky":false,"template":"","format":"standard","meta":{"footnotes":""},"categories":[91],"tags":[39779,39777,146,147,25,24,39780,39778,39782,39775,39776,39781,23],"class_list":{"0":"post-305379","1":"post","2":"type-post","3":"status-publish","4":"format-standard","5":"has-post-thumbnail","7":"category-entretenimiento","8":"tag-comprar-entradas-navarra-arena","9":"tag-conciertos-en-pamplona","10":"tag-entertainment","11":"tag-entretenimiento","12":"tag-es","13":"tag-espana","14":"tag-espectaculos-deportivos-pamplona","15":"tag-eventos-en-navarra","16":"tag-eventos-pamplona","17":"tag-navarra-arena","18":"tag-recinto-multiusos-pamplona","19":"tag-sala-de-conciertos-navarra","20":"tag-spain"},"share_on_mastodon":{"url":"https:\/\/pubeurope.com\/@es\/115776222877506451","error":""},"_links":{"self":[{"href":"https:\/\/www.europesays.com\/es\/wp-json\/wp\/v2\/posts\/305379","targetHints":{"allow":["GET"]}}],"collection":[{"href":"https:\/\/www.europesays.com\/es\/wp-json\/wp\/v2\/posts"}],"about":[{"href":"https:\/\/www.europesays.com\/es\/wp-json\/wp\/v2\/types\/post"}],"author":[{"embeddable":true,"href":"https:\/\/www.europesays.com\/es\/wp-json\/wp\/v2\/users\/2"}],"replies":[{"embeddable":true,"href":"https:\/\/www.europesays.com\/es\/wp-json\/wp\/v2\/comments?post=305379"}],"version-history":[{"count":0,"href":"https:\/\/www.europesays.com\/es\/wp-json\/wp\/v2\/posts\/305379\/revisions"}],"wp:featuredmedia":[{"embeddable":true,"href":"https:\/\/www.europesays.com\/es\/wp-json\/wp\/v2\/media\/305380"}],"wp:attachment":[{"href":"https:\/\/www.europesays.com\/es\/wp-json\/wp\/v2\/media?parent=305379"}],"wp:term":[{"taxonomy":"category","embeddable":true,"href":"https:\/\/www.europesays.com\/es\/wp-json\/wp\/v2\/categories?post=305379"},{"taxonomy":"post_tag","embeddable":true,"href":"https:\/\/www.europesays.com\/es\/wp-json\/wp\/v2\/tags?post=305379"}],"curies":[{"name":"wp","href":"https:\/\/api.w.org\/{rel}","templated":true}]}}