{"id":305389,"date":"2025-12-24T19:41:10","date_gmt":"2025-12-24T19:41:10","guid":{"rendered":"https:\/\/www.europesays.com\/es\/305389\/"},"modified":"2025-12-24T19:41:10","modified_gmt":"2025-12-24T19:41:10","slug":"asi-innovara-la-casa-real-en-su-clasica-emision-de-nochebuena","status":"publish","type":"post","link":"https:\/\/www.europesays.com\/es\/305389\/","title":{"rendered":"as\u00ed innovar\u00e1 la Casa Real en su cl\u00e1sica emisi\u00f3n de Nochebuena"},"content":{"rendered":"<p class=\"article-text\">\n        En el <strong>50 aniversario de la restauraci\u00f3n de la monarqu\u00eda y la transici\u00f3n<\/strong> a la democracia, la <strong>Casa Real<\/strong> ha querido innovar en uno de sus momentos m\u00e1s esperados del a\u00f1o: el<strong> discurso de Nochebuena de Felipe VI.<\/strong>\n    <\/p>\n<p>    <a href=\"https:\/\/www.eldiario.es\/vertele\/videos\/actualidad\/maria-casado-corrige-princesa-leonor-llama-boomer-rey-felipe-telecinco_7_12715646.html\" data-mrf-recirculation=\"saber-mas\" data-dl-event=\"saber-mas\" rel=\"nofollow noopener\" target=\"_blank\"><\/p>\n<p class=\"know-more__title\">Mar\u00eda Casado corrige a la princesa Leonor por llamar \u00abboomer\u00bb al rey: \u00abLo hago con much\u00edsimo cari\u00f1o\u00bb<\/p>\n<p>            <img decoding=\"async\" class=\"lazy\" loading=\"lazy\" data-src=\"https:\/\/static.eldiario.es\/clip\/9b15745b-b12f-4290-8794-b6ca8137d409_16-9-aspect-ratio_default_0.jpg\" src=\"data:image\/svg+xml,%3Csvg xmlns=\" http:=\"\" viewbox=\"0 0 880 495\" alt=\"Mar\u00eda Casado corrige a la princesa Leonor por llamar &quot;boomer&quot; al rey: &quot;Lo hago con much\u00edsimo cari\u00f1o&quot;\"\/><\/p>\n<p>                            <img decoding=\"async\" class=\"ni-multimedia\" src=\"https:\/\/www.eldiario.es\/assets\/img\/svg\/icons\/gallery-video.h-2e826467718e0ad0cb33a0bdb174f603.svg\" alt=\"Mar\u00eda Casado corrige a la princesa Leonor por llamar &quot;boomer&quot; al rey: &quot;Lo hago con much\u00edsimo cari\u00f1o&quot;\"\/><br \/>\n                        <\/a><\/p>\n<p class=\"article-text\">\n        Este 24 de diciembre ser\u00e1 la d\u00e9cima segunda vez que el rey se ponga frente a todos los espa\u00f1oles para hablar de las fiestas, hacer un balance del a\u00f1o y valorar el presente y futuro del pa\u00eds. Una fecha se\u00f1alada en la que el<strong> nuevo equipo de comunicaci\u00f3n de la Casa Real <\/strong>ha apostado por incorporar aspectos novedosos.\n    <\/p>\n<p class=\"article-text\">\n        \u201cDe pie, desde el Palacio Real y adem\u00e1s incluir\u00e1 im\u00e1genes captadas por drones\u201d informan desde <strong>Antena 3 Noticias<\/strong> sobre el discurso que se emitir\u00e1 en todas las cadenas a las 21:00 horas y en el canal de Youtube de la Casa Real.\n    <\/p>\n<p class=\"article-text\">\n        Adem\u00e1s, el informativo ha hablado con Julio Garc\u00eda- analista de comunicaci\u00f3n en Fundaci\u00f3n Casaverde- para entender estos cambios en la cita televisiva del rey:\n    <\/p>\n<p class=\"article-text\">\n        \u201cCon su firme mirada, su imagen y poderse mover en un espacio esc\u00e9nico que diera movilidad a la situaci\u00f3n en la que \u00e9l se dirige a los ciudadanos. Hab\u00eda una mirada muy directa, se procuraba que hubiera cercan\u00eda, pero en cualquier caso hab\u00eda que hacer una renovaci\u00f3n\u201d, explica el experto que opina que en los <strong>anteriores mensajes falt\u00f3 m\u00e1s \u201cproximidad, cercan\u00eda y naturalidad\u201d.<\/strong>\n    <\/p>\n<p class=\"article-text\">\n        Por lo que los espa\u00f1oles veremos a Felipe VI de pie, por primera vez, para dirigirse a la ciudadan\u00eda antes de las fiestas de Navidad. As\u00ed como para hablar del <strong>futuro de la Corona que representa la princesa de Asturias, Leonor<\/strong>, y a la que este a\u00f1o ha seguido dando una mayor presencia institucional.\n    <\/p>\n<p>    <a href=\"https:\/\/www.eldiario.es\/vertele\/noticias\/que-ver-nochebuena-tv-guia-programacion-cadenas-24-25-diciembre-navidad-la1-rtve-antena3-telecinco-cuatro-lasexta_1_12866775.html\" data-mrf-recirculation=\"saber-mas-abajo\" data-dl-event=\"saber-mas-abajo\" rel=\"nofollow noopener\" target=\"_blank\"><\/p>\n<p class=\"know-more__title\">Qu\u00e9 ver esta Nochebuena en TV: la gu\u00eda de programaci\u00f3n de todas las cadenas para el 24 de diciembre<\/p>\n<p>            <img decoding=\"async\" class=\"lazy\" loading=\"lazy\" data-src=\"https:\/\/static.eldiario.es\/clip\/c5780f4b-ede0-4e3b-9bf5-7d373da42ae4_16-9-aspect-ratio_default_0.jpg\" src=\"data:image\/svg+xml,%3Csvg xmlns=\" http:=\"\" viewbox=\"0 0 880 495\" alt=\"Qu\u00e9 ver esta Nochebuena en TV: la gu\u00eda de programaci\u00f3n de todas las cadenas para el 24 de diciembre\"\/><\/p>\n<p>                        <\/a><\/p>\n<p class=\"article-text\">\n        Cabe recordar que su primer discurso fue en 2014 cuando lanz\u00f3 un mensaje de esperanza y regeneraci\u00f3n, centrado en la unidad y la lucha contra la corrupci\u00f3n. Mientras que el pasado a\u00f1o se\u00f1al\u00f3 la confrontaci\u00f3n pol\u00edtica y record\u00f3 a las v\u00edctimas de la tragedia de la DANA.\n    <\/p>\n","protected":false},"excerpt":{"rendered":"En el 50 aniversario de la restauraci\u00f3n de la monarqu\u00eda y la transici\u00f3n a la democracia, la Casa&hellip;\n","protected":false},"author":2,"featured_media":305390,"comment_status":"","ping_status":"","sticky":false,"template":"","format":"standard","meta":{"footnotes":""},"categories":[5],"tags":[1554,17,18,385,2683,3942,2455,25,24,13,14,10642,11,72179,19,20,9,70764,10,15,16,5285,798,5330,23,12,214,21,22,32030],"class_list":{"0":"post-305389","1":"post","2":"type-post","3":"status-publish","4":"format-standard","5":"has-post-thumbnail","7":"category-titulares","8":"tag-1554","9":"tag-breaking-news","10":"tag-breakingnews","11":"tag-casa","12":"tag-clasica","13":"tag-discurso","14":"tag-emision","15":"tag-es","16":"tag-espana","17":"tag-featured-news","18":"tag-featurednews","19":"tag-felipe","20":"tag-headlines","21":"tag-innovara","22":"tag-latest-news","23":"tag-latestnews","24":"tag-news","25":"tag-nochebuena","26":"tag-noticias","27":"tag-noticias-destacadas","28":"tag-noticiasdestacadas","29":"tag-novedades","30":"tag-real","31":"tag-rey","32":"tag-spain","33":"tag-titulares","34":"tag-tv","35":"tag-ultimas-noticias","36":"tag-ultimasnoticias","37":"tag-vi"},"share_on_mastodon":{"url":"https:\/\/pubeurope.com\/@es\/115776250757601373","error":""},"_links":{"self":[{"href":"https:\/\/www.europesays.com\/es\/wp-json\/wp\/v2\/posts\/305389","targetHints":{"allow":["GET"]}}],"collection":[{"href":"https:\/\/www.europesays.com\/es\/wp-json\/wp\/v2\/posts"}],"about":[{"href":"https:\/\/www.europesays.com\/es\/wp-json\/wp\/v2\/types\/post"}],"author":[{"embeddable":true,"href":"https:\/\/www.europesays.com\/es\/wp-json\/wp\/v2\/users\/2"}],"replies":[{"embeddable":true,"href":"https:\/\/www.europesays.com\/es\/wp-json\/wp\/v2\/comments?post=305389"}],"version-history":[{"count":0,"href":"https:\/\/www.europesays.com\/es\/wp-json\/wp\/v2\/posts\/305389\/revisions"}],"wp:featuredmedia":[{"embeddable":true,"href":"https:\/\/www.europesays.com\/es\/wp-json\/wp\/v2\/media\/305390"}],"wp:attachment":[{"href":"https:\/\/www.europesays.com\/es\/wp-json\/wp\/v2\/media?parent=305389"}],"wp:term":[{"taxonomy":"category","embeddable":true,"href":"https:\/\/www.europesays.com\/es\/wp-json\/wp\/v2\/categories?post=305389"},{"taxonomy":"post_tag","embeddable":true,"href":"https:\/\/www.europesays.com\/es\/wp-json\/wp\/v2\/tags?post=305389"}],"curies":[{"name":"wp","href":"https:\/\/api.w.org\/{rel}","templated":true}]}}