{"id":305391,"date":"2025-12-24T19:47:10","date_gmt":"2025-12-24T19:47:10","guid":{"rendered":"https:\/\/www.europesays.com\/es\/305391\/"},"modified":"2025-12-24T19:47:10","modified_gmt":"2025-12-24T19:47:10","slug":"la-jueza-inadmite-la-denuncia-contra-el-delegado-del-gobierno-por-el-operativo-policial-de-la-vuelta-en-madrid","status":"publish","type":"post","link":"https:\/\/www.europesays.com\/es\/305391\/","title":{"rendered":"La jueza inadmite la denuncia contra el delegado del Gobierno por el operativo policial de La Vuelta en Madrid"},"content":{"rendered":"<p>La titular del Juzgado de Instrucci\u00f3n 45 de Madrid ha inadmitido la denuncia presentada por Manos Limpias contra el delegado del Gobierno en Madrid, <strong>Francisco Mart\u00edn<\/strong>, al no ver delito en la gesti\u00f3n del dispositivo policial desplegado en la \u00faltima etapa de la <strong>Vuelta ciclista a Espa\u00f1a<\/strong> el pasado 14 de septiembre.<\/p>\n<p>Tras abrir diligencias previas para registrar la denuncia que present\u00f3 el autodenominado sindicato Manos Limpias, la magistrada Luisa Mar\u00eda Prieto ha determinado que \u00abno ha lugar a admitir a tr\u00e1mite la presente denuncia por estimar que los hechos no son constitutivos de infracci\u00f3n penal\u00bb, seg\u00fan un auto, al que ha tenido acceso la Agencia EFE este mi\u00e9rcoles.<\/p>\n<p>La jueza ve en la denuncia de esta organizaci\u00f3n \u00abuna queja de un tercero\u00bb a las directrices del delegado del Gobierno en la Comunidad de Madrid frente al desarrollo de un evento, y eso, subraya, \u00abtiene su cauce al margen del derecho penal\u00bb. Explica que la denuncia hace responsable penal a Mart\u00edn de los actos realizados por otros, que \u00abprovocaron, se dice, lesiones a los agentes durante el ejercicio de sus funciones, dirigidas a garantizar el desarrollo del evento\u00bb.<\/p>\n<p>Manos Limpias present\u00f3 la denuncia por presuntos delitos de lesiones y desordenes p\u00fablicos y desobediencia a la autoridad, causados con imprudencia grave en relaci\u00f3n al operativo policial de la \u00faltima etapa de la Vuelta, donde se produjeron protestas contra los ataques israel\u00edes a la poblaci\u00f3n civil en Gaza.<\/p>\n<p>Aquel d\u00eda, <strong>22 agentes resultaron heridos leve<\/strong>s y la Polic\u00eda identific\u00f3 a 97 personas -de las que cuatro ten\u00edan antecedentes por des\u00f3rdenes p\u00fablicos y siete por delincuencia com\u00fan- en un dispositivo en el que, seg\u00fan ha defendido recientemente el delegado del Gobierno en la Comunidad de Madrid, la Polic\u00eda \u00abactu\u00f3 con proporcionalidad\u00bb.<\/p>\n<p>Adem\u00e1s de negar que los hechos denunciados sean constitutivos de infracci\u00f3n penal, la magistrada entra a analizar algunos de los delitos que la organizaci\u00f3n ped\u00eda investigar. Por ejemplo, el de des\u00f3rdenes p\u00fablicos y desobediencia a la autoridad con imprudencia grave, que, sostiene contundente la magistrada, \u00abno existe\u00bb porque se trata de un delito doloso que no puede ser cometido de forma imprudente.<\/p>\n<p>Respecto al de lesiones con imprudencia, ser\u00eda preciso que haya dolo y \u00abno se describe ninguna conducta voluntaria que pueda tener encaje en este tipo penal\u00bb. Por todo ello, la magistrada, que recuerda que la Ley de Enjuiciamiento Criminal indica que \u00abel Tribunal se abstendr\u00e1 de la pr\u00e1ctica de diligencias\u00bb cuando los hechos descritos en la denuncia no revistan caracteres de delito, la inadmite y archiva las actuaciones.\u00a0<\/p>\n<p>PUBLICIDAD<\/p>\n","protected":false},"excerpt":{"rendered":"La titular del Juzgado de Instrucci\u00f3n 45 de Madrid ha inadmitido la denuncia presentada por Manos Limpias contra&hellip;\n","protected":false},"author":2,"featured_media":305392,"comment_status":"","ping_status":"","sticky":false,"template":"","format":"standard","meta":{"footnotes":""},"categories":[273],"tags":[313,312,168,25,24,24267,23,167],"class_list":{"0":"post-305391","1":"post","2":"type-post","3":"status-publish","4":"format-standard","5":"has-post-thumbnail","7":"category-ciclismo","8":"tag-ciclismo","9":"tag-cycling","10":"tag-deportes","11":"tag-es","12":"tag-espana","13":"tag-la-vuelta-a-espana","14":"tag-spain","15":"tag-sports"},"share_on_mastodon":{"url":"https:\/\/pubeurope.com\/@es\/115776274016401945","error":""},"_links":{"self":[{"href":"https:\/\/www.europesays.com\/es\/wp-json\/wp\/v2\/posts\/305391","targetHints":{"allow":["GET"]}}],"collection":[{"href":"https:\/\/www.europesays.com\/es\/wp-json\/wp\/v2\/posts"}],"about":[{"href":"https:\/\/www.europesays.com\/es\/wp-json\/wp\/v2\/types\/post"}],"author":[{"embeddable":true,"href":"https:\/\/www.europesays.com\/es\/wp-json\/wp\/v2\/users\/2"}],"replies":[{"embeddable":true,"href":"https:\/\/www.europesays.com\/es\/wp-json\/wp\/v2\/comments?post=305391"}],"version-history":[{"count":0,"href":"https:\/\/www.europesays.com\/es\/wp-json\/wp\/v2\/posts\/305391\/revisions"}],"wp:featuredmedia":[{"embeddable":true,"href":"https:\/\/www.europesays.com\/es\/wp-json\/wp\/v2\/media\/305392"}],"wp:attachment":[{"href":"https:\/\/www.europesays.com\/es\/wp-json\/wp\/v2\/media?parent=305391"}],"wp:term":[{"taxonomy":"category","embeddable":true,"href":"https:\/\/www.europesays.com\/es\/wp-json\/wp\/v2\/categories?post=305391"},{"taxonomy":"post_tag","embeddable":true,"href":"https:\/\/www.europesays.com\/es\/wp-json\/wp\/v2\/tags?post=305391"}],"curies":[{"name":"wp","href":"https:\/\/api.w.org\/{rel}","templated":true}]}}