{"id":305411,"date":"2025-12-24T20:02:22","date_gmt":"2025-12-24T20:02:22","guid":{"rendered":"https:\/\/www.europesays.com\/es\/305411\/"},"modified":"2025-12-24T20:02:22","modified_gmt":"2025-12-24T20:02:22","slug":"esto-opinan-peter-brandt-y-el-ceo-de-cryptoquant","status":"publish","type":"post","link":"https:\/\/www.europesays.com\/es\/305411\/","title":{"rendered":"esto opinan Peter Brandt y el CEO de CryptoQuant"},"content":{"rendered":"<p>    <img fetchpriority=\"high\" decoding=\"async\" src=\"data:image\/gif;base64,R0lGODlhAQABAIAAAAAAAP\/\/\/ywAAAAAAQABAAACAUwAOw==\" alt=\"Predicci\u00f3n de Bitcoin: Peter Brandt y el CEO de CryptoQuant. Photo by BeInCrypto\" loading=\"eager\" height=\"540\" width=\"960\" class=\"yf-lglytj loader\"\/> Predicci\u00f3n de Bitcoin: Peter Brandt y el CEO de CryptoQuant. Photo by BeInCrypto      <\/p>\n<p class=\"yf-7hmkaz\"><strong>A pesar de la fuerte acumulaci\u00f3n por parte de los ETF de Bitcoin y los DAT este a\u00f1o, el precio de Bitcoin (BTC) no ha logrado atraer la fuerte participaci\u00f3n minorista vista en ciclos anteriores.<\/strong><\/p>\n<p class=\"yf-7hmkaz\">Analistas de mercado reconocidos, como Ki Young Ju, CEO de CryptoQuant, y el experimentado trader Peter Brandt, han publicado sus \u00faltimas perspectivas sobre Bitcoin (BTC). Sus opiniones ayudan a entender las perspectivas de Bitcoin (BTC) a corto, mediano y largo plazo.<\/p>\n<p class=\"yf-7hmkaz\">A corto plazo, es posible que Bitcoin (BTC) siga teniendo dificultades para recuperarse. Esta debilidad se nota en la disminuci\u00f3n de las reservas de stablecoins.<\/p>\n<p class=\"yf-7hmkaz\">Los datos de CryptoQuant muestran que las reservas de stablecoins en los principales exchanges han ca\u00eddo dr\u00e1sticamente. <strong>Las salidas de capital alcanzaron casi 1,9 mil millones de d\u00f3lares en solo 30 d\u00edas.<\/strong><\/p>\n<p>    <img decoding=\"async\" src=\"data:image\/gif;base64,R0lGODlhAQABAIAAAAAAAP\/\/\/ywAAAAAAQABAAACAUwAOw==\" alt=\"Stablecoin Reserves (ERC20-Token) on Exchanges. Source: CryptoQuant.\" loading=\"lazy\" height=\"540\" width=\"960\" class=\"yf-lglytj loader\"\/> Reservas de stablecoins (ERC20-Token) en exchanges. Fuente: CryptoQuant.      <\/p>\n<p class=\"yf-7hmkaz\">Binance, que es el principal lugar de liquidez del mercado, suele reflejar la disposici\u00f3n de los inversores a comprar a trav\u00e9s de los saldos de stablecoins.<\/p>\n<p class=\"yf-7hmkaz\">Sin embargo, los datos indican que las reservas de stablecoins ERC-20 han bajado mucho en Binance y otros <a href=\"https:\/\/es.beincrypto.com\/aprende\/apps-exchanges-criptomonedas-latam\/\" rel=\"nofollow noopener\" target=\"_blank\" data-ylk=\"slk:exchanges centralizados;elm:context_link;itc:0;sec:content-canvas\" class=\"link \">exchanges centralizados<\/a>. Esta tendencia sugiere que <strong>los inversores minoristas est\u00e1n saliendo del mercado.<\/strong><\/p>\n<blockquote class=\"neo-blockquote yf-1lvgyjz\">\n<p class=\"yf-1lvgyjz\">\u201cEste movimiento sugiere una clara falta de inter\u00e9s de los inversores en exponerse al mercado de inmediato. En vez de mantener sus stablecoins en exchanges esperando oportunidades, algunos inversores han decidido retirarlas\u201d, coment\u00f3 el analista Darkfost en CryptoQuant.<\/p>\n<\/blockquote>\n<p class=\"yf-7hmkaz\">Como resultado, a Bitcoin (BTC) le falta suficiente presi\u00f3n de compra a corto plazo, lo que limita su potencial al alza.<\/p>\n<p class=\"yf-7hmkaz\">A mediano plazo, Ki Young Ju, fundador de CryptoQuant, se\u00f1al\u00f3 que <strong>las entradas de capital on-chain hacia Bitcoin (BTC) se est\u00e1n debilitando poco a poco.<\/strong><\/p>\n<p class=\"yf-7hmkaz\">Explic\u00f3 que tras unos 2 a\u00f1os y medio de crecimiento constante, la capitalizaci\u00f3n realizada se ha estancado el \u00faltimo mes. Esta m\u00e9trica mide la capitalizaci\u00f3n total basada en el \u00faltimo precio de compra de cada Bitcoin (BTC).<\/p>\n<p>    <img decoding=\"async\" src=\"data:image\/gif;base64,R0lGODlhAQABAIAAAAAAAP\/\/\/ywAAAAAAQABAAACAUwAOw==\" alt=\"PnL Index Signal. Source: CryptoQuant.\" loading=\"lazy\" height=\"540\" width=\"960\" class=\"yf-lglytj loader\"\/> Se\u00f1al del \u00edndice PnL. Fuente: CryptoQuant.      <\/p>\n<p class=\"yf-7hmkaz\">Los datos tambi\u00e9n muestran que la se\u00f1al del \u00edndice PnL, que sigue las ganancias y p\u00e9rdidas seg\u00fan el coste de todas las carteras, se ha mantenido plana desde principios de 2025. El indicador ha empezado a bajar hacia fin de a\u00f1o, mostrando que hay m\u00e1s p\u00e9rdidas.<\/p>\n<blockquote class=\"neo-blockquote yf-1lvgyjz\">\n<p class=\"yf-1lvgyjz\">\u201cLa recuperaci\u00f3n del sentimiento podr\u00eda tomar algunos meses\u201d, predijo Ki Young Ju.<\/p>\n<\/blockquote>\n<p class=\"yf-7hmkaz\">A largo plazo, la mayor\u00eda de los analistas siguen siendo optimistas. Peter Brandt, un reconocido trader con experiencia desde 1975, mantiene una opini\u00f3n alcista.<\/p>\n<p class=\"yf-7hmkaz\">En una publicaci\u00f3n reciente en X, Brandt afirm\u00f3 que <strong>Bitcoin (BTC) ha tenido cinco ascensos parab\u00f3licos logar\u00edtmicos en los \u00faltimos 15 a\u00f1os. <\/strong>Cada ciclo fue seguido de ca\u00eddas de por lo menos 80%. \u00c9l argument\u00f3 que el ciclo actual todav\u00eda no ha terminado.<\/p>\n","protected":false},"excerpt":{"rendered":"Predicci\u00f3n de Bitcoin: Peter Brandt y el CEO de CryptoQuant. Photo by BeInCrypto A pesar de la fuerte&hellip;\n","protected":false},"author":2,"featured_media":305412,"comment_status":"","ping_status":"","sticky":false,"template":"","format":"standard","meta":{"footnotes":""},"categories":[80],"tags":[28064,82,95,94,25,24,66887,72183,72182,72181,23],"class_list":{"0":"post-305411","1":"post","2":"type-post","3":"status-publish","4":"format-standard","5":"has-post-thumbnail","7":"category-economia","8":"tag-bitcoin","9":"tag-business","10":"tag-economia","11":"tag-economy","12":"tag-es","13":"tag-espana","14":"tag-fin-de-ano","15":"tag-ganancias-y-perdidas","16":"tag-ki-young-ju","17":"tag-peter-brandt","18":"tag-spain"},"share_on_mastodon":{"url":"https:\/\/pubeurope.com\/@es\/115776333085210886","error":""},"_links":{"self":[{"href":"https:\/\/www.europesays.com\/es\/wp-json\/wp\/v2\/posts\/305411","targetHints":{"allow":["GET"]}}],"collection":[{"href":"https:\/\/www.europesays.com\/es\/wp-json\/wp\/v2\/posts"}],"about":[{"href":"https:\/\/www.europesays.com\/es\/wp-json\/wp\/v2\/types\/post"}],"author":[{"embeddable":true,"href":"https:\/\/www.europesays.com\/es\/wp-json\/wp\/v2\/users\/2"}],"replies":[{"embeddable":true,"href":"https:\/\/www.europesays.com\/es\/wp-json\/wp\/v2\/comments?post=305411"}],"version-history":[{"count":0,"href":"https:\/\/www.europesays.com\/es\/wp-json\/wp\/v2\/posts\/305411\/revisions"}],"wp:featuredmedia":[{"embeddable":true,"href":"https:\/\/www.europesays.com\/es\/wp-json\/wp\/v2\/media\/305412"}],"wp:attachment":[{"href":"https:\/\/www.europesays.com\/es\/wp-json\/wp\/v2\/media?parent=305411"}],"wp:term":[{"taxonomy":"category","embeddable":true,"href":"https:\/\/www.europesays.com\/es\/wp-json\/wp\/v2\/categories?post=305411"},{"taxonomy":"post_tag","embeddable":true,"href":"https:\/\/www.europesays.com\/es\/wp-json\/wp\/v2\/tags?post=305411"}],"curies":[{"name":"wp","href":"https:\/\/api.w.org\/{rel}","templated":true}]}}