{"id":305413,"date":"2025-12-24T20:03:12","date_gmt":"2025-12-24T20:03:12","guid":{"rendered":"https:\/\/www.europesays.com\/es\/305413\/"},"modified":"2025-12-24T20:03:12","modified_gmt":"2025-12-24T20:03:12","slug":"von-der-leyen-responde-a-trump-tras-el-veto-a-dirigentes-europeos-la-libertad-de-expresion-es-la-base-de-nuestra-fuerte-y-vibrante-democracia-internacional","status":"publish","type":"post","link":"https:\/\/www.europesays.com\/es\/305413\/","title":{"rendered":"Von der Leyen responde a Trump tras el veto a dirigentes europeos: \u00abLa libertad de expresi\u00f3n es la base de nuestra fuerte y vibrante democracia\u00bb | Internacional"},"content":{"rendered":"<p class=\"loc\">Bruselas<\/p>\n<p>La presidenta de la Comisi\u00f3n Europea (CE), Ursula Von der Leyen, afirm\u00f3 este mi\u00e9rcoles que la libertad de expresi\u00f3n es la base de la democracia europea, tras la decisi\u00f3n de <a href=\"https:\/\/cadenaser.com\/nacional\/2025\/12\/24\/la-administracion-de-trump-restringe-el-visado-a-cinco-personas-por-impulsar-medidas-represivas-de-censura-contra-eeuu-cadena-ser\/\" target=\"_blank\" rel=\"noreferrer nofollow noopener\" title=\"https:\/\/cadenaser.com\/nacional\/2025\/12\/24\/la-administracion-de-trump-restringe-el-visado-a-cinco-personas-por-impulsar-medidas-represivas-de-censura-contra-eeuu-cadena-ser\/\">EEUU de sancionar a cinco ciudadanos europeos<\/a> a los que acusa de \u00abcoaccionar\u00bb a las redes sociales. <\/p>\n<p>\u00abLa libertad de expresi\u00f3n es la base de nuestra fuerte y vibrante democracia europea. Estamos orgullosos de ello. La protegeremos. Porque la CE es el guardi\u00e1n de nuestros valores\u00bb, dijo la mandataria europea en una publicaci\u00f3n en su cuenta de la red social X.<\/p>\n<p>La Administraci\u00f3n del presidente de EEUU, Donald Trump, ha prohibido la entrada en el pa\u00eds a cinco ciudadanos europeos a los que acusa de \u00abcoaccionar\u00bb a las redes sociales para censurar voces estadounidenses, seg\u00fan anunci\u00f3 el martes el secretario de Estado, Marco Rubio.<\/p>\n<p><a href=\"https:\/\/cadenaser.com\/nacional\/2025\/12\/24\/francia-condena-el-veto-de-estados-unidos-al-excomisario-europeo-thierry-breton-cadena-ser\/\" target=\"_blank\" rel=\"noreferrer nofollow noopener\" title=\"https:\/\/cadenaser.com\/nacional\/2025\/12\/24\/francia-condena-el-veto-de-estados-unidos-al-excomisario-europeo-thierry-breton-cadena-ser\/\">Entre los sancionados figura el excomisario europeo de Mercado Interior Thierry Breton<\/a> (2019-2024), impulsor de regulaciones para limitar la desinformaci\u00f3n en plataformas como X, Meta y TikTok.<\/p>\n<p>Tambi\u00e9n el activista brit\u00e1nico Imran Ahmed, director ejecutivo del Center for Countering Digital Hate (CCDH), una organizaci\u00f3n dedicada a combatir el odio y la desinformaci\u00f3n en internet, as\u00ed como las directoras de la organizaci\u00f3n alemana Hate Aid, Anna-Lena von Hodenberg y Josephine Ballon, seg\u00fan informaron ellas mismas.<\/p>\n<p>La CE subray\u00f3 en un comunicado que la libertad de expresi\u00f3n es \u00abun derecho fundamental en Europa y un valor fundamental compartido con Estados Unidos\u00bb y record\u00f3 que la Uni\u00f3n Europea es un mercado abierto y basado en normas, con el derecho soberano de regular la actividad econ\u00f3mica de acuerdo con sus valores democr\u00e1ticos y compromisos internacionales. <\/p>\n","protected":false},"excerpt":{"rendered":"Bruselas La presidenta de la Comisi\u00f3n Europea (CE), Ursula Von der Leyen, afirm\u00f3 este mi\u00e9rcoles que la libertad&hellip;\n","protected":false},"author":2,"featured_media":305414,"comment_status":"","ping_status":"","sticky":false,"template":"","format":"standard","meta":{"footnotes":""},"categories":[42],"tags":[17,18,83,10551,72184,13,14,11,61,62,63,64,19,20,1383,9,10,15,16,88,12,21,22,65,66,67],"class_list":{"0":"post-305413","1":"post","2":"type-post","3":"status-publish","4":"format-standard","5":"has-post-thumbnail","7":"category-internacional","8":"tag-breaking-news","9":"tag-breakingnews","10":"tag-diplomacy","11":"tag-eu","12":"tag-eu-summit","13":"tag-featured-news","14":"tag-featurednews","15":"tag-headlines","16":"tag-internacional","17":"tag-international","18":"tag-international-news","19":"tag-internationalnews","20":"tag-latest-news","21":"tag-latestnews","22":"tag-meeting","23":"tag-news","24":"tag-noticias","25":"tag-noticias-destacadas","26":"tag-noticiasdestacadas","27":"tag-politics","28":"tag-titulares","29":"tag-ultimas-noticias","30":"tag-ultimasnoticias","31":"tag-world","32":"tag-world-news","33":"tag-worldnews"},"share_on_mastodon":{"url":"","error":"Validation failed: Text character limit of 500 exceeded"},"_links":{"self":[{"href":"https:\/\/www.europesays.com\/es\/wp-json\/wp\/v2\/posts\/305413","targetHints":{"allow":["GET"]}}],"collection":[{"href":"https:\/\/www.europesays.com\/es\/wp-json\/wp\/v2\/posts"}],"about":[{"href":"https:\/\/www.europesays.com\/es\/wp-json\/wp\/v2\/types\/post"}],"author":[{"embeddable":true,"href":"https:\/\/www.europesays.com\/es\/wp-json\/wp\/v2\/users\/2"}],"replies":[{"embeddable":true,"href":"https:\/\/www.europesays.com\/es\/wp-json\/wp\/v2\/comments?post=305413"}],"version-history":[{"count":0,"href":"https:\/\/www.europesays.com\/es\/wp-json\/wp\/v2\/posts\/305413\/revisions"}],"wp:featuredmedia":[{"embeddable":true,"href":"https:\/\/www.europesays.com\/es\/wp-json\/wp\/v2\/media\/305414"}],"wp:attachment":[{"href":"https:\/\/www.europesays.com\/es\/wp-json\/wp\/v2\/media?parent=305413"}],"wp:term":[{"taxonomy":"category","embeddable":true,"href":"https:\/\/www.europesays.com\/es\/wp-json\/wp\/v2\/categories?post=305413"},{"taxonomy":"post_tag","embeddable":true,"href":"https:\/\/www.europesays.com\/es\/wp-json\/wp\/v2\/tags?post=305413"}],"curies":[{"name":"wp","href":"https:\/\/api.w.org\/{rel}","templated":true}]}}