{"id":305415,"date":"2025-12-24T20:04:25","date_gmt":"2025-12-24T20:04:25","guid":{"rendered":"https:\/\/www.europesays.com\/es\/305415\/"},"modified":"2025-12-24T20:04:25","modified_gmt":"2025-12-24T20:04:25","slug":"metro-de-madrid-logra-la-certificacion-nacional-en-ciberseguridad-de-sus-sistemas-digitales","status":"publish","type":"post","link":"https:\/\/www.europesays.com\/es\/305415\/","title":{"rendered":"Metro de Madrid logra la certificaci\u00f3n nacional en ciberseguridad de sus sistemas digitales"},"content":{"rendered":"<p>La obtenci\u00f3n de este certificado para la Comunidad de Madrid constata el esfuerzo realizado por la compa\u00f1\u00eda en los \u00faltimos a\u00f1os para garantizar la seguridad de sus datos y de los servicios digitales, tanto internos como los destinados a los ciudadanos. Asimismo, confirma que se cumplen todas las condiciones necesarias para un uso fiable de los medios electr\u00f3nicos en el \u00e1mbito de la administraci\u00f3n p\u00fablica.<\/p>\n<p>Las actuaciones desarrolladas para alcanzar este reconocimiento tienen como objetivo principal asegurar el acceso controlado, la confidencialidad, la integridad, la trazabilidad, la autenticidad, la disponibilidad y la conservaci\u00f3n de los datos, la informaci\u00f3n y los recursos utilizados en los procesos de negocio. En l\u00ednea con el Marco Com\u00fan de Ciberseguridad, elaborado en colaboraci\u00f3n con los organismos p\u00fablicos de la Comunidad de Madrid, estas medidas refuerzan un enfoque homog\u00e9neo de seguridad de la informaci\u00f3n y de los entornos digitales a nivel nacional.<\/p>\n<p>Metro es una empresa p\u00fablica que da servicio a 303 estaciones y casi 300 kil\u00f3metros de red, por la que se mueven m\u00e1s de 2,5 millones de viajeros diariamente, y que trabaja para garantizar el funcionamiento seguro de esta infraestructura clave para la movilidad de la regi\u00f3n.<\/p>\n<p><strong>Nuevo Centro de Procesamiento de Datos<\/strong><strong> <\/strong><\/p>\n<p>Tambi\u00e9n en esta l\u00ednea, Metro de Madrid ha puesto en funcionamiento un nuevo Centro de Procesamiento de Datos (CPD), concebido para centraliza la infraestructura tecnol\u00f3gica y concentrar en un \u00fanico espacio la informaci\u00f3n generada en el suburbano madrile\u00f1o. Esta dotaci\u00f3n, equipada con el m\u00e1ximo nivel de disponibilidad, permite resolver la anterior dispersi\u00f3n geogr\u00e1fica y facilita un acceso m\u00e1s eficiente y centralizado, lo que mejora la gesti\u00f3n de la ciberseguridad y optimiza los recursos.<\/p>\n<p>El CPD cuenta con m\u00e1s de 8.000 metros cuadrados de superficie, capacidad para albergar hasta 150 armarios t\u00e9cnicos (racks), salas de operadores y de crisis, adem\u00e1s de dep\u00f3sitos de agua enfriada para refrigeraci\u00f3n de las salas TIC y para los sistemas de protecci\u00f3n contra incendios. Todos los elementos el\u00e9ctricos y de seguridad est\u00e1n completamente redundadas, lo que garantiza un funcionamiento continuo y sin interrupciones.<\/p>\n<p>Este centro constituye uno de los pilares de la transformaci\u00f3n digital en la que se encuentra inmersa la compa\u00f1\u00eda, junto a otros proyectos actualmente en desarrollo, como la estaci\u00f3n 4.0 o el tren digital. Operativo desde 2024, aloja servicios estrat\u00e9gicos como los telemandos centralizados de instalaciones ferroviarias, las infraestructuras de soporte del Centro de Operaci\u00f3n, Mantenimiento y Monitorizaci\u00f3n de Instalaciones y Telecomunicaciones (COMMIT) y los sistemas de seguridad, entre otros. Asimismo, ha sido dise\u00f1ado para dar respuesta a las futuras necesidades de crecimiento de Metro de Madrid.<\/p>\n","protected":false},"excerpt":{"rendered":"La obtenci\u00f3n de este certificado para la Comunidad de Madrid constata el esfuerzo realizado por la compa\u00f1\u00eda en&hellip;\n","protected":false},"author":2,"featured_media":305416,"comment_status":"","ping_status":"","sticky":false,"template":"","format":"standard","meta":{"footnotes":""},"categories":[8],"tags":[17,18,25,24,13,14,11,19,20,9,10,15,16,23,12,21,22],"class_list":{"0":"post-305415","1":"post","2":"type-post","3":"status-publish","4":"format-standard","5":"has-post-thumbnail","7":"category-espana","8":"tag-breaking-news","9":"tag-breakingnews","10":"tag-es","11":"tag-espana","12":"tag-featured-news","13":"tag-featurednews","14":"tag-headlines","15":"tag-latest-news","16":"tag-latestnews","17":"tag-news","18":"tag-noticias","19":"tag-noticias-destacadas","20":"tag-noticiasdestacadas","21":"tag-spain","22":"tag-titulares","23":"tag-ultimas-noticias","24":"tag-ultimasnoticias"},"share_on_mastodon":{"url":"https:\/\/pubeurope.com\/@es\/115776340982799374","error":""},"_links":{"self":[{"href":"https:\/\/www.europesays.com\/es\/wp-json\/wp\/v2\/posts\/305415","targetHints":{"allow":["GET"]}}],"collection":[{"href":"https:\/\/www.europesays.com\/es\/wp-json\/wp\/v2\/posts"}],"about":[{"href":"https:\/\/www.europesays.com\/es\/wp-json\/wp\/v2\/types\/post"}],"author":[{"embeddable":true,"href":"https:\/\/www.europesays.com\/es\/wp-json\/wp\/v2\/users\/2"}],"replies":[{"embeddable":true,"href":"https:\/\/www.europesays.com\/es\/wp-json\/wp\/v2\/comments?post=305415"}],"version-history":[{"count":0,"href":"https:\/\/www.europesays.com\/es\/wp-json\/wp\/v2\/posts\/305415\/revisions"}],"wp:featuredmedia":[{"embeddable":true,"href":"https:\/\/www.europesays.com\/es\/wp-json\/wp\/v2\/media\/305416"}],"wp:attachment":[{"href":"https:\/\/www.europesays.com\/es\/wp-json\/wp\/v2\/media?parent=305415"}],"wp:term":[{"taxonomy":"category","embeddable":true,"href":"https:\/\/www.europesays.com\/es\/wp-json\/wp\/v2\/categories?post=305415"},{"taxonomy":"post_tag","embeddable":true,"href":"https:\/\/www.europesays.com\/es\/wp-json\/wp\/v2\/tags?post=305415"}],"curies":[{"name":"wp","href":"https:\/\/api.w.org\/{rel}","templated":true}]}}