{"id":305417,"date":"2025-12-24T20:05:11","date_gmt":"2025-12-24T20:05:11","guid":{"rendered":"https:\/\/www.europesays.com\/es\/305417\/"},"modified":"2025-12-24T20:05:11","modified_gmt":"2025-12-24T20:05:11","slug":"el-madrid-va-un-paso-mas-alla-en-el-caso-negreira-y-pide-acceso-total-a-las-auditorias-del-barcelona","status":"publish","type":"post","link":"https:\/\/www.europesays.com\/es\/305417\/","title":{"rendered":"El Madrid va un paso m\u00e1s all\u00e1 en el &#8216;Caso Negreira&#8217; y pide acceso total a las auditorias del Barcelona"},"content":{"rendered":"<p data-gtm-element-container=\"modulo-texto-link\" class=\"paragraph\">Nuevo cap\u00edtulo en la guerra entre <strong>Real Madrid <\/strong>y <strong>Barcelona<\/strong> por el &#8216;Caso Negreira&#8217;. En este caso, quien lo ha destapado ha sido el ex colegiado personado en la causa como acusaci\u00f3n popular que ha informado a trav\u00e9s de su cuenta de &#8216;X&#8217; que el equipo blanco\u00a0ha solicitado al juez instructor del caso acceso completo a la documentaci\u00f3n econ\u00f3mica relacionada con los pagos efectuados por el <strong>FC Barcelona<\/strong> durante m\u00e1s de una d\u00e9cada.<\/p>\n<p>    M\u00e1s sobre el Real Madrid<\/p>\n<p data-gtm-element-container=\"modulo-texto-link\" class=\"paragraph\">En ese escrito, lo que piden los merengues al juez es poder examinar todas las auditor\u00edas e informes de \u2018due diligence\u2019 y \u2018forensic\u2019 realizados por consultoras externas como <strong>KPMG, PwC, Deloitte o Kroll <\/strong>sobre la gesti\u00f3n econ\u00f3mica del club azulgrana entre 2010 y 2021, siempre que tengan relaci\u00f3n con estos hechos.\u00a0<\/p>\n<blockquote class=\"twitter-tweet\" data-lang=\"es\"><p>\n<a href=\"https:\/\/twitter.com\/XavierEstradaF1\/status\/2003792259007820158?s=20\" rel=\"nofollow noopener\" target=\"_blank\">\n<\/p><\/blockquote>\n<p data-gtm-element-container=\"modulo-texto-link\" class=\"paragraph\">Pero no solo eso, el club blanco solicita tener acceso a los m\u00e1s de 600 documentos puestos en conocimiento al juez por el <strong>FC Barcelona<\/strong>\u00a0en julio de 2023, as\u00ed como saber de primera mano la investigaci\u00f3n interna encargada por el propio club en la que se incluyen informes, entrevistas realizadas y comprobaciones efectuadas.<\/p>\n<p data-gtm-element-container=\"modulo-texto-link\" class=\"paragraph\">El objetivo del Real Madrid con este nuevo paso en su estrategia es conocer al detalle qu\u00e9 tipo de pagos efectu\u00f3 el FC Barcelona durante la \u00e9poca en cuesti\u00f3n, a qu\u00e9 empresas estaban dirigidas esos pagos y, si ten\u00edan relaci\u00f3n <strong>Enr\u00edquez<\/strong> <strong>Negreira<\/strong>, por qu\u00e9 se hac\u00edan esos pagos.\u00a0<\/p>\n<p data-gtm-element-container=\"modulo-texto-link\" class=\"paragraph\">As\u00ed las cosas, ahora le toca al juez aceptar o no esta petici\u00f3n del <strong>Real<\/strong> <strong>Madrid<\/strong> que, de un tiempo a esta parte, ha incrementado su intensidad en el caso tratando de llegar hasta el final en este asunto.<\/p>\n<p><script async src=\"https:\/\/platform.twitter.com\/widgets.js\" charset=\"utf-8\"><\/script><\/p>\n","protected":false},"excerpt":{"rendered":"Nuevo cap\u00edtulo en la guerra entre Real Madrid y Barcelona por el &#8216;Caso Negreira&#8217;. En este caso, quien&hellip;\n","protected":false},"author":2,"featured_media":305418,"comment_status":"","ping_status":"","sticky":false,"template":"","format":"standard","meta":{"footnotes":""},"categories":[5],"tags":[17,18,25,24,13,14,11,19,20,9,10,15,16,23,12,21,22],"class_list":{"0":"post-305417","1":"post","2":"type-post","3":"status-publish","4":"format-standard","5":"has-post-thumbnail","7":"category-titulares","8":"tag-breaking-news","9":"tag-breakingnews","10":"tag-es","11":"tag-espana","12":"tag-featured-news","13":"tag-featurednews","14":"tag-headlines","15":"tag-latest-news","16":"tag-latestnews","17":"tag-news","18":"tag-noticias","19":"tag-noticias-destacadas","20":"tag-noticiasdestacadas","21":"tag-spain","22":"tag-titulares","23":"tag-ultimas-noticias","24":"tag-ultimasnoticias"},"share_on_mastodon":{"url":"https:\/\/pubeurope.com\/@es\/115776344777263759","error":""},"_links":{"self":[{"href":"https:\/\/www.europesays.com\/es\/wp-json\/wp\/v2\/posts\/305417","targetHints":{"allow":["GET"]}}],"collection":[{"href":"https:\/\/www.europesays.com\/es\/wp-json\/wp\/v2\/posts"}],"about":[{"href":"https:\/\/www.europesays.com\/es\/wp-json\/wp\/v2\/types\/post"}],"author":[{"embeddable":true,"href":"https:\/\/www.europesays.com\/es\/wp-json\/wp\/v2\/users\/2"}],"replies":[{"embeddable":true,"href":"https:\/\/www.europesays.com\/es\/wp-json\/wp\/v2\/comments?post=305417"}],"version-history":[{"count":0,"href":"https:\/\/www.europesays.com\/es\/wp-json\/wp\/v2\/posts\/305417\/revisions"}],"wp:featuredmedia":[{"embeddable":true,"href":"https:\/\/www.europesays.com\/es\/wp-json\/wp\/v2\/media\/305418"}],"wp:attachment":[{"href":"https:\/\/www.europesays.com\/es\/wp-json\/wp\/v2\/media?parent=305417"}],"wp:term":[{"taxonomy":"category","embeddable":true,"href":"https:\/\/www.europesays.com\/es\/wp-json\/wp\/v2\/categories?post=305417"},{"taxonomy":"post_tag","embeddable":true,"href":"https:\/\/www.europesays.com\/es\/wp-json\/wp\/v2\/tags?post=305417"}],"curies":[{"name":"wp","href":"https:\/\/api.w.org\/{rel}","templated":true}]}}