{"id":305427,"date":"2025-12-24T20:19:20","date_gmt":"2025-12-24T20:19:20","guid":{"rendered":"https:\/\/www.europesays.com\/es\/305427\/"},"modified":"2025-12-24T20:19:20","modified_gmt":"2025-12-24T20:19:20","slug":"la-promesa-avance-del-capitulo-del-viernes-26-de-diciembre-martina-sigue-evitando-a-adriano-el-mundo","status":"publish","type":"post","link":"https:\/\/www.europesays.com\/es\/305427\/","title":{"rendered":"&#039;La Promesa&#039;, avance del cap\u00edtulo del viernes 26 de diciembre: Martina sigue evitando a Adriano &#8211; El Mundo"},"content":{"rendered":"<ol>\n<li><a href=\"https:\/\/news.google.com\/rss\/articles\/CBMiiAFBVV95cUxPdzdMUk5rcUNIaFFxYXFjNEFZOVRiNFpKRE9Wdi1wNGtxMjhvVWtQX3k5ajdGeTR0RkhtSC1ucWF0eE9mZkFZdktTSldrb0RlOGV6QnZTYWZYZFNGdTdkaExfRW5vVjE4bFdKUlBLUHViY18wM05PTE44d1lrLXRLRWdXdXNMVDZU0gGIAUFVX3lxTE9lZlp5c2UyRWcyYU9DY0V3QkxqNmpHU3hycUFza1VFVmFuNXFLQklPSHp5T3ZXSEpDNnFScHpnVk80XzIwY2Y4eXplelV3NjhLdnJZZEtpVXpEM3ZQVkVaSTViMEVLYl95UVNjakNBR3ZDV1F2emJIUVlqdy1BVU1UTlRsZXUwZ2s?oc=5\" target=\"_blank\" rel=\"nofollow noopener\">&#8216;La Promesa&#8217;, avance del cap\u00edtulo del viernes 26 de diciembre: Martina sigue evitando a Adriano<\/a>&nbsp;&nbsp;El Mundo<\/li>\n<li><a href=\"https:\/\/news.google.com\/rss\/articles\/CBMi5AFBVV95cUxNS2lQR2ljTHNseUhvTmZkVmtzUTNmbWlNb3Y3TTBYT1JMQk1UY1J4OFg4Y1Frbk5qLTNjcWVYSGJCU215RXB4aHZLMXVkWTI5S3pYYlBvZWhJekRZZkpQMWlPc3RLRWx5TFI4SWVmdWlSRmt5VnAwZU1PdjJJRF9LTUt5QXQ5RDdIb01TbzloOUIzaXhCU2NVYWVoaG9EMGM0Qko4SkExM0ZKTWM0UVo1QW1VeFhJcGRJVlZMVy1CN29RZTU0WG1XbGFXNmsteG10bmpNaEJjelJyamFsQkFnckRFdTXSAfgBQVVfeXFMTVpNb3hXRTdUMjNBbTZuVnZyRDE1aUItay1oRHVadkh1TFRQdW83NnI3cnd0UEgwc2M0aW9QTkppdlBsemRLNmhWNlZybUVKS3JBMHNoak0tYnBCRlFuYWs1UWxtWDREZ3ViaGZ2RlBhemdlQnY5T2dOdGRNVVQ2UUF1VkNzLV9WSGNhVUxlS3FaSWxYX1g0Nno5eURnMlRsakdTQ3JDYTVJdnhqWGdZQlIwNHhQVmdTNm44WFo0LTA4VXhVOGhzU0dzZ0J2LWM1T1JUd1NIbmRkbmFGaW03UlZCNERxaUp3MWRFQ1Ywd0x3cXRrT05vcHI?oc=5\" target=\"_blank\" rel=\"nofollow noopener\">Curro se derrumba, Manuel explota y Leocadia paga: todo lo que llega en la temporada 5 de \u00abLa Promesa\u00bb<\/a>&nbsp;&nbsp;La Raz\u00f3n<\/li>\n<li><a href=\"https:\/\/news.google.com\/rss\/articles\/CBMiyAFBVV95cUxNV2lvQjFzTk9wWVMtQjFqblBkeEJhN19QQ1BETVpIWWw0Z1h4RXJvekF6UjB1ckxFMU5qWVFPMFRFTTJ2WXdPRkI5UGpyOXRpZmdJWU9fTVdqelZSSmxzM3NuNjZhMm8xWllsY3I4ZFF5RXlFWmx4SF9HNi04S1UzX2NEeVFFbzhLOFN0TXMxX2dTZmNzS1pwVDJKMnVMV085a3pPQWRBUHJMMHpxa0hmOWlhSW1Qb214R2VLeEVPdExGcWdKVktwcw?oc=5\" target=\"_blank\" rel=\"nofollow noopener\">&#8216;La Promesa&#8217; cerr\u00f3 su temporada 4 con la muerte m\u00e1s tr\u00e1gica que se recuerda y el llanto desconsolado de Curro en RTVE<\/a>&nbsp;&nbsp;elDiario.es<\/li>\n<li><a href=\"https:\/\/news.google.com\/rss\/articles\/CBMiwAFBVV95cUxOeXdSNjVYb0V1TFVnelNVa09iWTRnUjZvQ1ozdlV4UXpfMFU2OUdBQWhDNGp6TEtVVW8wZlF4QWRQSllLY1A1cmNtYnUwMnVubDRzd0FpOExNbFdQNk9lcEVtOXhGZTF6OUNzMTVqVlFoaTYyNmpiZW80Z1V4T0pYT0lhWjVUQm1OMG81ejE5Yi1hbFlsNi1GelBTNk9rZTNZWWx5S0hOU1liZ24tYWJQQ0IxX1p6bUd5cERQSE1sOFfSAcYBQVVfeXFMT3gtbmRxWUZvZ09PRDBQdUdVX1VFaUNIblhUYnRyYm5ZYlQwWTBpcVBOOE5DS3AzM2JwM3NwNW1KVGdhTlRmTWZYYkdDZC1XWDF5WEVMdVNBS3VtR1p3V3FGNVNFQ21LTEpNZUlUdWxBbXJ1dV9XNnI4LWZkQVc2RXhFaGd4cHg3UWpqYUpUZzZjelFaMGJiZWFSLU9lOHBMcWtuV1ZMQTV0UVp1eEp4RldMSWxWRi1ZRXFMMFN5cVoxSmNnemZB?oc=5\" target=\"_blank\" rel=\"nofollow noopener\">Avance del cap\u00edtulo 743 de &#8216;La Promesa&#8217; del viernes, 26 de diciembre: Vera, en lo alto del torre\u00f3n<\/a>&nbsp;&nbsp;El Confidencial<\/li>\n<li><a href=\"https:\/\/news.google.com\/rss\/articles\/CBMiuwJBVV95cUxNQ1pzR1lLc1RMX3pWWUZhc0diQ09uVXJaMDhLYmVUVmJWbS1acXVOdWh3Y1BYYldmdGZwTHZJanpsT0JLVXVQQ1dUQXJTZjYwWFJwb2Y5VWt2SjdyVFRneEUxRU9SdUJybWJwT3VNSnhjY0NieU9qcWYyZDVJWW0zbVkwUnpjTUFrY1g4V3ZVOThpM3d5SVVXbEhEOUU1aHNqNUpJWDAwSkZrMmxlTEQ0OGQzM1pITGtDQ1lCelVNX09NQU55Y0oydndMZDZKY0JTWGJiWE9GMVJpalFzLXlsUmd5Z1R5XzVDNWFHbFVRYlJ0YUlpOXR0alM0bkVvYm1XUnpVU1ZUcXI0OWYxTXNRSGFLdDdWZjROQ2h0bjZuTktlYXFOamx3LU03emRwcjFXZUpDVXItRkFfSWs?oc=5\" target=\"_blank\" rel=\"nofollow noopener\">Arturo Garc\u00eda Sancho y Xavi Lock, los galanes de &#8216;La Promesa&#8217;: \u00abNo s\u00e9 si Manuel est\u00e1 preparado para un nuevo amor\u2026 Puede que veamos algo esta nueva temporada\u00bb<\/a>&nbsp;&nbsp;El Independiente<\/li>\n<\/ol>\n","protected":false},"excerpt":{"rendered":"&#8216;La Promesa&#8217;, avance del cap\u00edtulo del viernes 26 de diciembre: Martina sigue evitando a Adriano&nbsp;&nbsp;El Mundo Curro se&hellip;\n","protected":false},"author":2,"featured_media":305428,"comment_status":"","ping_status":"","sticky":false,"template":"","format":"standard","meta":{"footnotes":""},"categories":[171],"tags":[11030,146,147,25,24,11031,805,23,807,11029,6761,214],"class_list":{"0":"post-305427","1":"post","2":"type-post","3":"status-publish","4":"format-standard","5":"has-post-thumbnail","7":"category-tv","8":"tag-cineseries","9":"tag-entertainment","10":"tag-entretenimiento","11":"tag-es","12":"tag-espana","13":"tag-la-promesa","14":"tag-series","15":"tag-spain","16":"tag-television","17":"tag-television-series","18":"tag-tresb","19":"tag-tv"},"share_on_mastodon":{"url":"https:\/\/pubeurope.com\/@es\/115776399801363047","error":""},"_links":{"self":[{"href":"https:\/\/www.europesays.com\/es\/wp-json\/wp\/v2\/posts\/305427","targetHints":{"allow":["GET"]}}],"collection":[{"href":"https:\/\/www.europesays.com\/es\/wp-json\/wp\/v2\/posts"}],"about":[{"href":"https:\/\/www.europesays.com\/es\/wp-json\/wp\/v2\/types\/post"}],"author":[{"embeddable":true,"href":"https:\/\/www.europesays.com\/es\/wp-json\/wp\/v2\/users\/2"}],"replies":[{"embeddable":true,"href":"https:\/\/www.europesays.com\/es\/wp-json\/wp\/v2\/comments?post=305427"}],"version-history":[{"count":0,"href":"https:\/\/www.europesays.com\/es\/wp-json\/wp\/v2\/posts\/305427\/revisions"}],"wp:featuredmedia":[{"embeddable":true,"href":"https:\/\/www.europesays.com\/es\/wp-json\/wp\/v2\/media\/305428"}],"wp:attachment":[{"href":"https:\/\/www.europesays.com\/es\/wp-json\/wp\/v2\/media?parent=305427"}],"wp:term":[{"taxonomy":"category","embeddable":true,"href":"https:\/\/www.europesays.com\/es\/wp-json\/wp\/v2\/categories?post=305427"},{"taxonomy":"post_tag","embeddable":true,"href":"https:\/\/www.europesays.com\/es\/wp-json\/wp\/v2\/tags?post=305427"}],"curies":[{"name":"wp","href":"https:\/\/api.w.org\/{rel}","templated":true}]}}